{"id":6451,"date":"2026-02-03T12:20:16","date_gmt":"2026-02-03T15:20:16","guid":{"rendered":"https:\/\/elpueblonoticia.com.ar\/web\/?p=6451"},"modified":"2026-02-03T12:20:16","modified_gmt":"2026-02-03T15:20:16","slug":"goya-recordo-el-bautismo-de-fuego-de-los-granaderos-y-honro-al-heroe-correntino-juan-bautista-cabral","status":"publish","type":"post","link":"https:\/\/elpueblonoticia.com.ar\/web\/2026\/02\/03\/goya-recordo-el-bautismo-de-fuego-de-los-granaderos-y-honro-al-heroe-correntino-juan-bautista-cabral\/","title":{"rendered":"GOYA RECORD\u00d3 EL BAUTISMO DE FUEGO DE LOS GRANADEROS Y HONR\u00d3 AL H\u00c9ROE CORRENTINO JUAN BAUTISTA CABRAL"},"content":{"rendered":"<p><img loading=\"lazy\" decoding=\"async\" class=\"alignnone size-medium wp-image-6453\" src=\"https:\/\/elpueblonoticia.com.ar\/web\/wp-content\/uploads\/2026\/02\/ACTO-SAN-LORENZO-4-300x200.jpeg\" alt=\"\" width=\"300\" height=\"200\" srcset=\"https:\/\/elpueblonoticia.com.ar\/web\/wp-content\/uploads\/2026\/02\/ACTO-SAN-LORENZO-4-300x200.jpeg 300w, https:\/\/elpueblonoticia.com.ar\/web\/wp-content\/uploads\/2026\/02\/ACTO-SAN-LORENZO-4-1024x682.jpeg 1024w, https:\/\/elpueblonoticia.com.ar\/web\/wp-content\/uploads\/2026\/02\/ACTO-SAN-LORENZO-4-768x512.jpeg 768w, https:\/\/elpueblonoticia.com.ar\/web\/wp-content\/uploads\/2026\/02\/ACTO-SAN-LORENZO-4-1536x1023.jpeg 1536w, https:\/\/elpueblonoticia.com.ar\/web\/wp-content\/uploads\/2026\/02\/ACTO-SAN-LORENZO-4-630x420.jpeg 630w, https:\/\/elpueblonoticia.com.ar\/web\/wp-content\/uploads\/2026\/02\/ACTO-SAN-LORENZO-4-696x464.jpeg 696w, https:\/\/elpueblonoticia.com.ar\/web\/wp-content\/uploads\/2026\/02\/ACTO-SAN-LORENZO-4-1068x712.jpeg 1068w, https:\/\/elpueblonoticia.com.ar\/web\/wp-content\/uploads\/2026\/02\/ACTO-SAN-LORENZO-4.jpeg 1600w\" sizes=\"auto, (max-width: 300px) 100vw, 300px\" \/> <img loading=\"lazy\" decoding=\"async\" class=\"alignnone size-medium wp-image-6454\" src=\"https:\/\/elpueblonoticia.com.ar\/web\/wp-content\/uploads\/2026\/02\/ACTO-SAN-LORENZO-1-300x200.jpeg\" alt=\"\" width=\"300\" height=\"200\" srcset=\"https:\/\/elpueblonoticia.com.ar\/web\/wp-content\/uploads\/2026\/02\/ACTO-SAN-LORENZO-1-300x200.jpeg 300w, https:\/\/elpueblonoticia.com.ar\/web\/wp-content\/uploads\/2026\/02\/ACTO-SAN-LORENZO-1-1024x682.jpeg 1024w, https:\/\/elpueblonoticia.com.ar\/web\/wp-content\/uploads\/2026\/02\/ACTO-SAN-LORENZO-1-768x512.jpeg 768w, https:\/\/elpueblonoticia.com.ar\/web\/wp-content\/uploads\/2026\/02\/ACTO-SAN-LORENZO-1-1536x1023.jpeg 1536w, https:\/\/elpueblonoticia.com.ar\/web\/wp-content\/uploads\/2026\/02\/ACTO-SAN-LORENZO-1-630x420.jpeg 630w, https:\/\/elpueblonoticia.com.ar\/web\/wp-content\/uploads\/2026\/02\/ACTO-SAN-LORENZO-1-696x464.jpeg 696w, https:\/\/elpueblonoticia.com.ar\/web\/wp-content\/uploads\/2026\/02\/ACTO-SAN-LORENZO-1-1068x712.jpeg 1068w, https:\/\/elpueblonoticia.com.ar\/web\/wp-content\/uploads\/2026\/02\/ACTO-SAN-LORENZO-1.jpeg 1600w\" sizes=\"auto, (max-width: 300px) 100vw, 300px\" \/> <img loading=\"lazy\" decoding=\"async\" class=\"alignnone size-medium wp-image-6455\" src=\"https:\/\/elpueblonoticia.com.ar\/web\/wp-content\/uploads\/2026\/02\/ACTO-SAN-LORENZO-2-300x200.jpeg\" alt=\"\" width=\"300\" height=\"200\" srcset=\"https:\/\/elpueblonoticia.com.ar\/web\/wp-content\/uploads\/2026\/02\/ACTO-SAN-LORENZO-2-300x200.jpeg 300w, https:\/\/elpueblonoticia.com.ar\/web\/wp-content\/uploads\/2026\/02\/ACTO-SAN-LORENZO-2-1024x682.jpeg 1024w, https:\/\/elpueblonoticia.com.ar\/web\/wp-content\/uploads\/2026\/02\/ACTO-SAN-LORENZO-2-768x512.jpeg 768w, https:\/\/elpueblonoticia.com.ar\/web\/wp-content\/uploads\/2026\/02\/ACTO-SAN-LORENZO-2-1536x1023.jpeg 1536w, https:\/\/elpueblonoticia.com.ar\/web\/wp-content\/uploads\/2026\/02\/ACTO-SAN-LORENZO-2-630x420.jpeg 630w, https:\/\/elpueblonoticia.com.ar\/web\/wp-content\/uploads\/2026\/02\/ACTO-SAN-LORENZO-2-696x464.jpeg 696w, https:\/\/elpueblonoticia.com.ar\/web\/wp-content\/uploads\/2026\/02\/ACTO-SAN-LORENZO-2-1068x712.jpeg 1068w, https:\/\/elpueblonoticia.com.ar\/web\/wp-content\/uploads\/2026\/02\/ACTO-SAN-LORENZO-2.jpeg 1600w\" sizes=\"auto, (max-width: 300px) 100vw, 300px\" \/><\/p>\n<p>213\u00b0 Aniversario del Combate de San Lorenzo<\/p>\n<p class=\"x_MsoNormal\"><span lang=\"ES\" data-olk-copy-source=\"MessageBody\">En la Plazoleta que perpet\u00faa la memoria del Sargento Juan Bautista Cabral, ubicada en el barrio que lleva su nombre en la zona norte de la ciudad, se llev\u00f3 a cabo en la ma\u00f1ana de este martes 3 de febrero de 2026 el acto conmemorativo por el 213\u00b0 Aniversario del Combate de San Lorenzo, primer enfrentamiento militar del Regimiento de Granaderos a Caballo y bautismo de fuego de la fuerza creada por el General Jos\u00e9 de San Mart\u00edn.<\/span><\/p>\n<p class=\"x_MsoNormal\"><span lang=\"ES\">\u00a0<\/span><\/p>\n<p class=\"x_MsoNormal\"><span lang=\"ES\">El acto presidido por el Viceintendente Sebasti\u00e1n Mazzaro; la presidente de la Asociaci\u00f3n Cultural Sanmartiniana Goya, Virginia Coria; el Jefe del Batall\u00f3n de Ingenieros de Monte 12, Teniente Coronel Sergio Ortiz;<\/span><span lang=\"ES\">\u00a0<\/span><span lang=\"ES\">la presidente del Barrio Sargento Cabral, Silvia Fern\u00e1ndez; el Jefe de la Prefectura Goya, Prefecto Marcelo Sebasti\u00e1n Regondi; la titular de la Comisar\u00eda 2\u00aa de la Polic\u00eda de la Provincia, Comisario Inspector Carmen Errecalte; los Secretarios de Gobierno, Pablo Fern\u00e1ndez, y de Educaci\u00f3n, Sonia Espina; la Vicepresidente 2\u00aa del Honorable Concejo Deliberante, Concejal Viv\u00edan Merlo; la presidente de la Asociaci\u00f3n Belgraniana, Marisa Laura B\u00e1ez; adem\u00e1s de presidentes barriales, concejales, funcionarios municipales e integrantes de las asociaciones culturales y civiles Sanmartiniana y Belgraniana.<\/span><\/p>\n<p class=\"x_MsoNormal\"><span lang=\"ES\">\u00a0<\/span><\/p>\n<p class=\"x_MsoNormal\"><span lang=\"ES\">IZAMIENTO DEL PABELL\u00d3N NACIONAL<\/span><\/p>\n<p class=\"x_MsoNormal\"><span lang=\"ES\">\u00a0<\/span><\/p>\n<p class=\"x_MsoNormal\"><span lang=\"ES\">La ceremonia dio inicio con el izamiento de la Bandera Nacional, a cargo del Viceintendente Sebasti\u00e1n Mazzaro, la presidente del Barrio Sargento Cabral, Silvia Fern\u00e1ndez; el Teniente Coronel Sergio Ortiz y la presidente de la Asociaci\u00f3n Cultural Sanmartiniana Virginia Coria, en un marco de profundo respeto y recogimiento.<\/span><\/p>\n<p class=\"x_MsoNormal\"><span lang=\"ES\">\u00a0<\/span><\/p>\n<p class=\"x_MsoNormal\"><span lang=\"ES\">HIMNO NACIONAL ARGENTINO<\/span><\/p>\n<p class=\"x_MsoNormal\"><span lang=\"ES\">\u00a0<\/span><\/p>\n<p class=\"x_MsoNormal\"><span lang=\"ES\">Seguidamente, unidos por el mismo sentimiento de soberan\u00eda y pertenencia, los presentes entonaron las estrofas del Himno Nacional Argentino.<\/span><\/p>\n<p class=\"x_MsoNormal\"><span lang=\"ES\">\u00a0<\/span><\/p>\n<p class=\"x_MsoNormal\"><span lang=\"ES\">PALABRAS ALUSIVAS DEL ASOCIADO OSVALDO GEMINIANI<\/span><\/p>\n<p class=\"x_MsoNormal\"><span lang=\"ES\">\u00a0<\/span><\/p>\n<p class=\"x_MsoNormal\"><span lang=\"ES\">El momento central del acto estuvo a cargo del asociado Osvaldo Geminiani, quien ofreci\u00f3 una profunda y emotiva rese\u00f1a hist\u00f3rica: \u201cEn la ma\u00f1ana del 3 de febrero de 1813, a orillas del r\u00edo Paran\u00e1, la historia argentina comenz\u00f3 a forjarse con hechos y no solo con palabras. El Combate de San Lorenzo marc\u00f3 el bautismo de fuego del Regimiento de Granaderos a Caballo y el primer triunfo militar del coronel Jos\u00e9 de San Mart\u00edn en suelo americano. Con una estrategia precisa y una disciplina ejemplar, los granaderos enfrentaron y derrotaron a las fuerzas realistas, demostrando que la libertad de estas tierras no era un ideal lejano, sino una causa concreta por la que val\u00eda la pena luchar\u201d.<\/span><\/p>\n<p class=\"x_MsoNormal\"><span lang=\"ES\">\u201cEl Regimiento de Granaderos a Caballo naci\u00f3 de la diversidad: hombres de distintos or\u00edgenes, provincias y realidades sociales, unidos no por la casualidad, sino por la convicci\u00f3n profunda de servir a la patria naciente. Bajo el mando de San Mart\u00edn, esa diversidad se transform\u00f3 en unidad, en disciplina y en esp\u00edritu de sacrificio. Cada granadero comprend\u00eda que su fuerza individual cobraba verdadero sentido al ponerse al servicio del bien com\u00fan, demostrando que la uni\u00f3n en torno a una causa justa es el cimiento sobre el cual se construye una Naci\u00f3n\u201d.<\/span><\/p>\n<p class=\"x_MsoNormal\"><span lang=\"ES\">\u201cEn el fragor del combate, San Mart\u00edn cay\u00f3 aprisionado bajo su caballo, lo que puso su vida en peligro en el momento m\u00e1s cr\u00edtico de la contienda. Fue entonces cuando emergi\u00f3 el gesto inmortal de un correntino como nosotros, nacido en la localidad de Saladas, \u00e9l fue el Sargento Juan Bautista Cabral. Tal como lo consagra la Marcha San Lorenzo \u201cy all\u00ed salv\u00f3 su arrojo la libertad naciente de medio continente\u201d, Cabral entreg\u00f3 su vida para rescatar a su jefe y asegur\u00f3 no solo la continuidad del combate, sino el destino de una gesta que trascender\u00eda fronteras. Ese sacrificio supremo constituye un merecido honor a su nombre y un ejemplo eterno de lealtad, valent\u00eda y amor por la patria\u201d.<\/span><\/p>\n<p class=\"x_MsoNormal\"><span lang=\"ES\">\u201cEl Combate de San Lorenzo fue breve en el tiempo, pero inmenso en su significado hist\u00f3rico. All\u00ed se consolid\u00f3 el liderazgo de San Mart\u00edn, se afirm\u00f3 la val\u00eda de sus granaderos y se sembr\u00f3 la confianza necesaria para continuar el camino hacia la independencia. Aquella victoria, peque\u00f1a en n\u00famero, fue grande en consecuencias, y su eco a\u00fan resuena en la memoria colectiva del pueblo argentino\u201d.<\/span><\/p>\n<p class=\"x_MsoNormal\"><span lang=\"ES\">\u201cHoy, al recordarlos en este acto, no solo rendimos homenaje a quienes combatieron aquel d\u00eda, sino que reafirmamos los valores que nos legaron: la unidad en la diversidad, el compromiso con el bien com\u00fan y la valent\u00eda puesta al servicio de la libertad. Que el ejemplo de San Mart\u00edn, de Cabral y de los Granaderos a Caballo siga iluminando el presente y guiando el futuro de nuestra Naci\u00f3n\u201d.<\/span><\/p>\n<p class=\"x_MsoNormal\"><span lang=\"ES\">\u201cGloria y Honor a los H\u00e9roes de San Lorenzo\u201d.<\/span><\/p>\n<p class=\"x_MsoNormal\"><span lang=\"ES\">MINUTO DE SILENCIO<\/span><\/p>\n<p class=\"x_MsoNormal\"><span lang=\"ES\">En este nuevo aniversario del Combate de San Lorenzo, se realiz\u00f3 un minuto de silencio en homenaje a los h\u00e9roes que defendieron con coraje el suelo patrio y por el legado de libertad que hoy disfruta el pueblo argentino. El momento estuvo acompa\u00f1ado por la ejecuci\u00f3n de trompeta a cargo del M\u00fasico Sargento 1\u00ba Antonio Alegre, aportando solemnidad y emoci\u00f3n al tributo.<\/span><\/p>\n<p class=\"x_MsoNormal\"><span lang=\"ES\">MARCHA SAN LORENZO<\/span><\/p>\n<p class=\"x_MsoNormal\"><span lang=\"ES\">Para concluir el acto conmemorativo, los presentes entonaron la Marcha San Lorenzo, cerrando de esta manera una sentida jornada de memoria y reconocimiento. As\u00ed, en la Plazoleta que perpet\u00faa su recuerdo, Goya rindi\u00f3 un merecido homenaje al Sargento Juan Bautista Cabral, reafirmando el compromiso de mantener viva la historia y los valores que forjaron la Naci\u00f3n.<\/span><\/p>\n","protected":false},"excerpt":{"rendered":"<p>213\u00b0 Aniversario del Combate de San Lorenzo En la Plazoleta que perpet\u00faa la memoria del Sargento Juan Bautista Cabral, ubicada en el barrio que lleva su nombre en la zona norte de la ciudad, se llev\u00f3 a cabo en la ma\u00f1ana de este martes 3 de febrero de 2026 el acto conmemorativo por el 213\u00b0 [&hellip;]<\/p>\n","protected":false},"author":2,"featured_media":6452,"comment_status":"open","ping_status":"open","sticky":false,"template":"","format":"standard","meta":{"footnotes":""},"categories":[56],"tags":[],"class_list":{"0":"post-6451","1":"post","2":"type-post","3":"status-publish","4":"format-standard","5":"has-post-thumbnail","7":"category-locales"},"_links":{"self":[{"href":"https:\/\/elpueblonoticia.com.ar\/web\/wp-json\/wp\/v2\/posts\/6451","targetHints":{"allow":["GET"]}}],"collection":[{"href":"https:\/\/elpueblonoticia.com.ar\/web\/wp-json\/wp\/v2\/posts"}],"about":[{"href":"https:\/\/elpueblonoticia.com.ar\/web\/wp-json\/wp\/v2\/types\/post"}],"author":[{"embeddable":true,"href":"https:\/\/elpueblonoticia.com.ar\/web\/wp-json\/wp\/v2\/users\/2"}],"replies":[{"embeddable":true,"href":"https:\/\/elpueblonoticia.com.ar\/web\/wp-json\/wp\/v2\/comments?post=6451"}],"version-history":[{"count":1,"href":"https:\/\/elpueblonoticia.com.ar\/web\/wp-json\/wp\/v2\/posts\/6451\/revisions"}],"predecessor-version":[{"id":6456,"href":"https:\/\/elpueblonoticia.com.ar\/web\/wp-json\/wp\/v2\/posts\/6451\/revisions\/6456"}],"wp:featuredmedia":[{"embeddable":true,"href":"https:\/\/elpueblonoticia.com.ar\/web\/wp-json\/wp\/v2\/media\/6452"}],"wp:attachment":[{"href":"https:\/\/elpueblonoticia.com.ar\/web\/wp-json\/wp\/v2\/media?parent=6451"}],"wp:term":[{"taxonomy":"category","embeddable":true,"href":"https:\/\/elpueblonoticia.com.ar\/web\/wp-json\/wp\/v2\/categories?post=6451"},{"taxonomy":"post_tag","embeddable":true,"href":"https:\/\/elpueblonoticia.com.ar\/web\/wp-json\/wp\/v2\/tags?post=6451"}],"curies":[{"name":"wp","href":"https:\/\/api.w.org\/{rel}","templated":true}]}}