{"id":6443,"date":"2026-02-03T11:56:31","date_gmt":"2026-02-03T14:56:31","guid":{"rendered":"https:\/\/elpueblonoticia.com.ar\/web\/?p=6443"},"modified":"2026-02-03T11:56:31","modified_gmt":"2026-02-03T14:56:31","slug":"murio-una-nena-de-11-anos-que-estaba-internada-tras-sufrir-siniestro-vial","status":"publish","type":"post","link":"https:\/\/elpueblonoticia.com.ar\/web\/2026\/02\/03\/murio-una-nena-de-11-anos-que-estaba-internada-tras-sufrir-siniestro-vial\/","title":{"rendered":"Muri\u00f3 una nena de 11 a\u00f1os que estaba internada tras sufrir siniestro vial"},"content":{"rendered":"<p>La menor se encontraba internada en el Hospital Pedi\u00e1trico Juan Pablo II desde el pasado 21 de enero. Es la segunda v\u00edctima fatal del siniestro ocurrido cerca de Lavalle.<\/p>\n<p>La tragedia vial que conmocion\u00f3 a la localidad de Lavalle el pasado mes de enero suma una nueva v\u00edctima. Este lunes, fuentes policiales confirmaron el fallecimiento de una ni\u00f1a de 11 a\u00f1os que se encontraba luchando por su vida en la capital provincial.<\/p>\n<p>\u200bLa menor hab\u00eda sido trasladada de urgencia al Hospital Pedi\u00e1trico Juan Pablo II tras sufrir heridas de gravedad en un impactante siniestro vial sobre la Ruta Provincial 27. Pese a los esfuerzos m\u00e9dicos realizados durante casi dos semanas, su deceso se produjo ayer lunes en horas del mediod\u00eda.<\/p>\n<p>\u200bEl siniestro tuvo lugar el pasado 21 de enero en las cercan\u00edas de Lavalle. El escenario fue ca\u00f3tico: un operativo que involucr\u00f3 a un autom\u00f3vil, tres motocicletas y una bicicleta.<\/p>\n<p>En el momento del impacto una adolescente de 15 a\u00f1os perdi\u00f3 la vida de forma instant\u00e1nea. Adem\u00e1s, siete personas resultaron heridas, entre ellas tres menores de edad.<\/p>\n<p>\u200bLa magnitud del choque oblig\u00f3 a la polic\u00eda local y al personal sanitario a solicitar apoyo urgente de Bomberos Voluntarios de Lavalle y m\u00e9dicos de la ciudad de Santa Luc\u00eda.<\/p>\n<p>Con el fallecimiento de la ni\u00f1a de 11 a\u00f1os, la cifra de v\u00edctimas fatales asciende a dos. La causa contin\u00faa bajo investigaci\u00f3n judicial y, hasta el momento, las autoridades mantienen la car\u00e1tula de &#8220;Homicidio culposo en accidente de tr\u00e1nsito&#8221;.<\/p>\n","protected":false},"excerpt":{"rendered":"<p>La menor se encontraba internada en el Hospital Pedi\u00e1trico Juan Pablo II desde el pasado 21 de enero. Es la segunda v\u00edctima fatal del siniestro ocurrido cerca de Lavalle. La tragedia vial que conmocion\u00f3 a la localidad de Lavalle el pasado mes de enero suma una nueva v\u00edctima. Este lunes, fuentes policiales confirmaron el fallecimiento [&hellip;]<\/p>\n","protected":false},"author":2,"featured_media":6444,"comment_status":"open","ping_status":"open","sticky":false,"template":"","format":"standard","meta":{"footnotes":""},"categories":[68],"tags":[],"class_list":{"0":"post-6443","1":"post","2":"type-post","3":"status-publish","4":"format-standard","5":"has-post-thumbnail","7":"category-policiales-nacionales"},"_links":{"self":[{"href":"https:\/\/elpueblonoticia.com.ar\/web\/wp-json\/wp\/v2\/posts\/6443","targetHints":{"allow":["GET"]}}],"collection":[{"href":"https:\/\/elpueblonoticia.com.ar\/web\/wp-json\/wp\/v2\/posts"}],"about":[{"href":"https:\/\/elpueblonoticia.com.ar\/web\/wp-json\/wp\/v2\/types\/post"}],"author":[{"embeddable":true,"href":"https:\/\/elpueblonoticia.com.ar\/web\/wp-json\/wp\/v2\/users\/2"}],"replies":[{"embeddable":true,"href":"https:\/\/elpueblonoticia.com.ar\/web\/wp-json\/wp\/v2\/comments?post=6443"}],"version-history":[{"count":1,"href":"https:\/\/elpueblonoticia.com.ar\/web\/wp-json\/wp\/v2\/posts\/6443\/revisions"}],"predecessor-version":[{"id":6445,"href":"https:\/\/elpueblonoticia.com.ar\/web\/wp-json\/wp\/v2\/posts\/6443\/revisions\/6445"}],"wp:featuredmedia":[{"embeddable":true,"href":"https:\/\/elpueblonoticia.com.ar\/web\/wp-json\/wp\/v2\/media\/6444"}],"wp:attachment":[{"href":"https:\/\/elpueblonoticia.com.ar\/web\/wp-json\/wp\/v2\/media?parent=6443"}],"wp:term":[{"taxonomy":"category","embeddable":true,"href":"https:\/\/elpueblonoticia.com.ar\/web\/wp-json\/wp\/v2\/categories?post=6443"},{"taxonomy":"post_tag","embeddable":true,"href":"https:\/\/elpueblonoticia.com.ar\/web\/wp-json\/wp\/v2\/tags?post=6443"}],"curies":[{"name":"wp","href":"https:\/\/api.w.org\/{rel}","templated":true}]}}