{"id":6439,"date":"2026-02-03T11:35:44","date_gmt":"2026-02-03T14:35:44","guid":{"rendered":"https:\/\/elpueblonoticia.com.ar\/web\/?p=6439"},"modified":"2026-02-03T11:35:44","modified_gmt":"2026-02-03T14:35:44","slug":"instan-a-completar-esquemas-de-vacunacion-antes-del-inicio-de-clases","status":"publish","type":"post","link":"https:\/\/elpueblonoticia.com.ar\/web\/2026\/02\/03\/instan-a-completar-esquemas-de-vacunacion-antes-del-inicio-de-clases\/","title":{"rendered":"Instan a completar esquemas de vacunaci\u00f3n antes del inicio de clases"},"content":{"rendered":"<p>Salud P\u00fablica llama a la prevenci\u00f3n ante la presencia de sarampi\u00f3n y coqueluche en el pa\u00eds. Recomienda la colocaci\u00f3n de la antigripal al grupo de riesgo. Vacunatorios disponibles en la capital y el interior provincial.<\/p>\n<p>Las dosis est\u00e1n disponibles en todos los vacunatorios de la capital y del interior.<\/p>\n<p>Ante la presencia de enfermedades como sarampi\u00f3n y coqueluche en Argentina, desde la cartera sanitaria provincial se insiste con que los tutores respeten las fechas que se indica en el calendario nacional de vacunaci\u00f3n. De ah\u00ed que desde el Ministerio de Salud P\u00fablica se recuerda la importancia de completar los esquemas de inmunizaci\u00f3n en tiempo y forma.<\/p>\n<p>Adem\u00e1s, se recomienda la colocaci\u00f3n de la antigripal a las personas que pertenecen a los grupos de riesgo, por la presencia de influenza A H3N2 subclado k en el pa\u00eds. Los m\u00e1s afectados siguen siendo ni\u00f1os peque\u00f1os, adultos mayores y personas con comorbilidades, en un contexto donde tambi\u00e9n circulan VRS y Sars-CoV-2.<\/p>\n<p>La vacuna antigripal ofrece protecci\u00f3n, especialmente para reducir cuadros graves, internaciones y complicaciones. Por eso, se sostiene que vacunarse es la herramienta m\u00e1s importante para mitigar el impacto de la gripe y proteger a los grupos vulnerables.<\/p>\n<p>A la vacunaci\u00f3n se suma, como medida de prevenci\u00f3n, el uso de barbijo si hay s\u00edntomas respiratorios, ventilaci\u00f3n de ambientes, lavado de manos y evitar exponer a personas de riesgo.<\/p>\n<p>Grupos de riesgo<\/p>\n<p>A su vez, recordaron quienes son los que integran los grupos de mayor riesgo y quienes deben tener una dosis anual de vacuna antigripal.<\/p>\n<p>Ellos son el personal de la salud; embarazadas: en cualquier momento de la gestaci\u00f3n; pu\u00e9rperas: hasta 10 d\u00edas despu\u00e9s del parto, si no la recibieron durante el embarazo; ni\u00f1os de 6 a 24 meses: deben recibir dos dosis separadas por al menos 4 semanas; ni\u00f1os y adultos de 2 a\u00f1os a 64 a\u00f1os con enfermedades: respiratorias, card\u00edacas, inmunodeficiencias cong\u00e9nitas o adquiridas; pacientes oncohematol\u00f3gicos y trasplantados; personas con obesidad, con diabetes, y personas con insuficiencia renal cr\u00f3nica en di\u00e1lisis: deber\u00e1n presentar orden m\u00e9dica que acredite dicha condici\u00f3n y las personas mayores de 65 a\u00f1os.<\/p>\n<p>Las dosis est\u00e1n disponibles en los vacunatorios de toda la provincia. Tienen que concurrir con DNI y carnet de vacunaci\u00f3n.<\/p>\n<p>Cronograma de vacunas<\/p>\n<p>Los reci\u00e9n nacidos deben recibir la dosis de hepatitis B (antes de las 12 horas de vida), BCG (antes de los 7 d\u00edas de vida).<\/p>\n<p>Durante el primer a\u00f1o de vida deben recibir rotavirus (2 y 4 meses); qu\u00edntuple (2, 4 y 6 meses); IPV (2, 4 y 6 meses); neumococo conjugada (2, 4 y 12 meses); meningococo 3 y 5 meses; antigripal (a partir de los 6 meses); triple viral (12 meses) y hepatitis A (12 meses).<\/p>\n<p>Hasta los 2 a\u00f1os de edad, los ni\u00f1os deben recibir meningococo (1 refuerzo 15 meses); varicela (1 dosis 15 meses); antigripal (24 meses); qu\u00edntuple (1\u00ba refuerzo entre los 15 a 18 meses) y fiebre amarilla (1 dosis 12 meses).<\/p>\n<p>Las vacunas que deben aplicarse a los 5 a\u00f1os son: IPV 1\u00ba refuerzo; 2\u00b0 dosis de triple viral; 2\u00b0 varicela y refuerzo triple bacteriana celular.<\/p>\n<p>A los 11 a\u00f1os, una \u00fanica dosis de meningococo; refuerzo de la triple bacteriana acelular; \u00fanica dosis del virus papiloma humano y, refuerzo de fiebre amarilla.<\/p>\n<p>La segunda dosis de vacuna triple viral (que previene sarampi\u00f3n, rub\u00e9ola y paperas), a partir de 2026, se aplicar\u00e1 a los 18 meses. En este sentido, indicaron que se busca lograr m\u00e1s protecci\u00f3n.<\/p>\n<p>En cuanto al cronograma del calendario covid-19, los puntos de vacunaci\u00f3n en la capital son: estaci\u00f3n saludable de la plaza Cabral, -hospital de campa\u00f1a Escuela Hogar (a partir de 15 a\u00f1os de edad), de lunes a viernes de 8 a 12 y de 14 a 18.<\/p>\n","protected":false},"excerpt":{"rendered":"<p>Salud P\u00fablica llama a la prevenci\u00f3n ante la presencia de sarampi\u00f3n y coqueluche en el pa\u00eds. Recomienda la colocaci\u00f3n de la antigripal al grupo de riesgo. Vacunatorios disponibles en la capital y el interior provincial. Las dosis est\u00e1n disponibles en todos los vacunatorios de la capital y del interior. Ante la presencia de enfermedades como [&hellip;]<\/p>\n","protected":false},"author":2,"featured_media":6440,"comment_status":"open","ping_status":"open","sticky":false,"template":"","format":"standard","meta":{"footnotes":""},"categories":[78],"tags":[],"class_list":{"0":"post-6439","1":"post","2":"type-post","3":"status-publish","4":"format-standard","5":"has-post-thumbnail","7":"category-generales"},"_links":{"self":[{"href":"https:\/\/elpueblonoticia.com.ar\/web\/wp-json\/wp\/v2\/posts\/6439","targetHints":{"allow":["GET"]}}],"collection":[{"href":"https:\/\/elpueblonoticia.com.ar\/web\/wp-json\/wp\/v2\/posts"}],"about":[{"href":"https:\/\/elpueblonoticia.com.ar\/web\/wp-json\/wp\/v2\/types\/post"}],"author":[{"embeddable":true,"href":"https:\/\/elpueblonoticia.com.ar\/web\/wp-json\/wp\/v2\/users\/2"}],"replies":[{"embeddable":true,"href":"https:\/\/elpueblonoticia.com.ar\/web\/wp-json\/wp\/v2\/comments?post=6439"}],"version-history":[{"count":1,"href":"https:\/\/elpueblonoticia.com.ar\/web\/wp-json\/wp\/v2\/posts\/6439\/revisions"}],"predecessor-version":[{"id":6441,"href":"https:\/\/elpueblonoticia.com.ar\/web\/wp-json\/wp\/v2\/posts\/6439\/revisions\/6441"}],"wp:featuredmedia":[{"embeddable":true,"href":"https:\/\/elpueblonoticia.com.ar\/web\/wp-json\/wp\/v2\/media\/6440"}],"wp:attachment":[{"href":"https:\/\/elpueblonoticia.com.ar\/web\/wp-json\/wp\/v2\/media?parent=6439"}],"wp:term":[{"taxonomy":"category","embeddable":true,"href":"https:\/\/elpueblonoticia.com.ar\/web\/wp-json\/wp\/v2\/categories?post=6439"},{"taxonomy":"post_tag","embeddable":true,"href":"https:\/\/elpueblonoticia.com.ar\/web\/wp-json\/wp\/v2\/tags?post=6439"}],"curies":[{"name":"wp","href":"https:\/\/api.w.org\/{rel}","templated":true}]}}