{"id":6430,"date":"2026-02-03T11:12:55","date_gmt":"2026-02-03T14:12:55","guid":{"rendered":"https:\/\/elpueblonoticia.com.ar\/web\/?p=6430"},"modified":"2026-02-03T11:12:55","modified_gmt":"2026-02-03T14:12:55","slug":"valdes-anticipo-que-habra-anuncios-salariales-para-el-inicio-del-otono","status":"publish","type":"post","link":"https:\/\/elpueblonoticia.com.ar\/web\/2026\/02\/03\/valdes-anticipo-que-habra-anuncios-salariales-para-el-inicio-del-otono\/","title":{"rendered":"Vald\u00e9s anticip\u00f3 que habr\u00e1 anuncios salariales para el inicio del oto\u00f1o"},"content":{"rendered":"<p>El gobernador, Juan Pablo Vald\u00e9s, este lunes llev\u00f3 tranquilidad a los bolsillos de los trabajadores estatales. En di\u00e1logo con la prensa, el mandatario correntino confirm\u00f3 que el Ejecutivo ya trabaja en el pr\u00f3ximo esquema de recomposici\u00f3n haberes, cuya oficializaci\u00f3n est\u00e1 prevista para los meses de marzo o abril.<\/p>\n<h2 class=\"wp-block-heading\">Responsabilidad y metas cumplibles<\/h2>\n<p>El Gobernador evit\u00f3 dar porcentajes apresurados, priorizando la cautela administrativa que le permite a Corrientes mantener la previsibilidad en los pagos. \u00abVamos a continuar con pol\u00edticas de mejora salarial, vamos a ser responsables con el porcentaje a incrementar, porque queremos cumplir con el porcentaje y la meta\u00bb, asegur\u00f3 durante la entrevista en el programa Desayuno, conducido por Carlos Sim\u00f3n en Radio Dos.<\/p>\n<p>Respecto a los plazos, el mandatario dej\u00f3 la puerta abierta a una resoluci\u00f3n temprana, aunque fij\u00f3 el horizonte en el inicio del segundo trimestre: \u00abEn marzo o abril habr\u00e1 anuncios, cuando est\u00e9 lista la meta lo vamos a decir; si se puede antes, ser\u00e1 antes\u00bb, adelant\u00f3.<\/p>\n<h2 class=\"wp-block-heading\">El foco en el sector docente<\/h2>\n<p>Con el inicio del ciclo lectivo a la vuelta de la esquina, Vald\u00e9s confirm\u00f3 que el di\u00e1logo con los gremios ya est\u00e1 en marcha a trav\u00e9s de las mesas t\u00e9cnicas que encabezan los ministros Marcelo Rivas Piasentini (Hacienda) y Ana Mi\u00f1o (Educaci\u00f3n).<\/p>\n<p>En este sentido, el Gobernador no descart\u00f3 sentarse personalmente con los dirigentes sindicales \u00abde ser necesario\u00bb, apelando a una construcci\u00f3n colectiva. \u00abVamos a seguir ordenados y dando prioridad a ciertos gastos y obras\u00bb, concluy\u00f3, reafirmando que el di\u00e1logo y el trabajo conjunto ser\u00e1n las herramientas para transitar los pr\u00f3ximos meses de paritarias.<\/p>\n<p>Bajo la premisa de mantener el equilibrio que caracteriza a su gesti\u00f3n, Vald\u00e9s fue tajante respecto a la salud financiera de las cuentas p\u00fablicas: \u00abLa Provincia no est\u00e1 quebrada, est\u00e1 ordenada\u00bb, dispar\u00f3, marcando una diferencia con el contexto nacional y asegurando que la prioridad seguir\u00e1 siendo el cumplimiento de las metas fiscales sin descuidar el bolsillo del empleado.<\/p>\n","protected":false},"excerpt":{"rendered":"<p>El gobernador, Juan Pablo Vald\u00e9s, este lunes llev\u00f3 tranquilidad a los bolsillos de los trabajadores estatales. En di\u00e1logo con la prensa, el mandatario correntino confirm\u00f3 que el Ejecutivo ya trabaja en el pr\u00f3ximo esquema de recomposici\u00f3n haberes, cuya oficializaci\u00f3n est\u00e1 prevista para los meses de marzo o abril. Responsabilidad y metas cumplibles El Gobernador evit\u00f3 [&hellip;]<\/p>\n","protected":false},"author":2,"featured_media":6431,"comment_status":"open","ping_status":"open","sticky":false,"template":"","format":"standard","meta":{"footnotes":""},"categories":[65],"tags":[],"class_list":{"0":"post-6430","1":"post","2":"type-post","3":"status-publish","4":"format-standard","5":"has-post-thumbnail","7":"category-economia"},"_links":{"self":[{"href":"https:\/\/elpueblonoticia.com.ar\/web\/wp-json\/wp\/v2\/posts\/6430","targetHints":{"allow":["GET"]}}],"collection":[{"href":"https:\/\/elpueblonoticia.com.ar\/web\/wp-json\/wp\/v2\/posts"}],"about":[{"href":"https:\/\/elpueblonoticia.com.ar\/web\/wp-json\/wp\/v2\/types\/post"}],"author":[{"embeddable":true,"href":"https:\/\/elpueblonoticia.com.ar\/web\/wp-json\/wp\/v2\/users\/2"}],"replies":[{"embeddable":true,"href":"https:\/\/elpueblonoticia.com.ar\/web\/wp-json\/wp\/v2\/comments?post=6430"}],"version-history":[{"count":1,"href":"https:\/\/elpueblonoticia.com.ar\/web\/wp-json\/wp\/v2\/posts\/6430\/revisions"}],"predecessor-version":[{"id":6432,"href":"https:\/\/elpueblonoticia.com.ar\/web\/wp-json\/wp\/v2\/posts\/6430\/revisions\/6432"}],"wp:featuredmedia":[{"embeddable":true,"href":"https:\/\/elpueblonoticia.com.ar\/web\/wp-json\/wp\/v2\/media\/6431"}],"wp:attachment":[{"href":"https:\/\/elpueblonoticia.com.ar\/web\/wp-json\/wp\/v2\/media?parent=6430"}],"wp:term":[{"taxonomy":"category","embeddable":true,"href":"https:\/\/elpueblonoticia.com.ar\/web\/wp-json\/wp\/v2\/categories?post=6430"},{"taxonomy":"post_tag","embeddable":true,"href":"https:\/\/elpueblonoticia.com.ar\/web\/wp-json\/wp\/v2\/tags?post=6430"}],"curies":[{"name":"wp","href":"https:\/\/api.w.org\/{rel}","templated":true}]}}