{"id":6426,"date":"2026-02-03T10:57:03","date_gmt":"2026-02-03T13:57:03","guid":{"rendered":"https:\/\/elpueblonoticia.com.ar\/web\/?p=6426"},"modified":"2026-02-03T10:57:03","modified_gmt":"2026-02-03T13:57:03","slug":"parana-celebra-una-nueva-fiesta-nacional-del-mate-con-un-espectaculos-musica-y-gastronomia","status":"publish","type":"post","link":"https:\/\/elpueblonoticia.com.ar\/web\/2026\/02\/03\/parana-celebra-una-nueva-fiesta-nacional-del-mate-con-un-espectaculos-musica-y-gastronomia\/","title":{"rendered":"Paran\u00e1 celebra una nueva Fiesta Nacional del Mate con un espect\u00e1culos, m\u00fasica y gastronom\u00eda"},"content":{"rendered":"<div class=\"contenido\">\n<div id=\"modalIntrotext\">\n<div>NA &#8211; Se espera una masiva participaci\u00f3n en las dos jornadas previstas para el viernes 6 y el s\u00e1bado 7 de febrero. Vuelve el cl\u00e1sico Concurso de Cebadores.<\/div>\n<\/div>\n<div id=\"modalFulltext\">Buenos Aires, 2 febrero (NA) \u2013 La ciudad de Paran\u00e1, en Entre R\u00edos, celebrar\u00e1 este viernes 6 y s\u00e1bado 7 de febrero la 35\u00aa Fiesta Nacional del Mate, con acceso libre, tres escenarios, ferias, gastronom\u00eda y dos noches de m\u00fasica en vivo.<\/div>\n<div><\/div>\n<div>\n<p>La edici\u00f3n 2025 convoc\u00f3 a m\u00e1s de 100.000 personas, y este a\u00f1o la Fiesta regresa con una grilla art\u00edstica potente y una experiencia pensada para disfrutar en comunidad.<\/p>\n<p>En esta oportunidad, ser\u00e1n protagonistas Lali, Los Nocheros, Los Caballeros de la Quema, Rombai, Coti, Gauchito Club y Raly Barrionuevo, supo la Agencia Noticias Argentinas.<\/p>\n<p>Esta edici\u00f3n vuelve a poner en el centro de la escena al mate como lo que es: un ritual cotidiano que nos identifica y atraviesa generaciones.<\/p>\n<p>M\u00e1s all\u00e1 de los shows en vivo, la Fiesta propone una experiencia completa que cruza cultura, tradici\u00f3n y vida local: feria de emprendedores, propuestas de arte, patio gastron\u00f3mico a cargo de clubes de la ciudad, actividades para infancias y el cl\u00e1sico Concurso de Cebadores, una de las atracciones m\u00e1s esperadas, que celebra el saber popular alrededor del mate y convoca a participantes y visitantes con premios y reconocimientos.<\/p>\n<p>Porque en Argentina el mate no es solo una bebida, es una ceremonia m\u00ednima del d\u00eda a d\u00eda, una excusa amable para reunirse, y un h\u00e1bito que acompa\u00f1a tanto el silencio como la charla.<\/p>\n<p>Con una convocatoria que crece a\u00f1o a a\u00f1o, la Fiesta se consolid\u00f3 como uno de los grandes eventos del verano en la regi\u00f3n, con miles de personas que llegan a Paran\u00e1 para vivir una celebraci\u00f3n popular que pone en movimiento a toda la ciudad.<\/p>\n<p>La sede ser\u00e1 la Plaza de las Colectividades, con ingreso libre al predio desde las 18, en un evento que ya es una de las celebraciones populares m\u00e1s convocantes del pa\u00eds.<\/p><\/div>\n<div><\/div>\n<div><\/div>\n<div>\n<div id=\"117986-4\"><\/div>\n<div id=\"117986-6\"><\/div>\n<div id=\"117986-3\"><\/div>\n<\/div>\n<\/div>\n<div class=\"modalRedes\"><\/div>\n","protected":false},"excerpt":{"rendered":"<p>NA &#8211; Se espera una masiva participaci\u00f3n en las dos jornadas previstas para el viernes 6 y el s\u00e1bado 7 de febrero. Vuelve el cl\u00e1sico Concurso de Cebadores. Buenos Aires, 2 febrero (NA) \u2013 La ciudad de Paran\u00e1, en Entre R\u00edos, celebrar\u00e1 este viernes 6 y s\u00e1bado 7 de febrero la 35\u00aa Fiesta Nacional del [&hellip;]<\/p>\n","protected":false},"author":2,"featured_media":6427,"comment_status":"open","ping_status":"open","sticky":false,"template":"","format":"standard","meta":{"footnotes":""},"categories":[78],"tags":[],"class_list":{"0":"post-6426","1":"post","2":"type-post","3":"status-publish","4":"format-standard","5":"has-post-thumbnail","7":"category-generales"},"_links":{"self":[{"href":"https:\/\/elpueblonoticia.com.ar\/web\/wp-json\/wp\/v2\/posts\/6426","targetHints":{"allow":["GET"]}}],"collection":[{"href":"https:\/\/elpueblonoticia.com.ar\/web\/wp-json\/wp\/v2\/posts"}],"about":[{"href":"https:\/\/elpueblonoticia.com.ar\/web\/wp-json\/wp\/v2\/types\/post"}],"author":[{"embeddable":true,"href":"https:\/\/elpueblonoticia.com.ar\/web\/wp-json\/wp\/v2\/users\/2"}],"replies":[{"embeddable":true,"href":"https:\/\/elpueblonoticia.com.ar\/web\/wp-json\/wp\/v2\/comments?post=6426"}],"version-history":[{"count":1,"href":"https:\/\/elpueblonoticia.com.ar\/web\/wp-json\/wp\/v2\/posts\/6426\/revisions"}],"predecessor-version":[{"id":6428,"href":"https:\/\/elpueblonoticia.com.ar\/web\/wp-json\/wp\/v2\/posts\/6426\/revisions\/6428"}],"wp:featuredmedia":[{"embeddable":true,"href":"https:\/\/elpueblonoticia.com.ar\/web\/wp-json\/wp\/v2\/media\/6427"}],"wp:attachment":[{"href":"https:\/\/elpueblonoticia.com.ar\/web\/wp-json\/wp\/v2\/media?parent=6426"}],"wp:term":[{"taxonomy":"category","embeddable":true,"href":"https:\/\/elpueblonoticia.com.ar\/web\/wp-json\/wp\/v2\/categories?post=6426"},{"taxonomy":"post_tag","embeddable":true,"href":"https:\/\/elpueblonoticia.com.ar\/web\/wp-json\/wp\/v2\/tags?post=6426"}],"curies":[{"name":"wp","href":"https:\/\/api.w.org\/{rel}","templated":true}]}}