{"id":6421,"date":"2026-02-03T10:38:16","date_gmt":"2026-02-03T13:38:16","guid":{"rendered":"https:\/\/elpueblonoticia.com.ar\/web\/?p=6421"},"modified":"2026-02-03T10:38:16","modified_gmt":"2026-02-03T13:38:16","slug":"loco-un-poco-ara-bera-invita-a-un-viaje-por-la-locura-en-el-carnaval","status":"publish","type":"post","link":"https:\/\/elpueblonoticia.com.ar\/web\/2026\/02\/03\/loco-un-poco-ara-bera-invita-a-un-viaje-por-la-locura-en-el-carnaval\/","title":{"rendered":"Loco un poco: Ara Ber\u00e1 invita a un viaje por \u00abla locura\u00bb en el Carnaval"},"content":{"rendered":"<p>Sumergirse en la m\u00edstica del Rayo es esencial para entender el latido cultural de esta ciudad y las ra\u00edces de una pasi\u00f3n que se hereda. Hoy, la comparsa decana se proyecta hacia la vanguardia con una propuesta que transforma el delirio creativo en un relato narrativo y visual sin precedentes.\u00a0Mauricio Vila, director art\u00edstico de la instituci\u00f3n, en contacto con EL LIBERTADOR ofrece una mirada profunda sobre el concepto de la \u00ablocura\u00bb como motor de la fiesta, la importancia de reivindicar el sacrificio del comparsero y el rol de la identidad emocional en la construcci\u00f3n del espect\u00e1culo correntino.<\/p>\n<figure class=\"wp-block-video\"><video src=\"https:\/\/www.diarioellibertador.com.ar\/wp-content\/uploads\/2026\/02\/ara-bera-3.mp4\" controls=\"controls\" width=\"300\" height=\"150\" data-mce-fragment=\"1\"><\/video><\/figure>\n<p>El eje argumental gira en torno a un personaje llamado Alicia, inspirado en el texto cl\u00e1sico, quien es presentada como una ex comparsera. Seg\u00fan relat\u00f3 Vila, \u00abes una excomparsera que olvid\u00f3 su esencia tras irse de Corrientes\u00bb. Al regresar y asistir a un ensayo, el personaje comienza a cuestionarse \u00abla locura de invertir tanto dinero, tiempo y energ\u00eda en la comparsa\u00bb.<\/p>\n<figure class=\"wp-block-video alignleft\"><video src=\"https:\/\/www.diarioellibertador.com.ar\/wp-content\/uploads\/2026\/02\/ara-bera.mp4\" controls=\"controls\" width=\"300\" height=\"150\" data-mce-fragment=\"1\"><\/video><\/figure>\n<p>RECORRIDO ART\u00cdSTICO DESDE LA LOCURA<\/p>\n<p>La historia se activa con la intervenci\u00f3n del \u00abrayo de la locura\u00bb, representado por la gran bastonera de la comparsa. Vila explic\u00f3 que este personaje \u00abdecide enviarla a recorrer mundos de personajes que fueron tildados de locos por salirse de los esquemas de normalidad\u00bb. A partir de all\u00ed, la narrativa se despliega en distintos universos simb\u00f3licos.<br \/>\nEl recorrido incluye el mundo de la ciencia, con figuras como Galileo Galilei, Nicola Tesla y Thomas Edison. Luego atraviesa la pintura con Salvador Dal\u00ed, Frida Kahlo, Andy Warhol y Vincent van Gogh. Tambi\u00e9n recorre la m\u00fasica \u00abpara aprender a abrazar qui\u00e9nes somos\u00bb, hasta atravesar \u00abel lado oscuro de la locura, como el narcisismo y la avaricia\u00bb. Todas estas etapas son las que completan y se reflejan en cada minuto del desfile de los comparseros.<\/p>\n<p>LA IDENTIDAD CARNAVALERA<\/p>\n<p>El relato culmina con la llegada de Alicia al portal de los \u00ablocos por el carnaval\u00bb. All\u00ed, seg\u00fan explic\u00f3 Vila, \u00ablos talleristas, dise\u00f1adores, modistas y core\u00f3grafos la reciben para renovar su contrato de locura por la fiesta\u00bb. La propuesta busca reflejar el compromiso colectivo detr\u00e1s de cada edici\u00f3n.<br \/>\nEste enfoque art\u00edstico se inscribe en una visi\u00f3n integral de la comparsa, donde la locura es entendida como pasi\u00f3n y entrega. La historia funciona como hilo conductor de la puesta en escena, los carros y los dise\u00f1os, articulando los distintos lenguajes del carnaval.<\/p>\n<figure class=\"wp-block-video alignright\"><video src=\"https:\/\/www.diarioellibertador.com.ar\/wp-content\/uploads\/2026\/02\/ara-bera-2-1.mp4\" controls=\"controls\" width=\"300\" height=\"150\" data-mce-fragment=\"1\"><\/video><\/figure>\n<p>EMOCI\u00d3N Y DESAF\u00cdO<\/p>\n<p>Mauricio Vila vive esta edici\u00f3n como una instancia personal y profesional significativa. En sus propias palabras: \u00abLo vivo con mucha emoci\u00f3n, pues es mi primer a\u00f1o como director art\u00edstico y tambi\u00e9n como comparsero\u00bb, expres\u00f3. Adem\u00e1s, destac\u00f3 que \u00abintegrar una comparsa con 65 a\u00f1os de antig\u00fcedad representa un privilegio enorme\u00bb.<br \/>\nEl director art\u00edstico remarc\u00f3 el acompa\u00f1amiento del equipo de trabajo y el clima interno de la instituci\u00f3n, que permite que las ideas y los buenos resultados sean posibles. \u00abTengo un equipo maravilloso de coordinadores, dise\u00f1adores y talleristas; el nivel de recibimiento ha sido impresionante\u00bb, afirm\u00f3.<br \/>\nFinalmente, Vila explic\u00f3 que su motivaci\u00f3n surge del cruce de disciplinas que conforman su identidad art\u00edstica. \u00abMe motiva el desaf\u00edo de unir todos los mundos que amo, ya que soy actor, director, artista pl\u00e1stico y dise\u00f1ador\u00bb, sostuvo. Agreg\u00f3 que ver \u00abmis ideas, como el dise\u00f1o de las puertas y los conceptos de los carros, materializadas a gran escala\u00bb resulta una experiencia profundamente conmovedora.<br \/>\nAra Ber\u00e1 vuelve a posicionarse como una usina creativa que combina historia, identidad y renovaci\u00f3n est\u00e9tica dentro del carnaval correntino. La propuesta de este a\u00f1o confirma la vigencia de una comparsa que dialoga con su tradici\u00f3n sin resignar riesgo ni audacia, y que transforma la locura en una met\u00e1fora de pertenencia, esfuerzo colectivo y pasi\u00f3n popular. En cada desfile, el Rayo reafirma su lugar como emblema cultural de la ciudad y como uno de los relatos m\u00e1s potentes del Carnaval de Corrientes.<\/p>\n<figure class=\"wp-block-video alignleft\"><video src=\"https:\/\/www.diarioellibertador.com.ar\/wp-content\/uploads\/2026\/02\/ara-bera-4.mp4\" controls=\"controls\" width=\"300\" height=\"150\" data-mce-fragment=\"1\"><\/video><\/figure>\n<p>El \u00abrayo\u00bb, historia y legado de los corsos correntinos<\/p>\n<p>Ara Ber\u00e1 fue fundada el 12 de febrero de 1961 y se consolid\u00f3 como la comparsa m\u00e1s laureada del Carnaval de Corrientes. Su crecimiento acompa\u00f1\u00f3 la evoluci\u00f3n del Carnaval correntino hasta convertirse en una referencia art\u00edstica e institucional.<br \/>\nAntes de su fundaci\u00f3n, Corrientes contaba con corsos barriales, bases del Carnaval actual. A esa tradici\u00f3n se sum\u00f3 la influencia del Carnaval de Paso de los Libres, reconocido como la \u00abCuna del Carnaval Correntino\u00bb. Eso es lo que permiti\u00f3 el desarrollo de comparsas con identidad propia y competencia sostenida.<br \/>\nAra Ber\u00e1 y Copacabana, protagonizaron el primer gran cl\u00e1sico del carnaval correntino. Con el tiempo, otras comparsas se incorporaron a la competencia, ampliando el escenario carnavalesco.<br \/>\nLa trayectoria del \u00abrayo\u00bb tambi\u00e9n atraves\u00f3 momentos de profunda adversidad. En 1978, ocho comparseros fallecieron en un accidente vial cuando viajaban a Olavarr\u00eda. Aunque, tras la suspensi\u00f3n de los Carnavales en 1981 y su regreso en 1995 como asociaci\u00f3n civil, Ara Ber\u00e1 reafirm\u00f3 su protagonismo.<\/p>\n","protected":false},"excerpt":{"rendered":"<p>Sumergirse en la m\u00edstica del Rayo es esencial para entender el latido cultural de esta ciudad y las ra\u00edces de una pasi\u00f3n que se hereda. Hoy, la comparsa decana se proyecta hacia la vanguardia con una propuesta que transforma el delirio creativo en un relato narrativo y visual sin precedentes.\u00a0Mauricio Vila, director art\u00edstico de la [&hellip;]<\/p>\n","protected":false},"author":2,"featured_media":6423,"comment_status":"open","ping_status":"open","sticky":false,"template":"","format":"standard","meta":{"footnotes":""},"categories":[79],"tags":[],"class_list":{"0":"post-6421","1":"post","2":"type-post","3":"status-publish","4":"format-standard","5":"has-post-thumbnail","7":"category-corrientes"},"_links":{"self":[{"href":"https:\/\/elpueblonoticia.com.ar\/web\/wp-json\/wp\/v2\/posts\/6421","targetHints":{"allow":["GET"]}}],"collection":[{"href":"https:\/\/elpueblonoticia.com.ar\/web\/wp-json\/wp\/v2\/posts"}],"about":[{"href":"https:\/\/elpueblonoticia.com.ar\/web\/wp-json\/wp\/v2\/types\/post"}],"author":[{"embeddable":true,"href":"https:\/\/elpueblonoticia.com.ar\/web\/wp-json\/wp\/v2\/users\/2"}],"replies":[{"embeddable":true,"href":"https:\/\/elpueblonoticia.com.ar\/web\/wp-json\/wp\/v2\/comments?post=6421"}],"version-history":[{"count":1,"href":"https:\/\/elpueblonoticia.com.ar\/web\/wp-json\/wp\/v2\/posts\/6421\/revisions"}],"predecessor-version":[{"id":6424,"href":"https:\/\/elpueblonoticia.com.ar\/web\/wp-json\/wp\/v2\/posts\/6421\/revisions\/6424"}],"wp:featuredmedia":[{"embeddable":true,"href":"https:\/\/elpueblonoticia.com.ar\/web\/wp-json\/wp\/v2\/media\/6423"}],"wp:attachment":[{"href":"https:\/\/elpueblonoticia.com.ar\/web\/wp-json\/wp\/v2\/media?parent=6421"}],"wp:term":[{"taxonomy":"category","embeddable":true,"href":"https:\/\/elpueblonoticia.com.ar\/web\/wp-json\/wp\/v2\/categories?post=6421"},{"taxonomy":"post_tag","embeddable":true,"href":"https:\/\/elpueblonoticia.com.ar\/web\/wp-json\/wp\/v2\/tags?post=6421"}],"curies":[{"name":"wp","href":"https:\/\/api.w.org\/{rel}","templated":true}]}}