{"id":6417,"date":"2026-02-03T10:24:05","date_gmt":"2026-02-03T13:24:05","guid":{"rendered":"https:\/\/elpueblonoticia.com.ar\/web\/?p=6417"},"modified":"2026-02-03T10:24:05","modified_gmt":"2026-02-03T13:24:05","slug":"familiares-y-amigos-recordaron-a-joven-deportista-fallecida-en-siniestro-vial","status":"publish","type":"post","link":"https:\/\/elpueblonoticia.com.ar\/web\/2026\/02\/03\/familiares-y-amigos-recordaron-a-joven-deportista-fallecida-en-siniestro-vial\/","title":{"rendered":"Familiares y amigos recordaron a joven deportista fallecida en siniestro vial"},"content":{"rendered":"<div id=\"modalIntrotext\">\n<div><img decoding=\"async\" src=\"https:\/\/www.powernoticias.com\/images\/202602021924582432\" \/><\/div>\n<div>El homenaje tuvo lugar en la intersecci\u00f3n de avenida J. J. Rol\u00f3n y Maestro Argentino. All\u00ed, junto a la referente de Estrellas Amarillas en Goya, repintaron el s\u00edmbolo que identifica el lugar preciso donde ocurri\u00f3 el lamentable suceso.<\/div>\n<div><\/div>\n<div><\/div>\n<div><\/div>\n<\/div>\n<div id=\"modalFulltext\">En horas tempranas de la ma\u00f1ana del \u00faltimo domingo, familiares y amigos repintaron la estrella amarilla plasmada en el pavimento de avenida Jos\u00e9 Jacinto Rol\u00f3n casi Maestro Argentino (continuidad de Baibiene al este) donde, el d\u00eda de Navidad del 2024, perdi\u00f3 la vida la joven deportista Cintia Roxana Lezcano.<\/p>\n<p>Del homenaje participaron su mam\u00e1, Norma Arias, hermana y hermanos y amigas de la v\u00edctima, que, al momento del luctuoso suceso, formaba parte como jugadora de un equipo de futbol femenino.<\/p>\n<p>Todos los presentes junto a Viviana Canaparro, referente en Goya de la ONG \u201cEstrellas Amarillas\u201d, repintaron en la oportunidad el s\u00edmbolo que identifica el sitio donde \u201cparti\u00f3 un ser querido\u201d. Lo propio hicieron con la estrella que, a pocos metros, recuerda la partida de este mundo de \u201cDon Pintos\u201d, tambi\u00e9n como consecuencia de un tr\u00e1gico accidente de tr\u00e1nsito.<\/p>\n<p>Vale se\u00f1alar que el homenaje a estas v\u00edctimas, en su gran mayor\u00eda j\u00f3venes, es promovido y organizado por la organizaci\u00f3n no gubernamental \u201cEstrellas Amarillas\u201d que busca adem\u00e1s de recordarlos, una mayor concientizaci\u00f3n y respeto a las normas de tr\u00e1nsito por parte de los conductores imprudentes de veh\u00edculos.<\/p>\n<p>La organizaci\u00f3n tambi\u00e9n promueve charlas en instituciones educativas y la difusi\u00f3n de normas como la Ley de Tolerancia Cero al alcohol al volante.-<\/p><\/div>\n","protected":false},"excerpt":{"rendered":"<p>El homenaje tuvo lugar en la intersecci\u00f3n de avenida J. J. Rol\u00f3n y Maestro Argentino. All\u00ed, junto a la referente de Estrellas Amarillas en Goya, repintaron el s\u00edmbolo que identifica el lugar preciso donde ocurri\u00f3 el lamentable suceso. En horas tempranas de la ma\u00f1ana del \u00faltimo domingo, familiares y amigos repintaron la estrella amarilla plasmada [&hellip;]<\/p>\n","protected":false},"author":2,"featured_media":6418,"comment_status":"open","ping_status":"open","sticky":false,"template":"","format":"standard","meta":{"footnotes":""},"categories":[56],"tags":[],"class_list":{"0":"post-6417","1":"post","2":"type-post","3":"status-publish","4":"format-standard","5":"has-post-thumbnail","7":"category-locales"},"_links":{"self":[{"href":"https:\/\/elpueblonoticia.com.ar\/web\/wp-json\/wp\/v2\/posts\/6417","targetHints":{"allow":["GET"]}}],"collection":[{"href":"https:\/\/elpueblonoticia.com.ar\/web\/wp-json\/wp\/v2\/posts"}],"about":[{"href":"https:\/\/elpueblonoticia.com.ar\/web\/wp-json\/wp\/v2\/types\/post"}],"author":[{"embeddable":true,"href":"https:\/\/elpueblonoticia.com.ar\/web\/wp-json\/wp\/v2\/users\/2"}],"replies":[{"embeddable":true,"href":"https:\/\/elpueblonoticia.com.ar\/web\/wp-json\/wp\/v2\/comments?post=6417"}],"version-history":[{"count":1,"href":"https:\/\/elpueblonoticia.com.ar\/web\/wp-json\/wp\/v2\/posts\/6417\/revisions"}],"predecessor-version":[{"id":6419,"href":"https:\/\/elpueblonoticia.com.ar\/web\/wp-json\/wp\/v2\/posts\/6417\/revisions\/6419"}],"wp:featuredmedia":[{"embeddable":true,"href":"https:\/\/elpueblonoticia.com.ar\/web\/wp-json\/wp\/v2\/media\/6418"}],"wp:attachment":[{"href":"https:\/\/elpueblonoticia.com.ar\/web\/wp-json\/wp\/v2\/media?parent=6417"}],"wp:term":[{"taxonomy":"category","embeddable":true,"href":"https:\/\/elpueblonoticia.com.ar\/web\/wp-json\/wp\/v2\/categories?post=6417"},{"taxonomy":"post_tag","embeddable":true,"href":"https:\/\/elpueblonoticia.com.ar\/web\/wp-json\/wp\/v2\/tags?post=6417"}],"curies":[{"name":"wp","href":"https:\/\/api.w.org\/{rel}","templated":true}]}}