{"id":6412,"date":"2026-02-03T09:53:21","date_gmt":"2026-02-03T12:53:21","guid":{"rendered":"https:\/\/elpueblonoticia.com.ar\/web\/?p=6412"},"modified":"2026-02-03T09:53:21","modified_gmt":"2026-02-03T12:53:21","slug":"situacion-empleados-de-alal","status":"publish","type":"post","link":"https:\/\/elpueblonoticia.com.ar\/web\/2026\/02\/03\/situacion-empleados-de-alal\/","title":{"rendered":"Situaci\u00f3n empleados de ALAL"},"content":{"rendered":"<p><img loading=\"lazy\" decoding=\"async\" class=\"alignnone  wp-image-6414\" src=\"https:\/\/elpueblonoticia.com.ar\/web\/wp-content\/uploads\/2026\/02\/WhatsApp-Image-2026-02-02-at-17.27.11-1-300x200.jpeg\" alt=\"\" width=\"698\" height=\"465\" srcset=\"https:\/\/elpueblonoticia.com.ar\/web\/wp-content\/uploads\/2026\/02\/WhatsApp-Image-2026-02-02-at-17.27.11-1-300x200.jpeg 300w, https:\/\/elpueblonoticia.com.ar\/web\/wp-content\/uploads\/2026\/02\/WhatsApp-Image-2026-02-02-at-17.27.11-1-1024x682.jpeg 1024w, https:\/\/elpueblonoticia.com.ar\/web\/wp-content\/uploads\/2026\/02\/WhatsApp-Image-2026-02-02-at-17.27.11-1-768x512.jpeg 768w, https:\/\/elpueblonoticia.com.ar\/web\/wp-content\/uploads\/2026\/02\/WhatsApp-Image-2026-02-02-at-17.27.11-1-1536x1023.jpeg 1536w, https:\/\/elpueblonoticia.com.ar\/web\/wp-content\/uploads\/2026\/02\/WhatsApp-Image-2026-02-02-at-17.27.11-1-630x420.jpeg 630w, https:\/\/elpueblonoticia.com.ar\/web\/wp-content\/uploads\/2026\/02\/WhatsApp-Image-2026-02-02-at-17.27.11-1-696x464.jpeg 696w, https:\/\/elpueblonoticia.com.ar\/web\/wp-content\/uploads\/2026\/02\/WhatsApp-Image-2026-02-02-at-17.27.11-1-1068x712.jpeg 1068w, https:\/\/elpueblonoticia.com.ar\/web\/wp-content\/uploads\/2026\/02\/WhatsApp-Image-2026-02-02-at-17.27.11-1.jpeg 1600w\" sizes=\"auto, (max-width: 698px) 100vw, 698px\" \/><\/p>\n<p class=\"x_MsoNormal\"><span lang=\"ES\" data-olk-copy-source=\"MessageBody\">MARIANO HORMAECHEA RECIBI\u00d3 DE AOT Y SETIA\u00a0<\/span><\/p>\n<p class=\"x_MsoNormal\"><span lang=\"ES\" data-olk-copy-source=\"MessageBody\">En el mediod\u00eda de este lunes 2 de febrero en el Sal\u00f3n de Acuerdos de la Municipalidad de Goya, el intendente Mariano Hormaechea recibi\u00f3 a representantes de gremios de los trabajadores de Alal.<\/span><span lang=\"ES\">\u00a0<\/span><span lang=\"ES\">Quienes plantearon la angustiante situaci\u00f3n al transcurrir los d\u00edas y no tener respuestas por parte de la empresa. La necesidad de agilizar los tr\u00e1mites administrativos, ver la posibilidad de acortar plazos. Luego del despido a la totalidad de empleados (260) hace una semana atr\u00e1s, no se avanz\u00f3 en ning\u00fan acuerdo como as\u00ed tampoco en las indemnizaciones correspondientes.<\/span><\/p>\n<p class=\"x_MsoNormal\"><span lang=\"ES\">Del encuentro particip\u00f3 el viceintendente contador Sebasti\u00e1n Mazzaro junto a funcionarios municipales.<\/span><\/p>\n<p class=\"x_MsoNormal\"><span lang=\"ES\">El intendente doctor Mariano Hormachea luego de escuchar a los representantes de los empleados manifest\u00f3 continuar con las gestiones correspondientes, dar una respuesta a la brevedad a los planteos solicitados, entendiendo que esta problem\u00e1tica afecta directamente a 260 familias de Goya pero que tambi\u00e9n nos afecta a todos. Adem\u00e1s, de comentarles las acciones realizadas hasta el momento, donde una de ellas es haber logrado una audiencia con el Ministerio de Econom\u00eda, reuni\u00f3n de la que participar\u00e1n el gobernador Juan Pablo Vald\u00e9s y la ministra de Industria de la provincia Mariel Gabur de acuerdo a lo dispuesto desde el Gobierno Nacional.<\/span><\/p>\n<p class=\"x_MsoNormal\"><span lang=\"ES\">\u00a0<\/span><\/p>\n","protected":false},"excerpt":{"rendered":"<p>MARIANO HORMAECHEA RECIBI\u00d3 DE AOT Y SETIA\u00a0 En el mediod\u00eda de este lunes 2 de febrero en el Sal\u00f3n de Acuerdos de la Municipalidad de Goya, el intendente Mariano Hormaechea recibi\u00f3 a representantes de gremios de los trabajadores de Alal.\u00a0Quienes plantearon la angustiante situaci\u00f3n al transcurrir los d\u00edas y no tener respuestas por parte de [&hellip;]<\/p>\n","protected":false},"author":2,"featured_media":6413,"comment_status":"open","ping_status":"open","sticky":false,"template":"","format":"standard","meta":{"footnotes":""},"categories":[56],"tags":[],"class_list":{"0":"post-6412","1":"post","2":"type-post","3":"status-publish","4":"format-standard","5":"has-post-thumbnail","7":"category-locales"},"_links":{"self":[{"href":"https:\/\/elpueblonoticia.com.ar\/web\/wp-json\/wp\/v2\/posts\/6412","targetHints":{"allow":["GET"]}}],"collection":[{"href":"https:\/\/elpueblonoticia.com.ar\/web\/wp-json\/wp\/v2\/posts"}],"about":[{"href":"https:\/\/elpueblonoticia.com.ar\/web\/wp-json\/wp\/v2\/types\/post"}],"author":[{"embeddable":true,"href":"https:\/\/elpueblonoticia.com.ar\/web\/wp-json\/wp\/v2\/users\/2"}],"replies":[{"embeddable":true,"href":"https:\/\/elpueblonoticia.com.ar\/web\/wp-json\/wp\/v2\/comments?post=6412"}],"version-history":[{"count":1,"href":"https:\/\/elpueblonoticia.com.ar\/web\/wp-json\/wp\/v2\/posts\/6412\/revisions"}],"predecessor-version":[{"id":6415,"href":"https:\/\/elpueblonoticia.com.ar\/web\/wp-json\/wp\/v2\/posts\/6412\/revisions\/6415"}],"wp:featuredmedia":[{"embeddable":true,"href":"https:\/\/elpueblonoticia.com.ar\/web\/wp-json\/wp\/v2\/media\/6413"}],"wp:attachment":[{"href":"https:\/\/elpueblonoticia.com.ar\/web\/wp-json\/wp\/v2\/media?parent=6412"}],"wp:term":[{"taxonomy":"category","embeddable":true,"href":"https:\/\/elpueblonoticia.com.ar\/web\/wp-json\/wp\/v2\/categories?post=6412"},{"taxonomy":"post_tag","embeddable":true,"href":"https:\/\/elpueblonoticia.com.ar\/web\/wp-json\/wp\/v2\/tags?post=6412"}],"curies":[{"name":"wp","href":"https:\/\/api.w.org\/{rel}","templated":true}]}}