{"id":6406,"date":"2026-02-03T08:47:31","date_gmt":"2026-02-03T11:47:31","guid":{"rendered":"https:\/\/elpueblonoticia.com.ar\/web\/?p=6406"},"modified":"2026-02-03T08:47:31","modified_gmt":"2026-02-03T11:47:31","slug":"mariana-pereyra-el-latido-de-aymara-que-encendio-los-carnavales-goyanos-2026","status":"publish","type":"post","link":"https:\/\/elpueblonoticia.com.ar\/web\/2026\/02\/03\/mariana-pereyra-el-latido-de-aymara-que-encendio-los-carnavales-goyanos-2026\/","title":{"rendered":"MARIANA PEREYRA, EL LATIDO DE AYMARA QUE ENCENDI\u00d3 LOS CARNAVALES GOYANOS 2026"},"content":{"rendered":"<p><img loading=\"lazy\" decoding=\"async\" class=\"alignnone size-medium wp-image-6408\" src=\"https:\/\/elpueblonoticia.com.ar\/web\/wp-content\/uploads\/2026\/02\/nota-Mariana-Pereyra-6-300x200.jpg\" alt=\"\" width=\"300\" height=\"200\" srcset=\"https:\/\/elpueblonoticia.com.ar\/web\/wp-content\/uploads\/2026\/02\/nota-Mariana-Pereyra-6-300x200.jpg 300w, https:\/\/elpueblonoticia.com.ar\/web\/wp-content\/uploads\/2026\/02\/nota-Mariana-Pereyra-6-1024x683.jpg 1024w, https:\/\/elpueblonoticia.com.ar\/web\/wp-content\/uploads\/2026\/02\/nota-Mariana-Pereyra-6-768x512.jpg 768w, https:\/\/elpueblonoticia.com.ar\/web\/wp-content\/uploads\/2026\/02\/nota-Mariana-Pereyra-6-1536x1024.jpg 1536w, https:\/\/elpueblonoticia.com.ar\/web\/wp-content\/uploads\/2026\/02\/nota-Mariana-Pereyra-6-2048x1365.jpg 2048w, https:\/\/elpueblonoticia.com.ar\/web\/wp-content\/uploads\/2026\/02\/nota-Mariana-Pereyra-6-630x420.jpg 630w, https:\/\/elpueblonoticia.com.ar\/web\/wp-content\/uploads\/2026\/02\/nota-Mariana-Pereyra-6-696x464.jpg 696w, https:\/\/elpueblonoticia.com.ar\/web\/wp-content\/uploads\/2026\/02\/nota-Mariana-Pereyra-6-1068x712.jpg 1068w\" sizes=\"auto, (max-width: 300px) 100vw, 300px\" \/> <img loading=\"lazy\" decoding=\"async\" class=\"alignnone size-medium wp-image-6409\" src=\"https:\/\/elpueblonoticia.com.ar\/web\/wp-content\/uploads\/2026\/02\/nota-Mariana-Pereyra-1-169x300.jpeg\" alt=\"\" width=\"169\" height=\"300\" srcset=\"https:\/\/elpueblonoticia.com.ar\/web\/wp-content\/uploads\/2026\/02\/nota-Mariana-Pereyra-1-169x300.jpeg 169w, https:\/\/elpueblonoticia.com.ar\/web\/wp-content\/uploads\/2026\/02\/nota-Mariana-Pereyra-1-576x1024.jpeg 576w, https:\/\/elpueblonoticia.com.ar\/web\/wp-content\/uploads\/2026\/02\/nota-Mariana-Pereyra-1-236x420.jpeg 236w, https:\/\/elpueblonoticia.com.ar\/web\/wp-content\/uploads\/2026\/02\/nota-Mariana-Pereyra-1-696x1237.jpeg 696w, https:\/\/elpueblonoticia.com.ar\/web\/wp-content\/uploads\/2026\/02\/nota-Mariana-Pereyra-1.jpeg 720w\" sizes=\"auto, (max-width: 169px) 100vw, 169px\" \/><\/p>\n<p class=\"x_MsoNormal\"><span lang=\"ES\" data-olk-copy-source=\"MessageBody\">Bastonera de Scola de Samba:<\/span><\/p>\n<p class=\"x_MsoNormal\"><span lang=\"ES\" data-olk-copy-source=\"MessageBody\">Desde la primera luna carnavalera hasta el cierre vibrante de la tercera noche, el cors\u00f3dromo de Goya tuvo un nombre propio que se repiti\u00f3 en murmullos, aplausos y miradas encendidas: Mariana Pereyra, bastonera de bater\u00eda de la scola de samba \u201cLa Din\u00e1mica\u201d de la tricampeona Comparsa AYMARA. Cada una de sus pasadas fue un estallido de ritmo, brillo y emoci\u00f3n, una danza que atrap\u00f3 al p\u00fablico desde el primer comp\u00e1s hasta el \u00faltimo redoble.<\/span><\/p>\n<p class=\"x_MsoNormal\"><span lang=\"ES\">\u00a0<\/span><\/p>\n<p class=\"x_MsoNormal\"><span lang=\"ES\">Con una mezcla perfecta de elegancia, potencia y sencillez, Mariana desfil\u00f3 por la \u201cAlfombra Blanca\u201d como si el carnaval mismo la llevar\u00e1 en andas. Su baile no solo se vio: se sinti\u00f3. En cada giro, en cada golpe de cadera, en cada sonrisa c\u00f3mplice con la bater\u00eda, el p\u00fablico entendi\u00f3 que estaba frente a una figura que no pasa desapercibida y que convierte cada noche en un espect\u00e1culo inolvidable.<\/span><\/p>\n<p class=\"x_MsoNormal\"><span lang=\"ES\">\u00a0<\/span><\/p>\n<p class=\"x_MsoNormal\"><span lang=\"ES\">Tras culminar su pasada junto a la tricampeona Aymara, y todav\u00eda con el cuerpo vibrando al ritmo de samba, la bailarina dialog\u00f3 con la transmisi\u00f3n oficial y comparti\u00f3 sus sensaciones, con la emoci\u00f3n todav\u00eda a flor de piel. \u201cMuchas gracias por la bienvenida, contenta y una vez m\u00e1s estamos esta noche deslumbrando la pista de Goya\u201d, expres\u00f3, dejando en claro el v\u00ednculo especial que la une con el p\u00fablico goyano.<\/span><\/p>\n<p class=\"x_MsoNormal\"><span lang=\"ES\">Ni siquiera algunos inconvenientes t\u00e9cnicos lograron opacar el show. La comparsa sigui\u00f3 adelante, bailando con m\u00e1s fuerza, mientras las tribunas acompa\u00f1aban con palmas y gritos. En ese contexto, Mariana fue contundente: \u201cseguimos bailando y el carnaval debe seguir y continuar\u201d.<\/span><\/p>\n<p class=\"x_MsoNormal\"><span lang=\"ES\">\u00a0<\/span><\/p>\n<p class=\"x_MsoNormal\"><span lang=\"ES\">Aymara, tricampeona vigente, va por su cuarto t\u00edtulo consecutivo y su bastonera lo vive con una intensidad especial. Consultada sobre c\u00f3mo siente este a\u00f1o a la comparsa, Pereyra lo resumi\u00f3 con palabras cargadas de verdad: \u201cLo sentimos muy a flor de piel porque la verdad que hay un sacrificio, un trabajo muy grande detr\u00e1s de toda esta pista de Goya y se nota en la pasada\u201d.<\/span><\/p>\n<p class=\"x_MsoNormal\"><span lang=\"ES\">En esta tercera noche carnestolenda, el show volvi\u00f3 a ser total. Se respir\u00f3 pasi\u00f3n, se vio entrega y se sinti\u00f3 ese amor profundo por el carnaval que contagia desde la pasarela hacia las tribunas. \u201cMe sent\u00ed con mucha m\u00e1s energ\u00eda, m\u00e1s descansada, lo di todo para ganarme el coraz\u00f3n del p\u00fablico y obviamente del jurado\u201d, afirm\u00f3.<\/span><\/p>\n<p class=\"x_MsoNormal\"><span lang=\"ES\">El crecimiento del cors\u00f3dromo, la cercan\u00eda con el p\u00fablico y la magnitud del espect\u00e1culo tambi\u00e9n fueron parte de su an\u00e1lisis. \u201cEs muy favorable tanto para el bailar\u00edn como para el espectador ya que pueden apreciar lo que brinda cada comparsa, el comparsero, cada figura que desfila por la pasarela\u201d, se\u00f1al\u00f3.<\/span><\/p>\n<p class=\"x_MsoNormal\"><span lang=\"ES\">Figura consagrada en distintos carnavales, Mariana volvi\u00f3 a Goya con Aymara, volvi\u00f3 a sus ra\u00edces, volvi\u00f3 al lugar donde el coraz\u00f3n late distinto. \u201cEs muy bueno volver, que me reciban con tanto cari\u00f1o para m\u00ed es una sorpresa y una gratitud enorme\u201d, manifest\u00f3, emocionada.<\/span><\/p>\n<p class=\"x_MsoNormal\"><span lang=\"ES\">\u00a0<\/span><\/p>\n<p class=\"x_MsoNormal\"><span lang=\"ES\">El cari\u00f1o del p\u00fablico fue evidente durante toda su pasada. Ovaciones, gritos y aplausos acompa\u00f1aron cada movimiento, algo que la propia bastonera destac\u00f3: \u201cEstaban todos euf\u00f3ricos, eso contagia mucho a la hora de bailar\u201d.<\/span><\/p>\n<p class=\"x_MsoNormal\"><span lang=\"ES\">Sobre Aymara 2026, su mirada fue tan clara como apasionada: \u201ca la comparsa la veo hermosa, hace muchos a\u00f1os que no estaba en Goya y la verdad que volver a ver a Aymara me gan\u00f3 y volvi\u00f3 otra vez mi coraz\u00f3n\u201d.<\/span><\/p>\n<p class=\"x_MsoNormal\"><span lang=\"ES\">Tambi\u00e9n hubo palabras de reconocimiento para las dem\u00e1s comparsas que noche a noche dejan todo en la pista. \u201cVeo que se est\u00e1n esforzando mucho, trabajando para sacar adelante cada noche\u201d, sostuvo, y agreg\u00f3: \u201cEl trabajo se siente y se ve esa gran labor\u201d.<\/span><\/p>\n<p class=\"x_MsoNormal\"><span lang=\"ES\">Pensando en la \u00faltima noche y en la premiaci\u00f3n, Pereyra habl\u00f3 de competencia, pero tambi\u00e9n de uni\u00f3n carnavalera: \u201clas ganas de ganar est\u00e1n, pero que sea un carnaval m\u00e1s amistoso eso hace que se unan a\u00fan m\u00e1s todas las comparsas\u201d.<\/span><\/p>\n<p class=\"x_MsoNormal\"><span lang=\"ES\">Finalmente, destac\u00f3 la infraestructura y la puesta en escena del cors\u00f3dromo goyano: \u201cmejor\u00f3 mucho, felicitaciones a todos los que han estado detr\u00e1s de todo esto\u201d, y cerr\u00f3 con un mensaje que abraz\u00f3 a todo el carnaval: \u201cMuchas gracias, espero que hayan disfrutado de esta noche y a cada integrante. Felicitaciones a todas las comparsas\u201d.<\/span><\/p>\n","protected":false},"excerpt":{"rendered":"<p>Bastonera de Scola de Samba: Desde la primera luna carnavalera hasta el cierre vibrante de la tercera noche, el cors\u00f3dromo de Goya tuvo un nombre propio que se repiti\u00f3 en murmullos, aplausos y miradas encendidas: Mariana Pereyra, bastonera de bater\u00eda de la scola de samba \u201cLa Din\u00e1mica\u201d de la tricampeona Comparsa AYMARA. Cada una de [&hellip;]<\/p>\n","protected":false},"author":2,"featured_media":6407,"comment_status":"open","ping_status":"open","sticky":false,"template":"","format":"standard","meta":{"footnotes":""},"categories":[56],"tags":[],"class_list":{"0":"post-6406","1":"post","2":"type-post","3":"status-publish","4":"format-standard","5":"has-post-thumbnail","7":"category-locales"},"_links":{"self":[{"href":"https:\/\/elpueblonoticia.com.ar\/web\/wp-json\/wp\/v2\/posts\/6406","targetHints":{"allow":["GET"]}}],"collection":[{"href":"https:\/\/elpueblonoticia.com.ar\/web\/wp-json\/wp\/v2\/posts"}],"about":[{"href":"https:\/\/elpueblonoticia.com.ar\/web\/wp-json\/wp\/v2\/types\/post"}],"author":[{"embeddable":true,"href":"https:\/\/elpueblonoticia.com.ar\/web\/wp-json\/wp\/v2\/users\/2"}],"replies":[{"embeddable":true,"href":"https:\/\/elpueblonoticia.com.ar\/web\/wp-json\/wp\/v2\/comments?post=6406"}],"version-history":[{"count":1,"href":"https:\/\/elpueblonoticia.com.ar\/web\/wp-json\/wp\/v2\/posts\/6406\/revisions"}],"predecessor-version":[{"id":6410,"href":"https:\/\/elpueblonoticia.com.ar\/web\/wp-json\/wp\/v2\/posts\/6406\/revisions\/6410"}],"wp:featuredmedia":[{"embeddable":true,"href":"https:\/\/elpueblonoticia.com.ar\/web\/wp-json\/wp\/v2\/media\/6407"}],"wp:attachment":[{"href":"https:\/\/elpueblonoticia.com.ar\/web\/wp-json\/wp\/v2\/media?parent=6406"}],"wp:term":[{"taxonomy":"category","embeddable":true,"href":"https:\/\/elpueblonoticia.com.ar\/web\/wp-json\/wp\/v2\/categories?post=6406"},{"taxonomy":"post_tag","embeddable":true,"href":"https:\/\/elpueblonoticia.com.ar\/web\/wp-json\/wp\/v2\/tags?post=6406"}],"curies":[{"name":"wp","href":"https:\/\/api.w.org\/{rel}","templated":true}]}}