{"id":6401,"date":"2026-02-03T08:26:18","date_gmt":"2026-02-03T11:26:18","guid":{"rendered":"https:\/\/elpueblonoticia.com.ar\/web\/?p=6401"},"modified":"2026-02-03T08:26:18","modified_gmt":"2026-02-03T11:26:18","slug":"la-escuela-municipal-de-danza-nativa-llevo-los-talleres-de-verano-a-los-barrios-y-prepara-su-cierre-en-el-bicentenario","status":"publish","type":"post","link":"https:\/\/elpueblonoticia.com.ar\/web\/2026\/02\/03\/la-escuela-municipal-de-danza-nativa-llevo-los-talleres-de-verano-a-los-barrios-y-prepara-su-cierre-en-el-bicentenario\/","title":{"rendered":"LA ESCUELA MUNICIPAL DE DANZA NATIVA LLEV\u00d3 LOS TALLERES DE VERANO A LOS BARRIOS Y PREPARA SU CIERRE EN EL BICENTENARIO"},"content":{"rendered":"<p>&nbsp;<\/p>\n<p class=\"x_MsoNormal\"><span lang=\"ES\" data-olk-copy-source=\"MessageBody\"><img loading=\"lazy\" decoding=\"async\" class=\"alignnone  wp-image-6403\" src=\"https:\/\/elpueblonoticia.com.ar\/web\/wp-content\/uploads\/2026\/02\/eliseo-fleitas-nota-2-282x300.jpeg\" alt=\"\" width=\"720\" height=\"766\" srcset=\"https:\/\/elpueblonoticia.com.ar\/web\/wp-content\/uploads\/2026\/02\/eliseo-fleitas-nota-2-282x300.jpeg 282w, https:\/\/elpueblonoticia.com.ar\/web\/wp-content\/uploads\/2026\/02\/eliseo-fleitas-nota-2-395x420.jpeg 395w, https:\/\/elpueblonoticia.com.ar\/web\/wp-content\/uploads\/2026\/02\/eliseo-fleitas-nota-2-696x740.jpeg 696w, https:\/\/elpueblonoticia.com.ar\/web\/wp-content\/uploads\/2026\/02\/eliseo-fleitas-nota-2.jpeg 720w\" sizes=\"auto, (max-width: 720px) 100vw, 720px\" \/><\/span><\/p>\n<p class=\"x_MsoNormal\"><span lang=\"ES\" data-olk-copy-source=\"MessageBody\">La propuesta impulsada por la Direcci\u00f3n de Cultura de la Municipalidad de Goya, a trav\u00e9s de la Escuela Municipal de Danza Nativa \u201cEl Trovador\u201d, tuvo una destacada respuesta en distintos puntos de la ciudad. El profesor Eliseo Fleitas valor\u00f3 la apertura territorial, el trabajo de los instructores y el impacto formativo de los talleres, que culminar\u00e1n este martes a las 19.30 en Casa del Bicentenario.<\/span><\/p>\n<p class=\"x_MsoNormal\"><span lang=\"ES\">En di\u00e1logo telef\u00f3nico con Radio Ciudad 88.3, el director de la Escuela Municipal de Danza, profesor Eliseo Fleitas, realiz\u00f3 un balance altamente positivo de esta experiencia estival que tuvo lugar en varias sedes barriales de Goya.<\/span><\/p>\n<p class=\"x_MsoNormal\"><span lang=\"ES\">\u201cAc\u00e1 terminando una nueva etapa de lo que son los talleres de verano, esta vez directamente de lo que es coordinaci\u00f3n porque les toc\u00f3 a los instructores, a los profes hacerse cargo como era la idea ya hace rato de que puedan tambi\u00e9n ellos hacerse de sus herramientas y poder vivir la experiencia del campo laboral, no solamente en lo que es las clases relacionada al Conservatorio de Danza, sino tambi\u00e9n a esto que es un campo directo en contacto espec\u00edfico con alumnos\u201d, indic\u00f3 Fleitas.<\/span><\/p>\n<p class=\"x_MsoNormal\"><span lang=\"ES\">Uno de los profesores a cargo de los talleres, Nahuel Caneva, destac\u00f3 la muy buena aceptaci\u00f3n, la alta adhesi\u00f3n y la convocatoria lograda, subrayando adem\u00e1s el valor agregado que signific\u00f3 el traslado del equipo docente a los barrios, fortaleciendo la actividad en territorio y en espacios abiertos.<\/span><\/p>\n<p class=\"x_MsoNormal\"><span lang=\"ES\">Al respecto, Fleitas record\u00f3 c\u00f3mo se trabajaba en ediciones anteriores: \u201cA\u00f1os anteriores hemos activado directamente en Casa Bicentenario donde son las clases de la escuela de danza\u201d, se\u00f1al\u00f3.<\/span><\/p>\n<p class=\"x_MsoNormal\"><span lang=\"ES\">\u201cHemos activado los talleres abiertos, obviamente ten\u00edamos la convocatoria o la concurrencia habitual de dar la matr\u00edcula del alumnado espec\u00edfico de la escuela m\u00e1s los chicos o alumnos nuevos o interesados\u201d, agreg\u00f3 el director de la Escuela Municipal de Danza Nativa \u201cEl Trovador\u201d.<\/span><\/p>\n<p class=\"x_MsoNormal\"><span lang=\"ES\">Sin embargo, remarc\u00f3 que este verano el enfoque fue distinto: \u201cEn este caso fue diferente, se busc\u00f3 una apertura, ir a los lugares donde son posibles potenciales receptores de nuevos alumnos y gratamente o sorpresivamente tuvo buena concurrencia, se hicieron cargo de los talleres, Nahuel Caneva, Gonzalo G\u00f3mez, Paola Garfascoli en principio y la verdad con muy buena aceptaci\u00f3n\u201d, subray\u00f3 el profesor de danza.<\/span><\/p>\n<p class=\"x_MsoNormal\"><span lang=\"ES\">Muchos de los participantes ya mantienen un v\u00ednculo con la Escuela Municipal de Danza en Casa del Bicentenario, mientras que otros se perfilan como potenciales alumnos para el ciclo anual.<\/span><\/p>\n<p class=\"x_MsoNormal\"><span lang=\"ES\">Consultado sobre un cierre formal de esta etapa, Fleitas confirm\u00f3 la realizaci\u00f3n de un encuentro especial: \u201cJustamente est\u00e1 pautado y coordinado para hacer un cierre de los talleres el d\u00eda de ma\u00f1ana, martes\u201d, manifest\u00f3.<\/span><\/p>\n<p class=\"x_MsoNormal\"><span lang=\"ES\">\u201cEn Casa del Bicentenario a las 19.30 horas vamos a estar compartiendo o concluyendo esta etapa de lo que fueron los talleres de danza de verano\u201d, a\u00f1adi\u00f3.<\/span><\/p>\n<p class=\"x_MsoNormal\"><span lang=\"ES\">En ese sentido, puso en valor el acompa\u00f1amiento institucional recibido: \u201cLa verdad que es una experiencia muy linda para los profes, los chicos y sobre todo en esto de lo que es la apertura de la Direcci\u00f3n de Cultura, de tener siempre una aceptaci\u00f3n y un acompa\u00f1amiento a cada iniciativa que tenemos de la escuela municipal de danza y eso habla no solo del acompa\u00f1amiento o la libertad a la hora de la ejecuci\u00f3n, sino tambi\u00e9n de lo atinado por ah\u00ed que estamos siendo a la hora de proponer y trabajar directamente con una apertura de actividades de la Direcci\u00f3n de Cultura tambi\u00e9n y la coordinaci\u00f3n de la Escuela Municipal de Danza\u201d, destac\u00f3.<\/span><\/p>\n<p class=\"x_MsoNormal\"><span lang=\"ES\">Fleitas tambi\u00e9n hizo referencia al intenso verano de trabajo que atraves\u00f3 la instituci\u00f3n: \u201cNo es f\u00e1cil, venimos de un verano donde estuvimos trabajando inclusive hasta en la Fiesta del Chamam\u00e9, acompa\u00f1ando a los chicos que fueron en pareja y dem\u00e1s. Ya tenemos trabajo en lo que son talleres afuera y la idea era por ah\u00ed descansar un poco de lo que era la rutina diaria de la escuela municipal de danza y decidimos abrir la apertura para tener un poquito de aire fresco y salir a los barrios\u201d, asever\u00f3.<\/span><\/p>\n<p class=\"x_MsoNormal\"><span lang=\"ES\">El balance general fue altamente positivo y alentador de cara al a\u00f1o: \u201cLa verdad que fue muy positivo y tambi\u00e9n una apertura de lo que podemos llegar a proyectarnos este a\u00f1o en la Escuela Municipal de Danza y tambi\u00e9n para otras actividades que ten\u00edamos pendientes, esto es un buen term\u00f3metro\u201d, expres\u00f3.<\/span><\/p>\n<p class=\"x_MsoNormal\"><span lang=\"ES\">El cierre de los talleres se realizar\u00e1 ma\u00f1ana martes a las 19:30 horas en Casa del Bicentenario, con una convocatoria abierta para reconocer el trabajo del equipo coordinador y de todos los participantes que fueron protagonistas del proceso formativo.<\/span><\/p>\n<p class=\"x_MsoNormal\"><span lang=\"ES\">Finalmente, Fleitas se refiri\u00f3 al presente art\u00edstico de la escuela, a\u00fan con el eco reciente de la Fiesta Nacional del Chamam\u00e9 y la participaci\u00f3n en instancias preselectivas de importantes festivales nacionales:<\/span><\/p>\n<p class=\"x_MsoNormal\"><span lang=\"ES\">\u201cPudimos gratamente concretar varios objetivos de la Escuela Municipal de Danza, entre ellas era aspirar a que desde la escuela se gane un lugar para estar en estas hermosas fiestas\u201d, afirm\u00f3.<\/span><\/p>\n<p class=\"x_MsoNormal\"><span lang=\"ES\">\u201cSabemos que las invitaciones siempre est\u00e1n, los chicos han sido invitados para participar inclusive de la presentaci\u00f3n con el ballet oficial, con grupos, pero esto de los tres selectivos para nosotros tiene un tinte especial porque es donde uno realmente gana un lugar de una propuesta art\u00edstica\u201d, a\u00f1adi\u00f3.<\/span><\/p>\n<p class=\"x_MsoNormal\"><span lang=\"ES\">\u201cEl a\u00f1o pasado se le dio a Geria Celes, tambi\u00e9n el conjunto de danza que se ha quedado con una menci\u00f3n especial y eso le da un acceso directo a la final de este a\u00f1o para el a\u00f1o que viene de la fiesta\u201d, subray\u00f3.<\/span><\/p>\n<p class=\"x_MsoNormal\"><span lang=\"ES\">\u201cEl preselectivo a Laborde (C\u00f3rdoba) que el a\u00f1o pasado se realiz\u00f3 en Santa Luc\u00eda y estuvimos acompa\u00f1ando tambi\u00e9n donde los chicos sacaron un segundo lugar, que no es poca cosa, segundo en la provincia, subcampe\u00f3n en conjunto tradicional; tambi\u00e9n la idea es volver a los preselectivos de Cosqu\u00edn que si Dios quiere hay nuevas novedades positivas, seguramente dentro de poquito vamos a dar a conocer\u201d, adelant\u00f3.<\/span><\/p>\n<p class=\"x_MsoNormal\"><span lang=\"ES\">\u201cAs\u00ed que la verdad que un a\u00f1o con mucho trabajo donde se vio no s\u00f3lo reflejado en lo que es institucionalmente ah\u00ed en Bicentenario con todos los d\u00edas de concurrencia, agitados y movidos que estaba el sal\u00f3n, sino tambi\u00e9n a la hora de las presentaciones\u201d, enfatiz\u00f3.<\/span><\/p>\n<p class=\"x_MsoNormal\"><span lang=\"ES\">Para cerrar, Fleitas dej\u00f3 una reflexi\u00f3n sobre el camino recorrido: \u201cEso habla de que se viene haciendo bien las cosas, venimos trabajando y proyectando muchas cosas y gracias a Dios el equipo acompa\u00f1a, el equipo entendi\u00f3 que debemos sostener en el tiempo y esto implica involucrarse\u201d, concluy\u00f3 el profesor de danza.<\/span><\/p>\n<p class=\"x_MsoNormal\"><span lang=\"ES\">\u00a0<\/span><\/p>\n<p class=\"x_MsoNormal\"><span lang=\"ES\" data-olk-copy-source=\"MessageBody\">La propuesta impulsada por la Direcci\u00f3n de Cultura de la Municipalidad de Goya, a trav\u00e9s de la Escuela Municipal de Danza Nativa \u201cEl Trovador\u201d, tuvo una destacada respuesta en distintos puntos de la ciudad. El profesor Eliseo Fleitas valor\u00f3 la apertura territorial, el trabajo de los instructores y el impacto formativo de los talleres, que culminar\u00e1n este martes a las 19.30 en Casa del Bicentenario.<\/span><\/p>\n<p class=\"x_MsoNormal\"><span lang=\"ES\">En di\u00e1logo telef\u00f3nico con Radio Ciudad 88.3, el director de la Escuela Municipal de Danza, profesor Eliseo Fleitas, realiz\u00f3 un balance altamente positivo de esta experiencia estival que tuvo lugar en varias sedes barriales de Goya.<\/span><\/p>\n<p class=\"x_MsoNormal\"><span lang=\"ES\">\u201cAc\u00e1 terminando una nueva etapa de lo que son los talleres de verano, esta vez directamente de lo que es coordinaci\u00f3n porque les toc\u00f3 a los instructores, a los profes hacerse cargo como era la idea ya hace rato de que puedan tambi\u00e9n ellos hacerse de sus herramientas y poder vivir la experiencia del campo laboral, no solamente en lo que es las clases relacionada al Conservatorio de Danza, sino tambi\u00e9n a esto que es un campo directo en contacto espec\u00edfico con alumnos\u201d, indic\u00f3 Fleitas.<\/span><\/p>\n<p class=\"x_MsoNormal\"><span lang=\"ES\">Uno de los profesores a cargo de los talleres, Nahuel Caneva, destac\u00f3 la muy buena aceptaci\u00f3n, la alta adhesi\u00f3n y la convocatoria lograda, subrayando adem\u00e1s el valor agregado que signific\u00f3 el traslado del equipo docente a los barrios, fortaleciendo la actividad en territorio y en espacios abiertos.<\/span><\/p>\n<p class=\"x_MsoNormal\"><span lang=\"ES\">Al respecto, Fleitas record\u00f3 c\u00f3mo se trabajaba en ediciones anteriores: \u201cA\u00f1os anteriores hemos activado directamente en Casa Bicentenario donde son las clases de la escuela de danza\u201d, se\u00f1al\u00f3.<\/span><\/p>\n<p class=\"x_MsoNormal\"><span lang=\"ES\">\u201cHemos activado los talleres abiertos, obviamente ten\u00edamos la convocatoria o la concurrencia habitual de dar la matr\u00edcula del alumnado espec\u00edfico de la escuela m\u00e1s los chicos o alumnos nuevos o interesados\u201d, agreg\u00f3 el director de la Escuela Municipal de Danza Nativa \u201cEl Trovador\u201d.<\/span><\/p>\n<p class=\"x_MsoNormal\"><span lang=\"ES\">Sin embargo, remarc\u00f3 que este verano el enfoque fue distinto: \u201cEn este caso fue diferente, se busc\u00f3 una apertura, ir a los lugares donde son posibles potenciales receptores de nuevos alumnos y gratamente o sorpresivamente tuvo buena concurrencia, se hicieron cargo de los talleres, Nahuel Caneva, Gonzalo G\u00f3mez, Paola Garfascoli en principio y la verdad con muy buena aceptaci\u00f3n\u201d, subray\u00f3 el profesor de danza.<\/span><\/p>\n<p class=\"x_MsoNormal\"><span lang=\"ES\">Muchos de los participantes ya mantienen un v\u00ednculo con la Escuela Municipal de Danza en Casa del Bicentenario, mientras que otros se perfilan como potenciales alumnos para el ciclo anual.<\/span><\/p>\n<p class=\"x_MsoNormal\"><span lang=\"ES\">Consultado sobre un cierre formal de esta etapa, Fleitas confirm\u00f3 la realizaci\u00f3n de un encuentro especial: \u201cJustamente est\u00e1 pautado y coordinado para hacer un cierre de los talleres el d\u00eda de ma\u00f1ana, martes\u201d, manifest\u00f3.<\/span><\/p>\n<p class=\"x_MsoNormal\"><span lang=\"ES\">\u201cEn Casa del Bicentenario a las 19.30 horas vamos a estar compartiendo o concluyendo esta etapa de lo que fueron los talleres de danza de verano\u201d, a\u00f1adi\u00f3.<\/span><\/p>\n<p class=\"x_MsoNormal\"><span lang=\"ES\">En ese sentido, puso en valor el acompa\u00f1amiento institucional recibido: \u201cLa verdad que es una experiencia muy linda para los profes, los chicos y sobre todo en esto de lo que es la apertura de la Direcci\u00f3n de Cultura, de tener siempre una aceptaci\u00f3n y un acompa\u00f1amiento a cada iniciativa que tenemos de la escuela municipal de danza y eso habla no solo del acompa\u00f1amiento o la libertad a la hora de la ejecuci\u00f3n, sino tambi\u00e9n de lo atinado por ah\u00ed que estamos siendo a la hora de proponer y trabajar directamente con una apertura de actividades de la Direcci\u00f3n de Cultura tambi\u00e9n y la coordinaci\u00f3n de la Escuela Municipal de Danza\u201d, destac\u00f3.<\/span><\/p>\n<p class=\"x_MsoNormal\"><span lang=\"ES\">Fleitas tambi\u00e9n hizo referencia al intenso verano de trabajo que atraves\u00f3 la instituci\u00f3n: \u201cNo es f\u00e1cil, venimos de un verano donde estuvimos trabajando inclusive hasta en la Fiesta del Chamam\u00e9, acompa\u00f1ando a los chicos que fueron en pareja y dem\u00e1s. Ya tenemos trabajo en lo que son talleres afuera y la idea era por ah\u00ed descansar un poco de lo que era la rutina diaria de la escuela municipal de danza y decidimos abrir la apertura para tener un poquito de aire fresco y salir a los barrios\u201d, asever\u00f3.<\/span><\/p>\n<p class=\"x_MsoNormal\"><span lang=\"ES\">El balance general fue altamente positivo y alentador de cara al a\u00f1o: \u201cLa verdad que fue muy positivo y tambi\u00e9n una apertura de lo que podemos llegar a proyectarnos este a\u00f1o en la Escuela Municipal de Danza y tambi\u00e9n para otras actividades que ten\u00edamos pendientes, esto es un buen term\u00f3metro\u201d, expres\u00f3.<\/span><\/p>\n<p class=\"x_MsoNormal\"><span lang=\"ES\">El cierre de los talleres se realizar\u00e1 ma\u00f1ana martes a las 19:30 horas en Casa del Bicentenario, con una convocatoria abierta para reconocer el trabajo del equipo coordinador y de todos los participantes que fueron protagonistas del proceso formativo.<\/span><\/p>\n<p class=\"x_MsoNormal\"><span lang=\"ES\">Finalmente, Fleitas se refiri\u00f3 al presente art\u00edstico de la escuela, a\u00fan con el eco reciente de la Fiesta Nacional del Chamam\u00e9 y la participaci\u00f3n en instancias preselectivas de importantes festivales nacionales:<\/span><\/p>\n<p class=\"x_MsoNormal\"><span lang=\"ES\">\u201cPudimos gratamente concretar varios objetivos de la Escuela Municipal de Danza, entre ellas era aspirar a que desde la escuela se gane un lugar para estar en estas hermosas fiestas\u201d, afirm\u00f3.<\/span><\/p>\n<p class=\"x_MsoNormal\"><span lang=\"ES\">\u201cSabemos que las invitaciones siempre est\u00e1n, los chicos han sido invitados para participar inclusive de la presentaci\u00f3n con el ballet oficial, con grupos, pero esto de los tres selectivos para nosotros tiene un tinte especial porque es donde uno realmente gana un lugar de una propuesta art\u00edstica\u201d, a\u00f1adi\u00f3.<\/span><\/p>\n<p class=\"x_MsoNormal\"><span lang=\"ES\">\u201cEl a\u00f1o pasado se le dio a Geria Celes, tambi\u00e9n el conjunto de danza que se ha quedado con una menci\u00f3n especial y eso le da un acceso directo a la final de este a\u00f1o para el a\u00f1o que viene de la fiesta\u201d, subray\u00f3.<\/span><\/p>\n<p class=\"x_MsoNormal\"><span lang=\"ES\">\u201cEl preselectivo a Laborde (C\u00f3rdoba) que el a\u00f1o pasado se realiz\u00f3 en Santa Luc\u00eda y estuvimos acompa\u00f1ando tambi\u00e9n donde los chicos sacaron un segundo lugar, que no es poca cosa, segundo en la provincia, subcampe\u00f3n en conjunto tradicional; tambi\u00e9n la idea es volver a los preselectivos de Cosqu\u00edn que si Dios quiere hay nuevas novedades positivas, seguramente dentro de poquito vamos a dar a conocer\u201d, adelant\u00f3.<\/span><\/p>\n<p class=\"x_MsoNormal\"><span lang=\"ES\">\u201cAs\u00ed que la verdad que un a\u00f1o con mucho trabajo donde se vio no s\u00f3lo reflejado en lo que es institucionalmente ah\u00ed en Bicentenario con todos los d\u00edas de concurrencia, agitados y movidos que estaba el sal\u00f3n, sino tambi\u00e9n a la hora de las presentaciones\u201d, enfatiz\u00f3.<\/span><\/p>\n<p class=\"x_MsoNormal\"><span lang=\"ES\">Para cerrar, Fleitas dej\u00f3 una reflexi\u00f3n sobre el camino recorrido: \u201cEso habla de que se viene haciendo bien las cosas, venimos trabajando y proyectando muchas cosas y gracias a Dios el equipo acompa\u00f1a, el equipo entendi\u00f3 que debemos sostener en el tiempo y esto implica involucrarse\u201d, concluy\u00f3 el profesor de danza.<\/span><\/p>\n<p class=\"x_MsoNormal\"><span lang=\"ES\">\u00a0<\/span><\/p>\n","protected":false},"excerpt":{"rendered":"<p>&nbsp; La propuesta impulsada por la Direcci\u00f3n de Cultura de la Municipalidad de Goya, a trav\u00e9s de la Escuela Municipal de Danza Nativa \u201cEl Trovador\u201d, tuvo una destacada respuesta en distintos puntos de la ciudad. El profesor Eliseo Fleitas valor\u00f3 la apertura territorial, el trabajo de los instructores y el impacto formativo de los talleres, [&hellip;]<\/p>\n","protected":false},"author":2,"featured_media":6402,"comment_status":"open","ping_status":"open","sticky":false,"template":"","format":"standard","meta":{"footnotes":""},"categories":[56],"tags":[],"class_list":{"0":"post-6401","1":"post","2":"type-post","3":"status-publish","4":"format-standard","5":"has-post-thumbnail","7":"category-locales"},"_links":{"self":[{"href":"https:\/\/elpueblonoticia.com.ar\/web\/wp-json\/wp\/v2\/posts\/6401","targetHints":{"allow":["GET"]}}],"collection":[{"href":"https:\/\/elpueblonoticia.com.ar\/web\/wp-json\/wp\/v2\/posts"}],"about":[{"href":"https:\/\/elpueblonoticia.com.ar\/web\/wp-json\/wp\/v2\/types\/post"}],"author":[{"embeddable":true,"href":"https:\/\/elpueblonoticia.com.ar\/web\/wp-json\/wp\/v2\/users\/2"}],"replies":[{"embeddable":true,"href":"https:\/\/elpueblonoticia.com.ar\/web\/wp-json\/wp\/v2\/comments?post=6401"}],"version-history":[{"count":1,"href":"https:\/\/elpueblonoticia.com.ar\/web\/wp-json\/wp\/v2\/posts\/6401\/revisions"}],"predecessor-version":[{"id":6404,"href":"https:\/\/elpueblonoticia.com.ar\/web\/wp-json\/wp\/v2\/posts\/6401\/revisions\/6404"}],"wp:featuredmedia":[{"embeddable":true,"href":"https:\/\/elpueblonoticia.com.ar\/web\/wp-json\/wp\/v2\/media\/6402"}],"wp:attachment":[{"href":"https:\/\/elpueblonoticia.com.ar\/web\/wp-json\/wp\/v2\/media?parent=6401"}],"wp:term":[{"taxonomy":"category","embeddable":true,"href":"https:\/\/elpueblonoticia.com.ar\/web\/wp-json\/wp\/v2\/categories?post=6401"},{"taxonomy":"post_tag","embeddable":true,"href":"https:\/\/elpueblonoticia.com.ar\/web\/wp-json\/wp\/v2\/tags?post=6401"}],"curies":[{"name":"wp","href":"https:\/\/api.w.org\/{rel}","templated":true}]}}