{"id":6393,"date":"2026-02-03T07:30:21","date_gmt":"2026-02-03T10:30:21","guid":{"rendered":"https:\/\/elpueblonoticia.com.ar\/web\/?p=6393"},"modified":"2026-02-03T07:30:21","modified_gmt":"2026-02-03T10:30:21","slug":"gisella-lemos-emocion-y-homenaje-en-la-alfombra-blanca-el-corazon-que-bailo-en-la-tercera-noche-del-carnaval","status":"publish","type":"post","link":"https:\/\/elpueblonoticia.com.ar\/web\/2026\/02\/03\/gisella-lemos-emocion-y-homenaje-en-la-alfombra-blanca-el-corazon-que-bailo-en-la-tercera-noche-del-carnaval\/","title":{"rendered":"GISELLA LEMOS, EMOCI\u00d3N Y HOMENAJE EN LA ALFOMBRA BLANCA: EL CORAZ\u00d3N QUE BAIL\u00d3 EN LA TERCERA NOCHE DEL CARNAVAL"},"content":{"rendered":"<p><img loading=\"lazy\" decoding=\"async\" class=\"alignnone size-medium wp-image-6395\" src=\"https:\/\/elpueblonoticia.com.ar\/web\/wp-content\/uploads\/2026\/02\/gisella-lemos-nota-1-300x200.jpeg\" alt=\"\" width=\"300\" height=\"200\" srcset=\"https:\/\/elpueblonoticia.com.ar\/web\/wp-content\/uploads\/2026\/02\/gisella-lemos-nota-1-300x200.jpeg 300w, https:\/\/elpueblonoticia.com.ar\/web\/wp-content\/uploads\/2026\/02\/gisella-lemos-nota-1-1024x682.jpeg 1024w, https:\/\/elpueblonoticia.com.ar\/web\/wp-content\/uploads\/2026\/02\/gisella-lemos-nota-1-768x512.jpeg 768w, https:\/\/elpueblonoticia.com.ar\/web\/wp-content\/uploads\/2026\/02\/gisella-lemos-nota-1-630x420.jpeg 630w, https:\/\/elpueblonoticia.com.ar\/web\/wp-content\/uploads\/2026\/02\/gisella-lemos-nota-1-696x464.jpeg 696w, https:\/\/elpueblonoticia.com.ar\/web\/wp-content\/uploads\/2026\/02\/gisella-lemos-nota-1-1068x712.jpeg 1068w, https:\/\/elpueblonoticia.com.ar\/web\/wp-content\/uploads\/2026\/02\/gisella-lemos-nota-1.jpeg 1280w\" sizes=\"auto, (max-width: 300px) 100vw, 300px\" \/><img loading=\"lazy\" decoding=\"async\" class=\"alignnone size-medium wp-image-6396\" src=\"https:\/\/elpueblonoticia.com.ar\/web\/wp-content\/uploads\/2026\/02\/gisella-lemos-nota-1-300x225.jpg\" alt=\"\" width=\"300\" height=\"225\" srcset=\"https:\/\/elpueblonoticia.com.ar\/web\/wp-content\/uploads\/2026\/02\/gisella-lemos-nota-1-300x225.jpg 300w, https:\/\/elpueblonoticia.com.ar\/web\/wp-content\/uploads\/2026\/02\/gisella-lemos-nota-1-1024x768.jpg 1024w, https:\/\/elpueblonoticia.com.ar\/web\/wp-content\/uploads\/2026\/02\/gisella-lemos-nota-1-768x576.jpg 768w, https:\/\/elpueblonoticia.com.ar\/web\/wp-content\/uploads\/2026\/02\/gisella-lemos-nota-1-1536x1152.jpg 1536w, https:\/\/elpueblonoticia.com.ar\/web\/wp-content\/uploads\/2026\/02\/gisella-lemos-nota-1-2048x1536.jpg 2048w, https:\/\/elpueblonoticia.com.ar\/web\/wp-content\/uploads\/2026\/02\/gisella-lemos-nota-1-560x420.jpg 560w, https:\/\/elpueblonoticia.com.ar\/web\/wp-content\/uploads\/2026\/02\/gisella-lemos-nota-1-80x60.jpg 80w, https:\/\/elpueblonoticia.com.ar\/web\/wp-content\/uploads\/2026\/02\/gisella-lemos-nota-1-696x522.jpg 696w, https:\/\/elpueblonoticia.com.ar\/web\/wp-content\/uploads\/2026\/02\/gisella-lemos-nota-1-1068x801.jpg 1068w, https:\/\/elpueblonoticia.com.ar\/web\/wp-content\/uploads\/2026\/02\/gisella-lemos-nota-1-265x198.jpg 265w\" sizes=\"auto, (max-width: 300px) 100vw, 300px\" \/><img loading=\"lazy\" decoding=\"async\" class=\"alignnone size-medium wp-image-6397\" src=\"https:\/\/elpueblonoticia.com.ar\/web\/wp-content\/uploads\/2026\/02\/gisella-lemos-nota-4-200x300.jpg\" alt=\"\" width=\"200\" height=\"300\" srcset=\"https:\/\/elpueblonoticia.com.ar\/web\/wp-content\/uploads\/2026\/02\/gisella-lemos-nota-4-200x300.jpg 200w, https:\/\/elpueblonoticia.com.ar\/web\/wp-content\/uploads\/2026\/02\/gisella-lemos-nota-4-683x1024.jpg 683w, https:\/\/elpueblonoticia.com.ar\/web\/wp-content\/uploads\/2026\/02\/gisella-lemos-nota-4-768x1152.jpg 768w, https:\/\/elpueblonoticia.com.ar\/web\/wp-content\/uploads\/2026\/02\/gisella-lemos-nota-4-1024x1536.jpg 1024w, https:\/\/elpueblonoticia.com.ar\/web\/wp-content\/uploads\/2026\/02\/gisella-lemos-nota-4-1365x2048.jpg 1365w, https:\/\/elpueblonoticia.com.ar\/web\/wp-content\/uploads\/2026\/02\/gisella-lemos-nota-4-280x420.jpg 280w, https:\/\/elpueblonoticia.com.ar\/web\/wp-content\/uploads\/2026\/02\/gisella-lemos-nota-4-696x1044.jpg 696w, https:\/\/elpueblonoticia.com.ar\/web\/wp-content\/uploads\/2026\/02\/gisella-lemos-nota-4-1068x1602.jpg 1068w, https:\/\/elpueblonoticia.com.ar\/web\/wp-content\/uploads\/2026\/02\/gisella-lemos-nota-4-scaled.jpg 1707w\" sizes=\"auto, (max-width: 200px) 100vw, 200px\" \/> <img loading=\"lazy\" decoding=\"async\" class=\"alignnone size-medium wp-image-6398\" src=\"https:\/\/elpueblonoticia.com.ar\/web\/wp-content\/uploads\/2026\/02\/gisella-lemos-nota-3-200x300.jpg\" alt=\"\" width=\"200\" height=\"300\" srcset=\"https:\/\/elpueblonoticia.com.ar\/web\/wp-content\/uploads\/2026\/02\/gisella-lemos-nota-3-200x300.jpg 200w, https:\/\/elpueblonoticia.com.ar\/web\/wp-content\/uploads\/2026\/02\/gisella-lemos-nota-3-683x1024.jpg 683w, https:\/\/elpueblonoticia.com.ar\/web\/wp-content\/uploads\/2026\/02\/gisella-lemos-nota-3-768x1152.jpg 768w, https:\/\/elpueblonoticia.com.ar\/web\/wp-content\/uploads\/2026\/02\/gisella-lemos-nota-3-1024x1536.jpg 1024w, https:\/\/elpueblonoticia.com.ar\/web\/wp-content\/uploads\/2026\/02\/gisella-lemos-nota-3-1365x2048.jpg 1365w, https:\/\/elpueblonoticia.com.ar\/web\/wp-content\/uploads\/2026\/02\/gisella-lemos-nota-3-280x420.jpg 280w, https:\/\/elpueblonoticia.com.ar\/web\/wp-content\/uploads\/2026\/02\/gisella-lemos-nota-3-696x1044.jpg 696w, https:\/\/elpueblonoticia.com.ar\/web\/wp-content\/uploads\/2026\/02\/gisella-lemos-nota-3-1068x1602.jpg 1068w, https:\/\/elpueblonoticia.com.ar\/web\/wp-content\/uploads\/2026\/02\/gisella-lemos-nota-3-scaled.jpg 1707w\" sizes=\"auto, (max-width: 200px) 100vw, 200px\" \/><\/p>\n<p class=\"x_MsoNormal\"><span lang=\"ES\" data-olk-copy-source=\"MessageBody\">La tercera noche de los Carnavales Goyanos 2026 se vivi\u00f3 este pasado s\u00e1bado como una verdadera celebraci\u00f3n de la danza, el color, la m\u00fasica y, sobre todo, de la emoci\u00f3n. Bajo una nueva luna cargada de sentimientos profundos, recuerdos imborrables y momentos que quedar\u00e1n grabados para siempre en la memoria colectiva, la \u201cAlfombra Blanca\u201d del Cors\u00f3dromo del predio Costa Surub\u00ed volvi\u00f3 a ser escenario de historias que trascienden el brillo y el ritmo.<\/span><\/p>\n<p class=\"x_MsoNormal\"><span lang=\"ES\">Tras el paso de la Comparsa Poramb\u00e1, una de las bailarinas m\u00e1s destacadas y figuras emblem\u00e1ticas de \u201cLa Orqu\u00eddea\u201d regres\u00f3 este a\u00f1o a la pasarela con toda su fuerza, su luz y su sensibilidad intacta. Luego de su presentaci\u00f3n, Gisella Lemos dialog\u00f3 con la transmisi\u00f3n oficial de los Carnavales Goyanos 2026 y comparti\u00f3, visiblemente emocionada, las sensaciones de una noche inolvidable.<\/span><\/p>\n<p class=\"x_MsoNormal\"><span lang=\"ES\">Sobre su esperado regreso al carnaval, expres\u00f3: \u201cestoy muy emocionada, el a\u00f1o pasado no baile por problemas laborales y ahora volv\u00ed y la verdad incre\u00edble la gente, lo que est\u00e1 el cors\u00f3dromo y lo incre\u00edble lo que est\u00e1 mi comparsa, muy feliz de estar ac\u00e1\u201d.<\/span><\/p>\n<p class=\"x_MsoNormal\"><span lang=\"ES\">En ese mismo sentido, destac\u00f3 el rol fundamental del p\u00fablico carnavalero, ese motor que impulsa cada noche de desfile: \u201cla verdad que el p\u00fablico es todo para nosotros, poder salir y que nos devuelvan una sonrisa, un aplauso es algo magn\u00edfico para nosotros\u201d, agreg\u00f3.<\/span><\/p>\n<p class=\"x_MsoNormal\"><span lang=\"ES\">Pero la tercera noche tuvo para Gisella una carga emotiva a\u00fan m\u00e1s profunda. D\u00edas atr\u00e1s atraves\u00f3 la p\u00e9rdida de su padre, un dolor inmenso que, lejos de apartarla, la impuls\u00f3 a salir a escena y transformar ese sentimiento en arte y homenaje. Con total sinceridad, comparti\u00f3: \u201cestoy pasando un momento dif\u00edcil, pero bailar y el carnaval son las pasiones m\u00e1s grandes que tengo y me reconfortan a m\u00ed\u201d.<\/span><\/p>\n<p class=\"x_MsoNormal\"><span lang=\"ES\">Acompa\u00f1ada por el amor de los suyos, remarc\u00f3 la importancia de ese sost\u00e9n emocional: \u201cpoder estar hoy acompa\u00f1ada de mi familia, de mis amigos, bailando en mi ciudad, en mi comparsa es muy gratificante realmente\u201d, a\u00f1adi\u00f3 una de las figuras de Poramb\u00e1.<\/span><\/p>\n<p class=\"x_MsoNormal\"><span lang=\"ES\">Consultada sobre c\u00f3mo logra canalizar el dolor y convertirlo en energ\u00eda positiva sobre la pasarela, explic\u00f3: \u201csiento que canalizo mucho con el baile, entonces es como que ah\u00ed largo todo, conecto con el p\u00fablico, la m\u00fasica, baile y me divierto much\u00edsimo\u201d.<\/span><\/p>\n<p class=\"x_MsoNormal\"><span lang=\"ES\">La danza se transform\u00f3 as\u00ed en un espacio de sanaci\u00f3n y, al mismo tiempo, en un homenaje profundamente simb\u00f3lico. Sobre la Alfombra Blanca, Gisella llev\u00f3 consigo un objeto cargado de significado y emoci\u00f3n: \u201choy particularmente estoy con muchas emociones porque mi pap\u00e1 falleci\u00f3 la semana pasada y estoy homenajeando y por eso llevo un abanico en homenaje a mi pap\u00e1 porque fue mi compa\u00f1ero al igual que mi mam\u00e1 desde los 3 a\u00f1os me acompa\u00f1an todas las noches de carnaval\u201d.<\/span><\/p>\n<p class=\"x_MsoNormal\"><span lang=\"ES\">Con la voz quebrada por el sentimiento, a\u00f1adi\u00f3: \u201choy sent\u00ed que su compa\u00f1\u00eda (por el padre) sigue intacta, conmigo y me va acompa\u00f1ar el resto de mi vida\u201d, y subray\u00f3 con orgullo: \u201ces un carnavalero a muerte mi pap\u00e1\u201d.<\/span><\/p>\n<p class=\"x_MsoNormal\"><span lang=\"ES\">En este contexto donde el dolor y el amor se entrelazaron, el respaldo de su familia, de sus compa\u00f1eros y de toda la comparsa fue clave para que Gisella Lemos brillara con luz propia en la tercera noche de los Carnavales Goyanos 2026. Agradecida, manifest\u00f3: \u201csin palabras hacia mi comparsa, siempre me ayudaron, apoyaron, contuvieron y ellos saben el amor que siento al baile y a Poramb\u00e1 en s\u00ed\u201d.<\/span><\/p>\n<p class=\"x_MsoNormal\"><span lang=\"ES\">Y cerr\u00f3 ese tramo con emoci\u00f3n genuina: \u201ctodo el amor que doy vuelve con ellos y estoy muy feliz realmente\u201d, expres\u00f3 la figura de \u201cLa Orqu\u00eddea\u201d.<\/span><\/p>\n<p class=\"x_MsoNormal\"><span lang=\"ES\">La jornada fue, adem\u00e1s, la \u00faltima noche puntuable del carnaval, con un Cors\u00f3dromo colmado y espect\u00e1culos de alt\u00edsimo nivel por parte de todas las comparsas. En ese marco, Gisella tambi\u00e9n fue consultada sobre el desempe\u00f1o art\u00edstico de Poramb\u00e1 a lo largo de los Carnavales 2026. Al respecto, afirm\u00f3: \u201csiento que la comparsa est\u00e1 muy arm\u00f3nica, hermosa, sali\u00f3 prolija\u201d.<\/span><\/p>\n<p class=\"x_MsoNormal\"><span lang=\"ES\">Y no dud\u00f3 en compartir su percepci\u00f3n final: \u201cmi sensaci\u00f3n es que Poramb\u00e1 es la ganadora de este a\u00f1o\u201d.<\/span><\/p>\n<p class=\"x_MsoNormal\"><span lang=\"ES\">Finalmente, al referirse al nivel general de la fiesta mayor y su constante crecimiento, destac\u00f3: \u201crealmente hay mucha competencia porque el carnaval est\u00e1 incre\u00edble\u201d. Para cerrar, valor\u00f3 el esfuerzo colectivo que sostiene esta pasi\u00f3n popular: \u201ctodas las comparsas salieron hermosas, lo dan todo y el carnaval de Goya est\u00e1 creciendo y se lo debemos al p\u00fablico y a toda la organizaci\u00f3n\u201d, concluy\u00f3 Gisella Lemos.<\/span><\/p>\n<p class=\"x_MsoNormal\"><span lang=\"ES\">\u00a0<\/span><\/p>\n","protected":false},"excerpt":{"rendered":"<p>La tercera noche de los Carnavales Goyanos 2026 se vivi\u00f3 este pasado s\u00e1bado como una verdadera celebraci\u00f3n de la danza, el color, la m\u00fasica y, sobre todo, de la emoci\u00f3n. Bajo una nueva luna cargada de sentimientos profundos, recuerdos imborrables y momentos que quedar\u00e1n grabados para siempre en la memoria colectiva, la \u201cAlfombra Blanca\u201d del [&hellip;]<\/p>\n","protected":false},"author":2,"featured_media":6394,"comment_status":"open","ping_status":"open","sticky":false,"template":"","format":"standard","meta":{"footnotes":""},"categories":[56],"tags":[],"class_list":{"0":"post-6393","1":"post","2":"type-post","3":"status-publish","4":"format-standard","5":"has-post-thumbnail","7":"category-locales"},"_links":{"self":[{"href":"https:\/\/elpueblonoticia.com.ar\/web\/wp-json\/wp\/v2\/posts\/6393","targetHints":{"allow":["GET"]}}],"collection":[{"href":"https:\/\/elpueblonoticia.com.ar\/web\/wp-json\/wp\/v2\/posts"}],"about":[{"href":"https:\/\/elpueblonoticia.com.ar\/web\/wp-json\/wp\/v2\/types\/post"}],"author":[{"embeddable":true,"href":"https:\/\/elpueblonoticia.com.ar\/web\/wp-json\/wp\/v2\/users\/2"}],"replies":[{"embeddable":true,"href":"https:\/\/elpueblonoticia.com.ar\/web\/wp-json\/wp\/v2\/comments?post=6393"}],"version-history":[{"count":1,"href":"https:\/\/elpueblonoticia.com.ar\/web\/wp-json\/wp\/v2\/posts\/6393\/revisions"}],"predecessor-version":[{"id":6399,"href":"https:\/\/elpueblonoticia.com.ar\/web\/wp-json\/wp\/v2\/posts\/6393\/revisions\/6399"}],"wp:featuredmedia":[{"embeddable":true,"href":"https:\/\/elpueblonoticia.com.ar\/web\/wp-json\/wp\/v2\/media\/6394"}],"wp:attachment":[{"href":"https:\/\/elpueblonoticia.com.ar\/web\/wp-json\/wp\/v2\/media?parent=6393"}],"wp:term":[{"taxonomy":"category","embeddable":true,"href":"https:\/\/elpueblonoticia.com.ar\/web\/wp-json\/wp\/v2\/categories?post=6393"},{"taxonomy":"post_tag","embeddable":true,"href":"https:\/\/elpueblonoticia.com.ar\/web\/wp-json\/wp\/v2\/tags?post=6393"}],"curies":[{"name":"wp","href":"https:\/\/api.w.org\/{rel}","templated":true}]}}