{"id":6388,"date":"2026-01-30T11:44:41","date_gmt":"2026-01-30T14:44:41","guid":{"rendered":"https:\/\/elpueblonoticia.com.ar\/web\/?p=6388"},"modified":"2026-01-30T11:44:41","modified_gmt":"2026-01-30T14:44:41","slug":"corrientes-lo-que-se-sabe-del-segundo-cuerpo-hallado-sin-vida-en-un-descampado","status":"publish","type":"post","link":"https:\/\/elpueblonoticia.com.ar\/web\/2026\/01\/30\/corrientes-lo-que-se-sabe-del-segundo-cuerpo-hallado-sin-vida-en-un-descampado\/","title":{"rendered":"Corrientes: lo que se sabe del segundo cuerpo hallado sin vida en un descampado"},"content":{"rendered":"<p><em>La jornada de ayer cerr\u00f3 con dos muertes en la v\u00eda p\u00fablica. El \u00faltimo hallazgo se produjo en un predio lindante a la avenida Gregorio Pomar. La v\u00edctima, un joven de 33 a\u00f1os en situaci\u00f3n de calle, presentaba quemaduras en la piel por la exposici\u00f3n al sol.<\/em><\/p>\n<p>Un jueves marcado por la tragedia y el horror sacudi\u00f3 a la ciudad de Corrientes. Tras el hallazgo matutino de un hombre sin vida en el barrio San Jorge, la tarde sum\u00f3 un segundo episodio macabro: alrededor de las 19, se report\u00f3 la presencia de un cuerpo en avanzado estado de descomposici\u00f3n en un descampado ubicado sobre la avenida Gregorio Pomar.<\/p>\n<p>El cuerpo fue encontrado en un predio de vegetaci\u00f3n baja, a la vista de una de las arterias m\u00e1s transitadas de la zona. Seg\u00fan los primeros datos trascendidos, el cad\u00e1ver presentaba\u00a0<strong>signos de quemaduras externas<\/strong>, las cuales habr\u00edan sido provocadas por la\u00a0<strong>prolongada exposici\u00f3n al sol<\/strong>\u00a0bajo las temperaturas extremas que azotaron a la capital durante toda la jornada.<\/p>\n<h3 class=\"wp-block-heading\">Identificaci\u00f3n y drama familiar<\/h3>\n<p>Con el correr de las horas, los efectivos policiales lograron identificar al fallecido. Se trata de un joven de\u00a0<strong>33 a\u00f1os<\/strong>, de apellido\u00a0<strong>Machuca<\/strong>, con domicilio en esta Capital. La investigaci\u00f3n dio un giro tras el testimonio de un hermano de la v\u00edctima, quien confirm\u00f3 que el joven se encontraba en\u00a0<strong>situaci\u00f3n de calle<\/strong>\u00a0y que padec\u00eda problemas de\u00a0<strong>consumo de estupefacientes<\/strong>.<\/p>\n<h3 class=\"wp-block-heading\">A la espera de la autopsia<\/h3>\n<p>Pese a que la hip\u00f3tesis del consumo es la m\u00e1s s\u00f3lida, la justicia no descarta otras l\u00edneas de investigaci\u00f3n. Por orden del fiscal en turno, el cuerpo fue trasladado a la\u00a0<strong>Morgue Judicial<\/strong>\u00a0para la realizaci\u00f3n de la autopsia durante la ma\u00f1ana de este viernes.<\/p>\n<p>Este estudio forense ser\u00e1 determinante para confirmar si el deceso se produjo por causas naturales ligadas al consumo o si existi\u00f3 alg\u00fan factor externo, m\u00e1s all\u00e1 de las lesiones d\u00e9rmicas producidas por el clima.<\/p>\n","protected":false},"excerpt":{"rendered":"<p>La jornada de ayer cerr\u00f3 con dos muertes en la v\u00eda p\u00fablica. El \u00faltimo hallazgo se produjo en un predio lindante a la avenida Gregorio Pomar. La v\u00edctima, un joven de 33 a\u00f1os en situaci\u00f3n de calle, presentaba quemaduras en la piel por la exposici\u00f3n al sol. Un jueves marcado por la tragedia y el [&hellip;]<\/p>\n","protected":false},"author":2,"featured_media":6389,"comment_status":"open","ping_status":"open","sticky":false,"template":"","format":"standard","meta":{"footnotes":""},"categories":[68],"tags":[],"class_list":{"0":"post-6388","1":"post","2":"type-post","3":"status-publish","4":"format-standard","5":"has-post-thumbnail","7":"category-policiales-nacionales"},"_links":{"self":[{"href":"https:\/\/elpueblonoticia.com.ar\/web\/wp-json\/wp\/v2\/posts\/6388","targetHints":{"allow":["GET"]}}],"collection":[{"href":"https:\/\/elpueblonoticia.com.ar\/web\/wp-json\/wp\/v2\/posts"}],"about":[{"href":"https:\/\/elpueblonoticia.com.ar\/web\/wp-json\/wp\/v2\/types\/post"}],"author":[{"embeddable":true,"href":"https:\/\/elpueblonoticia.com.ar\/web\/wp-json\/wp\/v2\/users\/2"}],"replies":[{"embeddable":true,"href":"https:\/\/elpueblonoticia.com.ar\/web\/wp-json\/wp\/v2\/comments?post=6388"}],"version-history":[{"count":1,"href":"https:\/\/elpueblonoticia.com.ar\/web\/wp-json\/wp\/v2\/posts\/6388\/revisions"}],"predecessor-version":[{"id":6390,"href":"https:\/\/elpueblonoticia.com.ar\/web\/wp-json\/wp\/v2\/posts\/6388\/revisions\/6390"}],"wp:featuredmedia":[{"embeddable":true,"href":"https:\/\/elpueblonoticia.com.ar\/web\/wp-json\/wp\/v2\/media\/6389"}],"wp:attachment":[{"href":"https:\/\/elpueblonoticia.com.ar\/web\/wp-json\/wp\/v2\/media?parent=6388"}],"wp:term":[{"taxonomy":"category","embeddable":true,"href":"https:\/\/elpueblonoticia.com.ar\/web\/wp-json\/wp\/v2\/categories?post=6388"},{"taxonomy":"post_tag","embeddable":true,"href":"https:\/\/elpueblonoticia.com.ar\/web\/wp-json\/wp\/v2\/tags?post=6388"}],"curies":[{"name":"wp","href":"https:\/\/api.w.org\/{rel}","templated":true}]}}