{"id":6384,"date":"2026-01-30T11:18:06","date_gmt":"2026-01-30T14:18:06","guid":{"rendered":"https:\/\/elpueblonoticia.com.ar\/web\/?p=6384"},"modified":"2026-01-30T11:18:06","modified_gmt":"2026-01-30T14:18:06","slug":"encontraron-el-cuerpo-del-pescador-que-se-ahogo-en-aguas-del-rio-parana","status":"publish","type":"post","link":"https:\/\/elpueblonoticia.com.ar\/web\/2026\/01\/30\/encontraron-el-cuerpo-del-pescador-que-se-ahogo-en-aguas-del-rio-parana\/","title":{"rendered":"Encontraron el cuerpo del pescador que se ahog\u00f3 en aguas del r\u00edo Paran\u00e1"},"content":{"rendered":"<p><strong>El hombre de apellido Fern\u00e1ndez de 45 a\u00f1os era intensamente buscado cuando cay\u00f3 al r\u00edo Paran\u00e1 en la zona conocida como Puerto Viejo en Lavalle.<\/strong><\/p>\n<p>Efectivos de la Prefectura Naval Argentina se encontraban realizando rastrillajes desde ayer a la tarde cuando Fern\u00e1ndez, un hombre de 45 a\u00f1os, pereci\u00f3 en aguas del r\u00edo Paran\u00e1.<\/p>\n<p>En la ma\u00f1ana de este jueves 29 de enero, un lugare\u00f1o lo avist\u00f3 en la costa y el cuerpo fue rescatado por personal de Prefectura y de la Polic\u00eda de Corrientes.<\/p>\n<p>Fern\u00e1ndez estaba domiciliado en Puerto Viejo Lavalle y ayer por la tarde se encontraba pescando en compa\u00f1\u00eda junto a un grupo de personas cuando, por razones que a\u00fan son materia de investigaci\u00f3n, cay\u00f3 al cauce y no volvi\u00f3 a salir a la superficie.<\/p>\n<p>FUENTE: \u00c9poca<\/p>\n","protected":false},"excerpt":{"rendered":"<p>El hombre de apellido Fern\u00e1ndez de 45 a\u00f1os era intensamente buscado cuando cay\u00f3 al r\u00edo Paran\u00e1 en la zona conocida como Puerto Viejo en Lavalle. Efectivos de la Prefectura Naval Argentina se encontraban realizando rastrillajes desde ayer a la tarde cuando Fern\u00e1ndez, un hombre de 45 a\u00f1os, pereci\u00f3 en aguas del r\u00edo Paran\u00e1. En la [&hellip;]<\/p>\n","protected":false},"author":2,"featured_media":6385,"comment_status":"open","ping_status":"open","sticky":false,"template":"","format":"standard","meta":{"footnotes":""},"categories":[68],"tags":[],"class_list":{"0":"post-6384","1":"post","2":"type-post","3":"status-publish","4":"format-standard","5":"has-post-thumbnail","7":"category-policiales-nacionales"},"_links":{"self":[{"href":"https:\/\/elpueblonoticia.com.ar\/web\/wp-json\/wp\/v2\/posts\/6384","targetHints":{"allow":["GET"]}}],"collection":[{"href":"https:\/\/elpueblonoticia.com.ar\/web\/wp-json\/wp\/v2\/posts"}],"about":[{"href":"https:\/\/elpueblonoticia.com.ar\/web\/wp-json\/wp\/v2\/types\/post"}],"author":[{"embeddable":true,"href":"https:\/\/elpueblonoticia.com.ar\/web\/wp-json\/wp\/v2\/users\/2"}],"replies":[{"embeddable":true,"href":"https:\/\/elpueblonoticia.com.ar\/web\/wp-json\/wp\/v2\/comments?post=6384"}],"version-history":[{"count":1,"href":"https:\/\/elpueblonoticia.com.ar\/web\/wp-json\/wp\/v2\/posts\/6384\/revisions"}],"predecessor-version":[{"id":6386,"href":"https:\/\/elpueblonoticia.com.ar\/web\/wp-json\/wp\/v2\/posts\/6384\/revisions\/6386"}],"wp:featuredmedia":[{"embeddable":true,"href":"https:\/\/elpueblonoticia.com.ar\/web\/wp-json\/wp\/v2\/media\/6385"}],"wp:attachment":[{"href":"https:\/\/elpueblonoticia.com.ar\/web\/wp-json\/wp\/v2\/media?parent=6384"}],"wp:term":[{"taxonomy":"category","embeddable":true,"href":"https:\/\/elpueblonoticia.com.ar\/web\/wp-json\/wp\/v2\/categories?post=6384"},{"taxonomy":"post_tag","embeddable":true,"href":"https:\/\/elpueblonoticia.com.ar\/web\/wp-json\/wp\/v2\/tags?post=6384"}],"curies":[{"name":"wp","href":"https:\/\/api.w.org\/{rel}","templated":true}]}}