{"id":6372,"date":"2026-01-30T10:29:12","date_gmt":"2026-01-30T13:29:12","guid":{"rendered":"https:\/\/elpueblonoticia.com.ar\/web\/?p=6372"},"modified":"2026-01-30T10:29:12","modified_gmt":"2026-01-30T13:29:12","slug":"tras-el-pedido-opositor-el-gobierno-declaro-por-dnu-la-emergencia-ignea-para-las-provincias-afectadas-por-los-incendios","status":"publish","type":"post","link":"https:\/\/elpueblonoticia.com.ar\/web\/2026\/01\/30\/tras-el-pedido-opositor-el-gobierno-declaro-por-dnu-la-emergencia-ignea-para-las-provincias-afectadas-por-los-incendios\/","title":{"rendered":"Tras el pedido opositor, el Gobierno declar\u00f3 por DNU la Emergencia \u00cdgnea para las provincias afectadas por los incendios"},"content":{"rendered":"<div id=\"modalIntrotext\">\n<div>El jefe de Gabinete Manuel Adorni anticip\u00f3 que el decreto est\u00e1 listo para ser publicado. La medida implica el env\u00edo de m\u00e1s recursos y llega luego del reclamo de los gobernadores para que se sancione por ley. Se quemaron m\u00e1s de 45 mil hect\u00e1reas.<\/div>\n<div><\/div>\n<div><\/div>\n<div><\/div>\n<\/div>\n<div id=\"modalFulltext\">El Gobierno nacional avanz\u00f3 en la decisi\u00f3n de declarar la Emergencia \u00edgnea en las provincias de Chubut, R\u00edo Negro, Neuqu\u00e9n y La Pampa a trav\u00e9s de un Decreto de Necesidad y Urgencia (DNU), publicado en la madrugada de este viernes, en respuesta al devastador impacto de los incendios forestales que ya consumieron m\u00e1s de 45 mil hect\u00e1reas en la regi\u00f3n. El jefe de Gabinete, Manuel Adorni, confirm\u00f3 que el decreto \u201cest\u00e1 listo para ser firmado y publicado\u201d, anticipando as\u00ed una medida que busca agilizar la llegada de recursos a los territorios afectados y atender la urgencia de la situaci\u00f3n.<\/p>\n<p>El anuncio llega en un contexto de extrema presi\u00f3n clim\u00e1tica en el sur argentino, donde las condiciones meteorol\u00f3gicas adversas dificultan el combate de los focos activos. El fuego avanz\u00f3 sobre extensas \u00e1reas rurales y zonas boscosas, generando preocupaci\u00f3n en las comunidades locales y entre las autoridades provinciales. La declaraci\u00f3n de emergencia permitir\u00e1 activar herramientas excepcionales para la gesti\u00f3n del riesgo y la protecci\u00f3n civil, adem\u00e1s de habilitar el env\u00edo inmediato de ayuda a los damnificados.<\/p>\n<p>La decisi\u00f3n se tom\u00f3 en la Casa Rosada, durante una reuni\u00f3n de la Mesa Pol\u00edtica encabezada por Adorni y otros funcionarios de primera l\u00ednea. El encuentro se celebr\u00f3 este jueves al mediod\u00eda y se extendi\u00f3 por cerca de una hora y media, en un clima de an\u00e1lisis sobre los pr\u00f3ximos pasos de la estrategia pol\u00edtica y la situaci\u00f3n cr\u00edtica en el sur. Entre los participantes estuvieron la secretaria general de la Presidencia, Karina Milei; el jefe de Gabinete, Manuel Adorni; el asesor, Santiago Caputo; el ministro del Interior, Diego Santilli; el titular de la C\u00e1mara de Diputados, Mart\u00edn Menem (de manera remota); la jefa del bloque oficialista en el Senado, Patricia Bullrich; el secretario de Asuntos Estrat\u00e9gicos, Ignacio Devitt; y el ministro de Econom\u00eda, Luis Caputo.<\/p>\n<p>Fuentes oficiales remarcaron que la urgencia de la situaci\u00f3n justifica el uso del DNU. \u201cLa velocidad amerita esa v\u00eda\u201d, expres\u00f3 uno de los integrantes de la Mesa Pol\u00edtica consultado por Infobae. Otro funcionario consider\u00f3 que \u201cno resultar\u00eda eficiente mandarlo por el Congreso si es una emergencia\u201d. El consenso en el entorno presidencial fue que el decreto era la opci\u00f3n m\u00e1s viable para canalizar fondos y reforzar la asistencia sin demoras administrativas.<\/p>\n<p>El pedido de declarar la emergencia hab\u00eda sido elevado formalmente al Congreso el martes por los gobernadores de la Patagonia, afectados por los incendios recientes y actuales. Los mandatarios provinciales Ignacio Torres (Chubut), Sergio Ziliotto (La Pampa), Alberto Weretilneck (R\u00edo Negro), Rolando Figueroa (Neuqu\u00e9n) y Claudio Vidal (Santa Cruz) reclamaron la declaraci\u00f3n de zona de desastre, lo que hubiese habilitado el uso de herramientas extraordinarias para la gesti\u00f3n del riesgo y la protecci\u00f3n civil. Si bien el Gobierno reconoci\u00f3 que el planteo de los gobernadores no fue el detonante de la medida, admiti\u00f3 que la decisi\u00f3n busca tambi\u00e9n mitigar las cr\u00edticas sobre la pol\u00edtica oficial frente a los incendios.<\/p>\n<p>Mientras tanto, desde el Gobierno aseguran que ya est\u00e1n enviando ayuda a las provincias m\u00e1s afectadas. En las \u00faltimas horas, la provincia de Chubut recibi\u00f3 $4.000 millones en concepto de Aportes del Tesoro Nacional (ATN), seg\u00fan confirmaron fuentes oficiales. Esta transferencia busca aliviar la situaci\u00f3n financiera local para enfrentar la emergencia. Adem\u00e1s, en la madrugada de este jueves se public\u00f3 en el Bolet\u00edn Oficial la Resoluci\u00f3n 91\/2026 del Ministerio de Seguridad Nacional, encabezado por Alejandra Monteoliva, que establece nuevas medidas para fortalecer el financiamiento del sistema de Bomberos Voluntarios en todo el pa\u00eds.<\/p>\n<p>De acuerdo con la resoluci\u00f3n, las Asociaciones de Bomberos Voluntarios recibir\u00e1n un total de $100.810.319.998,50, que se distribuir\u00e1n entre 1.062 organizaciones, con una asignaci\u00f3n de 94.924.971,75 pesos para cada una. Por su parte, las entidades de segundo grado provinciales, que agrupan a las federaciones, recibir\u00e1n $7.754.639.995,93. El objetivo es garantizar una respuesta operativa m\u00e1s eficiente en la lucha contra los incendios, especialmente en el sur, donde la magnitud del desastre supera la capacidad de acci\u00f3n local.<\/p><\/div>\n","protected":false},"excerpt":{"rendered":"<p>El jefe de Gabinete Manuel Adorni anticip\u00f3 que el decreto est\u00e1 listo para ser publicado. La medida implica el env\u00edo de m\u00e1s recursos y llega luego del reclamo de los gobernadores para que se sancione por ley. Se quemaron m\u00e1s de 45 mil hect\u00e1reas. El Gobierno nacional avanz\u00f3 en la decisi\u00f3n de declarar la Emergencia [&hellip;]<\/p>\n","protected":false},"author":2,"featured_media":6373,"comment_status":"open","ping_status":"open","sticky":false,"template":"","format":"standard","meta":{"footnotes":""},"categories":[64],"tags":[],"class_list":{"0":"post-6372","1":"post","2":"type-post","3":"status-publish","4":"format-standard","5":"has-post-thumbnail","7":"category-nacionales"},"_links":{"self":[{"href":"https:\/\/elpueblonoticia.com.ar\/web\/wp-json\/wp\/v2\/posts\/6372","targetHints":{"allow":["GET"]}}],"collection":[{"href":"https:\/\/elpueblonoticia.com.ar\/web\/wp-json\/wp\/v2\/posts"}],"about":[{"href":"https:\/\/elpueblonoticia.com.ar\/web\/wp-json\/wp\/v2\/types\/post"}],"author":[{"embeddable":true,"href":"https:\/\/elpueblonoticia.com.ar\/web\/wp-json\/wp\/v2\/users\/2"}],"replies":[{"embeddable":true,"href":"https:\/\/elpueblonoticia.com.ar\/web\/wp-json\/wp\/v2\/comments?post=6372"}],"version-history":[{"count":1,"href":"https:\/\/elpueblonoticia.com.ar\/web\/wp-json\/wp\/v2\/posts\/6372\/revisions"}],"predecessor-version":[{"id":6374,"href":"https:\/\/elpueblonoticia.com.ar\/web\/wp-json\/wp\/v2\/posts\/6372\/revisions\/6374"}],"wp:featuredmedia":[{"embeddable":true,"href":"https:\/\/elpueblonoticia.com.ar\/web\/wp-json\/wp\/v2\/media\/6373"}],"wp:attachment":[{"href":"https:\/\/elpueblonoticia.com.ar\/web\/wp-json\/wp\/v2\/media?parent=6372"}],"wp:term":[{"taxonomy":"category","embeddable":true,"href":"https:\/\/elpueblonoticia.com.ar\/web\/wp-json\/wp\/v2\/categories?post=6372"},{"taxonomy":"post_tag","embeddable":true,"href":"https:\/\/elpueblonoticia.com.ar\/web\/wp-json\/wp\/v2\/tags?post=6372"}],"curies":[{"name":"wp","href":"https:\/\/api.w.org\/{rel}","templated":true}]}}