{"id":6360,"date":"2026-01-30T09:50:44","date_gmt":"2026-01-30T12:50:44","guid":{"rendered":"https:\/\/elpueblonoticia.com.ar\/web\/?p=6360"},"modified":"2026-01-30T09:50:44","modified_gmt":"2026-01-30T12:50:44","slug":"carnavales-goyanos-2026-oh-bahia","status":"publish","type":"post","link":"https:\/\/elpueblonoticia.com.ar\/web\/2026\/01\/30\/carnavales-goyanos-2026-oh-bahia\/","title":{"rendered":"CARNAVALES GOYANOS 2026: OH BAHIA"},"content":{"rendered":"<p class=\"x_MsoNormal\"><span data-olk-copy-source=\"MessageBody\">La Reina de la comparsa debutante Oh Bah\u00eda, Oriana Sald\u00edvar en el contacto con el equipo de transmisi\u00f3n oficial de los corsos de la ciudad, destaca el desaf\u00edo de representar a la comparsa, manifiesta su \u201cansiedad, ganas, esperamos cumplir con las expectativas en este primer a\u00f1o<\/span><\/p>\n<p class=\"x_MsoNormal\">\n<p class=\"x_MsoNormal\">\u201cCon el Ritmo del Pop queremos transmitir alegr\u00eda en el Corsodromo\u201d Se\u00f1al\u00f3 la soberana de Oh Bah\u00eda.<\/p>\n<p class=\"x_MsoNormal\">\n<p class=\"x_MsoNormal\">ORIGEN DE LA COMPARSA<\/p>\n<p class=\"x_MsoNormal\">\n<p class=\"x_MsoNormal\">Consultada sobre el origen de la comparsa, cont\u00f3: \u201cSurge de la familia de Sergio P\u00e9rez, un gran comparsero que siempre ha colaborado con otras comparsas, este a\u00f1o decidi\u00f3 conformar la propia, estamos contentos por el apoyo, mucho compromiso de la familia, nos ayudaron a la confecci\u00f3n de nuestros trajes.\u201d<\/p>\n<p class=\"x_MsoNormal\">\n<p class=\"x_MsoNormal\">ARTISTAS POP, BRILLO Y ALEGR\u00cdA<\/p>\n<p class=\"x_MsoNormal\">\n<p class=\"x_MsoNormal\">En relaci\u00f3n al tema propuesto en las lunas carnavaleras, la reina sostuvo: \u201cDecidimos traer alegr\u00eda, con el Ritmo del Por, con los diferentes artistas representados por cada uno de nosotros, en mi caso es a la Reina del Pop, Madonna, para asumir esta responsabilidad consult\u00e9 con mi familia, al recibir el apoyo respond\u00ed afirmativamente, soy mama de un nene de 1 a\u00f1o y 9 meses, por eso requer\u00eda del acompa\u00f1amiento, ac\u00e1 estamos contentos de ser parte de esta fiesta.\u201d<\/p>\n<p class=\"x_MsoNormal\">\n<p class=\"x_MsoNormal\">ENSAMBLE EXCELENTE<\/p>\n<p class=\"x_MsoNormal\">\n<p class=\"x_MsoNormal\">\u201cLa comparsa tiene unos 80 integrantes, todos muy entusiasmados, -coment\u00f3-con una buena bater\u00eda, excelente selecci\u00f3n musical para brindar alegr\u00eda en estos carnavales, creo que nos complementamos muy bien.\u201d<\/p>\n<p class=\"x_MsoNormal\">\n<p class=\"x_MsoNormal\">EL FACTOR DEL P\u00daBLICO<\/p>\n<p class=\"x_MsoNormal\">Oriana Sald\u00edvar, dej\u00f3 expresada la experiencia carnavalera en este debut de la comparsa: \u201cLa primera noche estuvimos nerviosos, pero en la segunda con este marco de p\u00fablico salimos s\u00faper animados, nosotros abrimos todas las noches de estos corsos de Goya; es hermoso como comparsero recibir el aliento del p\u00fablico.\u201d<\/p>\n<p class=\"x_MsoNormal\">\n<p class=\"x_MsoNormal\">Para finalizar dejo la invitaci\u00f3n a las familias: \u201cUna gran evoluci\u00f3n en esta edici\u00f3n, invitamos a presenciar nuestros carnavales los d\u00edas 31 de enero y 7 de febrero, es una gran fiesta, en este Cors\u00f3dromo de Costa Surub\u00ed.&#8221;<\/p>\n","protected":false},"excerpt":{"rendered":"<p>La Reina de la comparsa debutante Oh Bah\u00eda, Oriana Sald\u00edvar en el contacto con el equipo de transmisi\u00f3n oficial de los corsos de la ciudad, destaca el desaf\u00edo de representar a la comparsa, manifiesta su \u201cansiedad, ganas, esperamos cumplir con las expectativas en este primer a\u00f1o \u201cCon el Ritmo del Pop queremos transmitir alegr\u00eda en [&hellip;]<\/p>\n","protected":false},"author":2,"featured_media":6361,"comment_status":"open","ping_status":"open","sticky":false,"template":"","format":"standard","meta":{"footnotes":""},"categories":[56],"tags":[],"class_list":{"0":"post-6360","1":"post","2":"type-post","3":"status-publish","4":"format-standard","5":"has-post-thumbnail","7":"category-locales"},"_links":{"self":[{"href":"https:\/\/elpueblonoticia.com.ar\/web\/wp-json\/wp\/v2\/posts\/6360","targetHints":{"allow":["GET"]}}],"collection":[{"href":"https:\/\/elpueblonoticia.com.ar\/web\/wp-json\/wp\/v2\/posts"}],"about":[{"href":"https:\/\/elpueblonoticia.com.ar\/web\/wp-json\/wp\/v2\/types\/post"}],"author":[{"embeddable":true,"href":"https:\/\/elpueblonoticia.com.ar\/web\/wp-json\/wp\/v2\/users\/2"}],"replies":[{"embeddable":true,"href":"https:\/\/elpueblonoticia.com.ar\/web\/wp-json\/wp\/v2\/comments?post=6360"}],"version-history":[{"count":1,"href":"https:\/\/elpueblonoticia.com.ar\/web\/wp-json\/wp\/v2\/posts\/6360\/revisions"}],"predecessor-version":[{"id":6362,"href":"https:\/\/elpueblonoticia.com.ar\/web\/wp-json\/wp\/v2\/posts\/6360\/revisions\/6362"}],"wp:featuredmedia":[{"embeddable":true,"href":"https:\/\/elpueblonoticia.com.ar\/web\/wp-json\/wp\/v2\/media\/6361"}],"wp:attachment":[{"href":"https:\/\/elpueblonoticia.com.ar\/web\/wp-json\/wp\/v2\/media?parent=6360"}],"wp:term":[{"taxonomy":"category","embeddable":true,"href":"https:\/\/elpueblonoticia.com.ar\/web\/wp-json\/wp\/v2\/categories?post=6360"},{"taxonomy":"post_tag","embeddable":true,"href":"https:\/\/elpueblonoticia.com.ar\/web\/wp-json\/wp\/v2\/tags?post=6360"}],"curies":[{"name":"wp","href":"https:\/\/api.w.org\/{rel}","templated":true}]}}