{"id":6354,"date":"2026-01-30T09:37:06","date_gmt":"2026-01-30T12:37:06","guid":{"rendered":"https:\/\/elpueblonoticia.com.ar\/web\/?p=6354"},"modified":"2026-01-30T09:37:06","modified_gmt":"2026-01-30T12:37:06","slug":"sebastian-candia-destaca-el-resurgimiento-de-la-mistica-en-el-carnaval-de-goya-2026","status":"publish","type":"post","link":"https:\/\/elpueblonoticia.com.ar\/web\/2026\/01\/30\/sebastian-candia-destaca-el-resurgimiento-de-la-mistica-en-el-carnaval-de-goya-2026\/","title":{"rendered":"SEBASTI\u00c1N CANDIA DESTACA EL RESURGIMIENTO DE LA M\u00cdSTICA EN EL CARNAVAL DE GOYA 2026"},"content":{"rendered":"<p><img loading=\"lazy\" decoding=\"async\" class=\"alignnone size-medium wp-image-6356\" src=\"https:\/\/elpueblonoticia.com.ar\/web\/wp-content\/uploads\/2026\/01\/secretario-de-Turismo-Sebastian-Candia-ilsutracion-carnavales-2-201x300.jpg\" alt=\"\" width=\"201\" height=\"300\" srcset=\"https:\/\/elpueblonoticia.com.ar\/web\/wp-content\/uploads\/2026\/01\/secretario-de-Turismo-Sebastian-Candia-ilsutracion-carnavales-2-201x300.jpg 201w, https:\/\/elpueblonoticia.com.ar\/web\/wp-content\/uploads\/2026\/01\/secretario-de-Turismo-Sebastian-Candia-ilsutracion-carnavales-2-687x1024.jpg 687w, https:\/\/elpueblonoticia.com.ar\/web\/wp-content\/uploads\/2026\/01\/secretario-de-Turismo-Sebastian-Candia-ilsutracion-carnavales-2-768x1144.jpg 768w, https:\/\/elpueblonoticia.com.ar\/web\/wp-content\/uploads\/2026\/01\/secretario-de-Turismo-Sebastian-Candia-ilsutracion-carnavales-2-1031x1536.jpg 1031w, https:\/\/elpueblonoticia.com.ar\/web\/wp-content\/uploads\/2026\/01\/secretario-de-Turismo-Sebastian-Candia-ilsutracion-carnavales-2-282x420.jpg 282w, https:\/\/elpueblonoticia.com.ar\/web\/wp-content\/uploads\/2026\/01\/secretario-de-Turismo-Sebastian-Candia-ilsutracion-carnavales-2-696x1037.jpg 696w, https:\/\/elpueblonoticia.com.ar\/web\/wp-content\/uploads\/2026\/01\/secretario-de-Turismo-Sebastian-Candia-ilsutracion-carnavales-2-1068x1591.jpg 1068w, https:\/\/elpueblonoticia.com.ar\/web\/wp-content\/uploads\/2026\/01\/secretario-de-Turismo-Sebastian-Candia-ilsutracion-carnavales-2.jpg 1074w\" sizes=\"auto, (max-width: 201px) 100vw, 201px\" \/><img loading=\"lazy\" decoding=\"async\" class=\"alignnone size-medium wp-image-6357\" src=\"https:\/\/elpueblonoticia.com.ar\/web\/wp-content\/uploads\/2026\/01\/secretario-de-Turismo-Sebastian-Candia-ilsutracion-carnavales-3-200x300.jpg\" alt=\"\" width=\"200\" height=\"300\" srcset=\"https:\/\/elpueblonoticia.com.ar\/web\/wp-content\/uploads\/2026\/01\/secretario-de-Turismo-Sebastian-Candia-ilsutracion-carnavales-3-200x300.jpg 200w, https:\/\/elpueblonoticia.com.ar\/web\/wp-content\/uploads\/2026\/01\/secretario-de-Turismo-Sebastian-Candia-ilsutracion-carnavales-3-682x1024.jpg 682w, https:\/\/elpueblonoticia.com.ar\/web\/wp-content\/uploads\/2026\/01\/secretario-de-Turismo-Sebastian-Candia-ilsutracion-carnavales-3-768x1153.jpg 768w, https:\/\/elpueblonoticia.com.ar\/web\/wp-content\/uploads\/2026\/01\/secretario-de-Turismo-Sebastian-Candia-ilsutracion-carnavales-3-1023x1536.jpg 1023w, https:\/\/elpueblonoticia.com.ar\/web\/wp-content\/uploads\/2026\/01\/secretario-de-Turismo-Sebastian-Candia-ilsutracion-carnavales-3-280x420.jpg 280w, https:\/\/elpueblonoticia.com.ar\/web\/wp-content\/uploads\/2026\/01\/secretario-de-Turismo-Sebastian-Candia-ilsutracion-carnavales-3-696x1045.jpg 696w, https:\/\/elpueblonoticia.com.ar\/web\/wp-content\/uploads\/2026\/01\/secretario-de-Turismo-Sebastian-Candia-ilsutracion-carnavales-3.jpg 1066w\" sizes=\"auto, (max-width: 200px) 100vw, 200px\" \/><\/p>\n<p class=\"x_MsoNormal\"><span data-olk-copy-source=\"MessageBody\">Secretario de Turismo:\u00a0<\/span><\/p>\n<p class=\"x_MsoNormal\"><span data-olk-copy-source=\"MessageBody\">El Secretario de Turismo de Goya, Sebasti\u00e1n Candia, en recientes declaraciones coment\u00f3 sus impresiones sobre las primeras noches de carnavales y reconoci\u00f3 que es palpable el resurgimiento de la m\u00edstica de los corsos tradicionales, de aquellos que se hicieron en la calle Col\u00f3n, las avenidas Caa Guaz\u00fa, Sarmiento o Madariaga y que siguen presentes en la memoria popular.<\/span><\/p>\n<p class=\"x_MsoNormal\">\n<p class=\"x_MsoNormal\">EL CARNAVAL PROCESO DECRECIMIENTO Y DE POL\u00cdTICA DE ESTADO<\/p>\n<p class=\"x_MsoNormal\">\n<p class=\"x_MsoNormal\">&#8220;Es parte de un proceso de crecimiento cuando hay una pol\u00edtica de Estado y se sostiene una l\u00ednea de trabajo en el tiempo; es natural y consecuencia del trabajo que las partes empiecen a confiar en ese proceso, y ah\u00ed ocurre la sinergia,&#8221; afirm\u00f3 Candia, y destac\u00f3 la importancia de la colaboraci\u00f3n y la confianza mutua entre los diferentes actores involucrados.<\/p>\n<p class=\"x_MsoNormal\">\n<p class=\"x_MsoNormal\">COMUNI\u00d3N DE ESFUERZOS, ESTADO MUNICIPAL, COMPARSEROS Y P\u00daBLICO<\/p>\n<p class=\"x_MsoNormal\">\n<p class=\"x_MsoNormal\">El funcionario municipal resalt\u00f3 la atm\u00f3sfera vibrante que se vivi\u00f3 en las primeras noches de carnaval en el Cors\u00f3dromo gracias al esfuerzo conjunto de las comparsas, el gobierno local y el p\u00fablico. &#8220;Se ve la comuni\u00f3n de esfuerzos de comparsas, el Estado y la pasi\u00f3n del p\u00fablico,&#8221; expres\u00f3.<\/p>\n<p class=\"x_MsoNormal\">\n<p class=\"x_MsoNormal\">&#8220;Somos un p\u00fablico bastante t\u00edmido, por as\u00ed decirlo; es un espectador t\u00edmido, y gracias a la infraestructura que se suma y la alegr\u00eda aportada por los comparseros, hoy vemos un Cors\u00f3dromo que vibra de punta a punta con las comparsas.&#8221;<\/p>\n<p class=\"x_MsoNormal\">\n<p class=\"x_MsoNormal\">&#8220;Por ah\u00ed somos inmediatistas, la comunicaci\u00f3n nos ha transformado y queremos resultados al instante, y tener la templanza, los pies en la tierra, confiando en el proceso, nos ayuda a vislumbrar un horizonte de crecimiento,&#8221; explic\u00f3.<\/p>\n<p class=\"x_MsoNormal\">\n<p class=\"x_MsoNormal\">\n<p class=\"x_MsoNormal\">\n<p class=\"x_MsoNormal\">BASES S\u00d3LIDAS<\/p>\n<p class=\"x_MsoNormal\">Con una mirada a largo plazo, el Secretario de Turismo subray\u00f3 la importancia de sentar bases s\u00f3lidas para las futuras generaciones. &#8220;Sab\u00edamos que trabajamos para el futuro, no para el hoy; el futuro en el que quiz\u00e1s ya no estemos, pero sembrando y dejando cimientos s\u00f3lidos para el carnaval de Goya de los pr\u00f3ximos cinco o diez a\u00f1os. Me pasa que estamos transitando dos noches de carnaval, hablo con mucha gente que me est\u00e1 diciendo \u201cel a\u00f1o que viene quiero estar\u201d, tanto pasistas o gente que quiera apostar a un servicio gastron\u00f3mico, gente que quiere estar como prestador de servicios. Se ha abierto mucho y todos quieren ser parte, se vislumbra un crecimiento&#8221;, asegur\u00f3.<\/p>\n<p class=\"x_MsoNormal\">\n<p class=\"x_MsoNormal\">\n<p class=\"x_MsoNormal\">LA M\u00cdSTICA<\/p>\n<p class=\"x_MsoNormal\">\n<p class=\"x_MsoNormal\">En relaci\u00f3n a la recuperaci\u00f3n de la esencia de los carnavales tradicionales, se\u00f1al\u00f3: &#8220;Gente que estaba en otros lugares, que aportaba a los corsos de otras localidades, vuelve a Goya, eso es una satisfacci\u00f3n. Eso va a seguir en la medida en que empecemos a trabajar en serio en un horizonte de ac\u00e1 a diez a\u00f1os; el producto carnaval tiene que hacerse s\u00f3lido, intensificarse, pero con una base importante: la confianza en los carnavales, en las comparsas y el p\u00fablico. Esto es lo que justifica todo, que el p\u00fablico llegue al predio, se justifican las inversiones y medidas que haya que tomar porque el p\u00fablico as\u00ed lo demanda y el p\u00fablico conf\u00eda en el producto. Eso antes no ocurr\u00eda, ten\u00edamos que hacer distintas acciones para llenar el Cors\u00f3dromo, y un Cors\u00f3dromo con menos capacidad. Ten\u00edamos d\u00edas d\u00e9biles, iniciamos un viernes con un riesgo, pero hubo una asistencia del 80 por ciento, mientras carnavales como el de Gualeguaych\u00fa no pudieron darse ese lujo. Simplemente voy a que el carnaval est\u00e1 en la mira de todos los goyanos que hace mucho no van al espect\u00e1culo, est\u00e1n volviendo y sus comentarios son gratificantes; en la previa tuvimos muchas cr\u00edticas, hoy en el transcurso tenemos muchas caricias que justificaron soportar las cr\u00edticas y espero que al final podamos tener una mirada positiva del espectador, el comparsero y el p\u00fablico en general&#8221;.<\/p>\n<p class=\"x_MsoNormal\">\n<p class=\"x_MsoNormal\">VIEJOS PRECONCEPTOS<\/p>\n<p class=\"x_MsoNormal\">El Secretario de Turismo Sebasti\u00e1n Candia hizo hincapi\u00e9 en la importancia de erradicar viejos preconceptos sobre el carnaval goyano. &#8220;Cuando la infraestructura es abundante, y el p\u00fablico es abundante, el inter\u00e9s del comparsero por brillar es abundante, y eso justifica todo. Hagamos un poco de memoria, ten\u00edamos preconceptos del carnaval, dec\u00edan \u201cen primera noche no vayas porque nadie llega con sus trajes\u201d, pero esto ya no es as\u00ed, ya es un carnaval profesional\u2019, o dec\u00edan \u201cno te pongas despu\u00e9s del jurado porque ya nadie baila despu\u00e9s de ah\u00ed\u201d. Eso dej\u00f3 de pasar, tenemos una infraestructura enorme; despu\u00e9s del jurado el comparsero sigue bailando hasta el final. Hoy tenemos que erradicar esos preconceptos, hoy es otra cosa, es profesional, nadie sale a improvisar nada; es producto de mucho trabajo y ensayo desde los core\u00f3grafos hasta los ritmistas, se piensa en los detalles.<\/p>\n<p class=\"x_MsoNormal\">\u201cLos carros de sonido de este a\u00f1o son de primer nivel, -agreg\u00f3- eso genera un mayor esplendor en cuanto a desarrollo de comparsa y sus agrupaciones musicales; eso despierta inter\u00e9s en el p\u00fablico. Si la banda suena bien, el p\u00fablico se para a alentar; si la banda suena mal o no se escucha, el se\u00f1or se cruza de brazos y espera que pase el siguiente. Una cosa tiene que ir abarcando la otra, siempre tenemos distintas aristas en el carnaval y tenemos que atender a todas desde el Estado municipal, es la premisa que nos impone el intendente Mariano Hormaechea; desde el primer d\u00eda dijo \u2018hay que levantar el corso goyano\u2019 y empezamos a trabajar en consecuencia, sin ser nosotros los hacedores, esto es producto de mucho trabajo de mucha gente&#8221; afirm\u00f3, destacando el arduo trabajo y la dedicaci\u00f3n de los comparseros, core\u00f3grafos y m\u00fasicos. &#8220;Es producto de mucho trabajo y ensayo desde los core\u00f3grafos hasta los ritmistas, se piensa en los detalles,&#8221; concluy\u00f3.<\/p>\n<p class=\"x_MsoNormal\">\n","protected":false},"excerpt":{"rendered":"<p>Secretario de Turismo:\u00a0 El Secretario de Turismo de Goya, Sebasti\u00e1n Candia, en recientes declaraciones coment\u00f3 sus impresiones sobre las primeras noches de carnavales y reconoci\u00f3 que es palpable el resurgimiento de la m\u00edstica de los corsos tradicionales, de aquellos que se hicieron en la calle Col\u00f3n, las avenidas Caa Guaz\u00fa, Sarmiento o Madariaga y que [&hellip;]<\/p>\n","protected":false},"author":2,"featured_media":6355,"comment_status":"open","ping_status":"open","sticky":false,"template":"","format":"standard","meta":{"footnotes":""},"categories":[56],"tags":[],"class_list":{"0":"post-6354","1":"post","2":"type-post","3":"status-publish","4":"format-standard","5":"has-post-thumbnail","7":"category-locales"},"_links":{"self":[{"href":"https:\/\/elpueblonoticia.com.ar\/web\/wp-json\/wp\/v2\/posts\/6354","targetHints":{"allow":["GET"]}}],"collection":[{"href":"https:\/\/elpueblonoticia.com.ar\/web\/wp-json\/wp\/v2\/posts"}],"about":[{"href":"https:\/\/elpueblonoticia.com.ar\/web\/wp-json\/wp\/v2\/types\/post"}],"author":[{"embeddable":true,"href":"https:\/\/elpueblonoticia.com.ar\/web\/wp-json\/wp\/v2\/users\/2"}],"replies":[{"embeddable":true,"href":"https:\/\/elpueblonoticia.com.ar\/web\/wp-json\/wp\/v2\/comments?post=6354"}],"version-history":[{"count":1,"href":"https:\/\/elpueblonoticia.com.ar\/web\/wp-json\/wp\/v2\/posts\/6354\/revisions"}],"predecessor-version":[{"id":6358,"href":"https:\/\/elpueblonoticia.com.ar\/web\/wp-json\/wp\/v2\/posts\/6354\/revisions\/6358"}],"wp:featuredmedia":[{"embeddable":true,"href":"https:\/\/elpueblonoticia.com.ar\/web\/wp-json\/wp\/v2\/media\/6355"}],"wp:attachment":[{"href":"https:\/\/elpueblonoticia.com.ar\/web\/wp-json\/wp\/v2\/media?parent=6354"}],"wp:term":[{"taxonomy":"category","embeddable":true,"href":"https:\/\/elpueblonoticia.com.ar\/web\/wp-json\/wp\/v2\/categories?post=6354"},{"taxonomy":"post_tag","embeddable":true,"href":"https:\/\/elpueblonoticia.com.ar\/web\/wp-json\/wp\/v2\/tags?post=6354"}],"curies":[{"name":"wp","href":"https:\/\/api.w.org\/{rel}","templated":true}]}}