{"id":6350,"date":"2026-01-30T09:23:28","date_gmt":"2026-01-30T12:23:28","guid":{"rendered":"https:\/\/elpueblonoticia.com.ar\/web\/?p=6350"},"modified":"2026-01-30T09:23:28","modified_gmt":"2026-01-30T12:23:28","slug":"campana-revitalicemos-el-museo-del-surubi","status":"publish","type":"post","link":"https:\/\/elpueblonoticia.com.ar\/web\/2026\/01\/30\/campana-revitalicemos-el-museo-del-surubi\/","title":{"rendered":"CAMPA\u00d1A: REVITALICEMOS EL MUSEO DEL SURUB\u00cd"},"content":{"rendered":"<p class=\"x_MsoNormal\"><span data-olk-copy-source=\"MessageBody\">La Secretar\u00eda de Turismo Goya inicia una campa\u00f1a para recuperar y poner en valor el Museo del Surub\u00ed.<\/span><\/p>\n<p class=\"x_MsoNormal\">\n<p class=\"x_MsoNormal\">Se invita a todas aquellas personas que cuenten con material hist\u00f3rico de la Fiesta Nacional del Surub\u00ed y deseen donarlo, a comunicarse con la mencionada Secretar\u00eda Municipal:\u00a03777-627416; o acercarse a las oficinas de Jos\u00e9 G\u00f3mez 953<\/p>\n<p class=\"x_MsoNormal\">\n<p class=\"x_MsoNormal\">\u00bfQu\u00e9 tipo de material pod\u00e9s donar?<\/p>\n<p class=\"x_MsoNormal\">\n<p class=\"x_MsoNormal\">Objetos relacionados con ediciones pasadas de la Fiesta:<\/p>\n<p class=\"x_MsoNormal\">-Fotograf\u00edas antiguas<\/p>\n<p class=\"x_MsoNormal\">-Trofeos<\/p>\n<p class=\"x_MsoNormal\">-Indumentaria<\/p>\n<p class=\"x_MsoNormal\">-Afiches, programas y entradas<\/p>\n<p class=\"x_MsoNormal\">-Art\u00edculos de pesca<\/p>\n<p class=\"x_MsoNormal\">-Material audiovisual<\/p>\n<p class=\"x_MsoNormal\">Tu aporte es parte de nuestra historia; juntos revitalicemos el Museo del Surub\u00ed.<\/p>\n<p class=\"x_MsoNormal\">\n","protected":false},"excerpt":{"rendered":"<p>La Secretar\u00eda de Turismo Goya inicia una campa\u00f1a para recuperar y poner en valor el Museo del Surub\u00ed. Se invita a todas aquellas personas que cuenten con material hist\u00f3rico de la Fiesta Nacional del Surub\u00ed y deseen donarlo, a comunicarse con la mencionada Secretar\u00eda Municipal:\u00a03777-627416; o acercarse a las oficinas de Jos\u00e9 G\u00f3mez 953 \u00bfQu\u00e9 [&hellip;]<\/p>\n","protected":false},"author":2,"featured_media":6351,"comment_status":"open","ping_status":"open","sticky":false,"template":"","format":"standard","meta":{"footnotes":""},"categories":[56],"tags":[],"class_list":{"0":"post-6350","1":"post","2":"type-post","3":"status-publish","4":"format-standard","5":"has-post-thumbnail","7":"category-locales"},"_links":{"self":[{"href":"https:\/\/elpueblonoticia.com.ar\/web\/wp-json\/wp\/v2\/posts\/6350","targetHints":{"allow":["GET"]}}],"collection":[{"href":"https:\/\/elpueblonoticia.com.ar\/web\/wp-json\/wp\/v2\/posts"}],"about":[{"href":"https:\/\/elpueblonoticia.com.ar\/web\/wp-json\/wp\/v2\/types\/post"}],"author":[{"embeddable":true,"href":"https:\/\/elpueblonoticia.com.ar\/web\/wp-json\/wp\/v2\/users\/2"}],"replies":[{"embeddable":true,"href":"https:\/\/elpueblonoticia.com.ar\/web\/wp-json\/wp\/v2\/comments?post=6350"}],"version-history":[{"count":1,"href":"https:\/\/elpueblonoticia.com.ar\/web\/wp-json\/wp\/v2\/posts\/6350\/revisions"}],"predecessor-version":[{"id":6352,"href":"https:\/\/elpueblonoticia.com.ar\/web\/wp-json\/wp\/v2\/posts\/6350\/revisions\/6352"}],"wp:featuredmedia":[{"embeddable":true,"href":"https:\/\/elpueblonoticia.com.ar\/web\/wp-json\/wp\/v2\/media\/6351"}],"wp:attachment":[{"href":"https:\/\/elpueblonoticia.com.ar\/web\/wp-json\/wp\/v2\/media?parent=6350"}],"wp:term":[{"taxonomy":"category","embeddable":true,"href":"https:\/\/elpueblonoticia.com.ar\/web\/wp-json\/wp\/v2\/categories?post=6350"},{"taxonomy":"post_tag","embeddable":true,"href":"https:\/\/elpueblonoticia.com.ar\/web\/wp-json\/wp\/v2\/tags?post=6350"}],"curies":[{"name":"wp","href":"https:\/\/api.w.org\/{rel}","templated":true}]}}