{"id":6346,"date":"2026-01-30T09:16:28","date_gmt":"2026-01-30T12:16:28","guid":{"rendered":"https:\/\/elpueblonoticia.com.ar\/web\/?p=6346"},"modified":"2026-01-30T09:16:28","modified_gmt":"2026-01-30T12:16:28","slug":"se-prepara-la-expansion-de-la-expo-goya-en-costa-surubi","status":"publish","type":"post","link":"https:\/\/elpueblonoticia.com.ar\/web\/2026\/01\/30\/se-prepara-la-expansion-de-la-expo-goya-en-costa-surubi\/","title":{"rendered":"SE PREPARA LA EXPANSI\u00d3N DE LA EXPO GOYA EN COSTA SURUB\u00cd"},"content":{"rendered":"<p class=\"x_MsoNormal\"><span data-olk-copy-source=\"MessageBody\">Fiesta Nacional del Surub\u00ed:<\/span><\/p>\n<p class=\"x_MsoNormal\"><span data-olk-copy-source=\"MessageBody\">SE PREPARA LA EXPANSI\u00d3N DE LA EXPO GOYA EN COSTA SURUB\u00cd<\/span><\/p>\n<p class=\"x_MsoNormal\">\n<p class=\"x_MsoNormal\">La Fiesta Nacional del Surub\u00ed, un evento que enciende la pasi\u00f3n de Goya, se prepara para su 49\u00b0 edici\u00f3n con importantes novedades en su infraestructura.<\/p>\n<p class=\"x_MsoNormal\">El Secretario de Turismo, Sebasti\u00e1n Candia, destac\u00f3 la singularidad de esta celebraci\u00f3n, afirmando que &#8220;es una fiesta maravillosa&#8230; es dif\u00edcil de comparar,&#8221; y que en realidad &#8220;son cinco fiestas en una\u201d y anunci\u00f3 que se trabaja en expandir la Expo Goya.<\/p>\n<p class=\"x_MsoNormal\">\n<p class=\"x_MsoNormal\">PASI\u00d3N GOYANA POR LA FIESTA<\/p>\n<p class=\"x_MsoNormal\">El funcionario del \u00e1rea de turismo de la Municipalidad, resalt\u00f3 la diversidad de la fiesta, que va m\u00e1s all\u00e1 de la pesca y se extiende a m\u00faltiples eventos: &#8220;Si uno ve la fiesta del chamam\u00e9 es solo escenario, la fiesta del carnaval es otra; esta tiene todo, desde la adrenalina del pescador en la largada, hasta el evento de la cena, el escenario del festival.&#8221; Esta complejidad, seg\u00fan el secretario de Turismo, hace que sea &#8220;imposible analizarla&#8221; en su totalidad, ya que su esencia reside en &#8220;la pasi\u00f3n del goyano por su fiesta.&#8221;<\/p>\n<p class=\"x_MsoNormal\">\n<p class=\"x_MsoNormal\">OPTIMIZACI\u00d3N DE ESPACIOS<\/p>\n<p class=\"x_MsoNormal\">\n<p class=\"x_MsoNormal\">En este sentido, anunci\u00f3 que, tras una reuni\u00f3n con el intendente Mariano Hormaechea, el ejecutivo municipal y la Comupe, se est\u00e1n planificando mejoras en el predio de la expo para optimizar los espacios y renovar la din\u00e1mica del evento. &#8220;Tuvimos una reuni\u00f3n con el intendente, el ejecutivo municipal y la Comupe, en donde empezamos a plasmar, en una mesa de trabajo, el dise\u00f1o que tiene la expo, donde se necesitan modificar algunas cuestiones del predio para utilizar su fluidez din\u00e1mica, para optimizar espacios que ven\u00edan obsoletos,&#8221; explic\u00f3.\u00a0 El objetivo es &#8220;una planificaci\u00f3n estrat\u00e9gica del espacio&#8221; que permita &#8220;una expo m\u00e1s grande que nunca.&#8221;<\/p>\n<p class=\"x_MsoNormal\">\n<p class=\"x_MsoNormal\">FIESTA SO\u00d1ADA POR TODOS<\/p>\n<p class=\"x_MsoNormal\">De cara a la 50\u00b0 edici\u00f3n, Sebasti\u00e1n Candia De Biassio subray\u00f3 la importancia de la planificaci\u00f3n y el trabajo en equipo: &#8220;Hay que trabajarlo con tiempo para no correr a \u00faltimo momento; las comisiones anteriores nos ense\u00f1aron que, con m\u00e1s tiempo de trabajo, los resultados son mejores.&#8221; El objetivo, seg\u00fan el secretario, es que &#8220;el p\u00fablico y el pescador lo perciban y la fiesta siga creciendo,&#8221; gracias a una comisi\u00f3n organizadora donde &#8220;la finalidad es que el p\u00fablico y el pescador lo perciban y la fiesta siga creciendo; tenemos muy cerca la 50 fiesta, que es la so\u00f1ada por todos.&#8221;<\/p>\n","protected":false},"excerpt":{"rendered":"<p>Fiesta Nacional del Surub\u00ed: SE PREPARA LA EXPANSI\u00d3N DE LA EXPO GOYA EN COSTA SURUB\u00cd La Fiesta Nacional del Surub\u00ed, un evento que enciende la pasi\u00f3n de Goya, se prepara para su 49\u00b0 edici\u00f3n con importantes novedades en su infraestructura. El Secretario de Turismo, Sebasti\u00e1n Candia, destac\u00f3 la singularidad de esta celebraci\u00f3n, afirmando que &#8220;es [&hellip;]<\/p>\n","protected":false},"author":2,"featured_media":6347,"comment_status":"open","ping_status":"open","sticky":false,"template":"","format":"standard","meta":{"footnotes":""},"categories":[56],"tags":[],"class_list":{"0":"post-6346","1":"post","2":"type-post","3":"status-publish","4":"format-standard","5":"has-post-thumbnail","7":"category-locales"},"_links":{"self":[{"href":"https:\/\/elpueblonoticia.com.ar\/web\/wp-json\/wp\/v2\/posts\/6346","targetHints":{"allow":["GET"]}}],"collection":[{"href":"https:\/\/elpueblonoticia.com.ar\/web\/wp-json\/wp\/v2\/posts"}],"about":[{"href":"https:\/\/elpueblonoticia.com.ar\/web\/wp-json\/wp\/v2\/types\/post"}],"author":[{"embeddable":true,"href":"https:\/\/elpueblonoticia.com.ar\/web\/wp-json\/wp\/v2\/users\/2"}],"replies":[{"embeddable":true,"href":"https:\/\/elpueblonoticia.com.ar\/web\/wp-json\/wp\/v2\/comments?post=6346"}],"version-history":[{"count":1,"href":"https:\/\/elpueblonoticia.com.ar\/web\/wp-json\/wp\/v2\/posts\/6346\/revisions"}],"predecessor-version":[{"id":6348,"href":"https:\/\/elpueblonoticia.com.ar\/web\/wp-json\/wp\/v2\/posts\/6346\/revisions\/6348"}],"wp:featuredmedia":[{"embeddable":true,"href":"https:\/\/elpueblonoticia.com.ar\/web\/wp-json\/wp\/v2\/media\/6347"}],"wp:attachment":[{"href":"https:\/\/elpueblonoticia.com.ar\/web\/wp-json\/wp\/v2\/media?parent=6346"}],"wp:term":[{"taxonomy":"category","embeddable":true,"href":"https:\/\/elpueblonoticia.com.ar\/web\/wp-json\/wp\/v2\/categories?post=6346"},{"taxonomy":"post_tag","embeddable":true,"href":"https:\/\/elpueblonoticia.com.ar\/web\/wp-json\/wp\/v2\/tags?post=6346"}],"curies":[{"name":"wp","href":"https:\/\/api.w.org\/{rel}","templated":true}]}}