{"id":6341,"date":"2026-01-30T08:54:26","date_gmt":"2026-01-30T11:54:26","guid":{"rendered":"https:\/\/elpueblonoticia.com.ar\/web\/?p=6341"},"modified":"2026-01-30T08:54:26","modified_gmt":"2026-01-30T11:54:26","slug":"la-escuela-municipal-de-atletismo-arranca-pretemporada-con-gran-convocatoria-y-crecientes-expectativas","status":"publish","type":"post","link":"https:\/\/elpueblonoticia.com.ar\/web\/2026\/01\/30\/la-escuela-municipal-de-atletismo-arranca-pretemporada-con-gran-convocatoria-y-crecientes-expectativas\/","title":{"rendered":"LA ESCUELA MUNICIPAL DE ATLETISMO ARRANCA PRETEMPORADA CON GRAN CONVOCATORIA Y CRECIENTES EXPECTATIVAS"},"content":{"rendered":"<p><img loading=\"lazy\" decoding=\"async\" class=\"alignnone  wp-image-6340\" src=\"https:\/\/elpueblonoticia.com.ar\/web\/wp-content\/uploads\/2026\/01\/entrenador-german-sanchez-168x300.png\" alt=\"\" width=\"932\" height=\"1664\" srcset=\"https:\/\/elpueblonoticia.com.ar\/web\/wp-content\/uploads\/2026\/01\/entrenador-german-sanchez-168x300.png 168w, https:\/\/elpueblonoticia.com.ar\/web\/wp-content\/uploads\/2026\/01\/entrenador-german-sanchez-236x420.png 236w\" sizes=\"auto, (max-width: 932px) 100vw, 932px\" \/><\/p>\n<p class=\"x_MsoNormal\"><span lang=\"ES\" data-olk-copy-source=\"MessageBody\">Goya Ciudad del Deporte:<\/span><\/p>\n<p class=\"x_MsoNormal\"><span lang=\"ES\" data-olk-copy-source=\"MessageBody\">El 2 de febrero inicia actividad la Escuela Municipal de Atletismo con pretemporada. \u201cEste regreso de la pr\u00e1ctica ayuda a mejorar la performance, experiencias, conocimientos y marcas personales\u201d. As\u00ed indic\u00f3 este jueves el entrenador Germ\u00e1n S\u00e1nchez.<\/span><\/p>\n<p class=\"x_MsoNormal\"><span lang=\"ES\">La Escuela Municipal de Atletismo comienza el a\u00f1o con mucho trabajo y un gran respaldo de sus integrantes. A\u00fan en receso escolar, con temperaturas elevadas y teniendo la oportunidad de descansar, este jueves el entrenador German S\u00e1nchez anunci\u00f3 la apertura de las actividades y competencias.<\/span><\/p>\n<p class=\"x_MsoNormal\"><span lang=\"ES\">\u201cA una semana de iniciar, aprovechamos para que los chicos hagan otras actividades, otros deportes, se distraigan un poco, descansen para arrancar en febrero porque se viene un a\u00f1o competitivo fuerte, as\u00ed que este 2 de febrero arrancamos, sobre todo con los m\u00e1s grandes, que ya tienen fechas de competencias establecidas\u201d dijo.<\/span><\/p>\n<p class=\"x_MsoNormal\"><span lang=\"ES\">La pretemporada va a arrancar a las 17 horas y despu\u00e9s en marzo cuando inician las clases vamos a volver al horario normal a partir de las 18 horas. \u201cLas clases duran alrededor de una hora y media a dos\u201d aclar\u00f3.<\/span><\/p>\n<p class=\"x_MsoNormal\"><span lang=\"ES\">Esto, sin dudas, es se\u00f1al del entusiasmo que despierta esta actividad entre los j\u00f3venes deportistas, pero tambi\u00e9n del compromiso y el respeto.<\/span><\/p>\n<p class=\"x_MsoNormal\"><span lang=\"ES\">Este regreso de la pr\u00e1ctica ayuda a mejorar la performance, experiencias, conocimientos y marcas personales. Para competir con buenos resultados en las pruebas hay que salir a competir a otras provincias y ciudades como Mar del Plata, Santa Fe, Entre R\u00edos que tienen pistas y que organizan competencias de manera seguidas. Pero tambi\u00e9n hay fechas de competencias locales y provinciales.<\/span><\/p>\n<p class=\"x_MsoNormal\"><span lang=\"ES\">Respecto a fechas nacionales, hay dos que ya est\u00e1n organizando para ir: una en mayo, de car\u00e1cter internacional en Posadas, Misiones y otras en Concepci\u00f3n del Uruguay, Entre R\u00edos, \u201cas\u00ed que la idea es arrancar este 2 de febrero a preparar esas fechas\u201d reiter\u00f3.<\/span><\/p>\n<p class=\"x_MsoNormal\"><span lang=\"ES\">TRAIL AVENTURA NOCTURNA<\/span><\/p>\n<p class=\"x_MsoNormal\"><span lang=\"ES\">S\u00e1nchez trajo a colaci\u00f3n la pr\u00f3xima cita deportiva local como la Aventura Nocturna, el 28 de febrero pr\u00f3ximo, y donde muchos chicos se van sumar \u201csobre todo los que hacen fondo\u201d indic\u00f3.<\/span><\/p>\n<p class=\"x_MsoNormal\"><span lang=\"ES\">La quinta edici\u00f3n del ya tradicional &#8220;Trail Run Nocturno&#8221;, un evento que combina la emoci\u00f3n del running con la aventura de recorrer senderos naturales bajo la luz de las estrellas. La competencia, que se llevar\u00e1 a cabo a fines de febrero, promete ser una experiencia inolvidable tanto para atletas experimentados como para aquellos que se inician en el mundo del Trail Running.<\/span><\/p>\n<p class=\"x_MsoNormal\"><span lang=\"ES\">ESCUELA MUNICIPAL DE ATLETISMO<\/span><\/p>\n<p class=\"x_MsoNormal\"><span lang=\"ES\">El entrenador record\u00f3 que el espacio es destinado para ni\u00f1os y ni\u00f1as que quieran iniciar las practicar en todas las versiones del atletismo como: lanzamiento de bala, de disco, martillo, salto en alto, salto en largo, pedestrismo, carreras de velocidad, de fondo, con obst\u00e1culos entre muchos otros.<\/span><\/p>\n<p class=\"x_MsoNormal\"><span lang=\"ES\">De esta manera la Escuela Municipal de Atletismo hace el llamado a sus deportistas para iniciar las actividades preparatorias para los compromisos de la localidad, zonales, regionales y nacionales.<\/span><\/p>\n<p class=\"x_MsoNormal\"><span lang=\"ES\">\u201cLos chicos se tienen que empezar a preparar para llegar bien a todas las instancias, sobre todo a los Juegos Nacionales Evita, que es una de las citas a la que nosotros apuntamos mucho; desde el 2019 podemos traer medallas gracias a Dios\u201d concluy\u00f3 el entrenador.<\/span><\/p>\n<p class=\"x_MsoNormal\"><span lang=\"ES\">Esto muestra el desempe\u00f1o de los chicos y de los profes de la instituci\u00f3n cada vez que van a representar a Corrientes a otro lado, lo que habla a las claras del trabajo y disciplina que impone este espacio de formaci\u00f3n.<\/span><\/p>\n","protected":false},"excerpt":{"rendered":"<p>Goya Ciudad del Deporte: El 2 de febrero inicia actividad la Escuela Municipal de Atletismo con pretemporada. \u201cEste regreso de la pr\u00e1ctica ayuda a mejorar la performance, experiencias, conocimientos y marcas personales\u201d. As\u00ed indic\u00f3 este jueves el entrenador Germ\u00e1n S\u00e1nchez. La Escuela Municipal de Atletismo comienza el a\u00f1o con mucho trabajo y un gran respaldo [&hellip;]<\/p>\n","protected":false},"author":2,"featured_media":6342,"comment_status":"open","ping_status":"open","sticky":false,"template":"","format":"standard","meta":{"footnotes":""},"categories":[56],"tags":[],"class_list":{"0":"post-6341","1":"post","2":"type-post","3":"status-publish","4":"format-standard","5":"has-post-thumbnail","7":"category-locales"},"_links":{"self":[{"href":"https:\/\/elpueblonoticia.com.ar\/web\/wp-json\/wp\/v2\/posts\/6341","targetHints":{"allow":["GET"]}}],"collection":[{"href":"https:\/\/elpueblonoticia.com.ar\/web\/wp-json\/wp\/v2\/posts"}],"about":[{"href":"https:\/\/elpueblonoticia.com.ar\/web\/wp-json\/wp\/v2\/types\/post"}],"author":[{"embeddable":true,"href":"https:\/\/elpueblonoticia.com.ar\/web\/wp-json\/wp\/v2\/users\/2"}],"replies":[{"embeddable":true,"href":"https:\/\/elpueblonoticia.com.ar\/web\/wp-json\/wp\/v2\/comments?post=6341"}],"version-history":[{"count":1,"href":"https:\/\/elpueblonoticia.com.ar\/web\/wp-json\/wp\/v2\/posts\/6341\/revisions"}],"predecessor-version":[{"id":6344,"href":"https:\/\/elpueblonoticia.com.ar\/web\/wp-json\/wp\/v2\/posts\/6341\/revisions\/6344"}],"wp:featuredmedia":[{"embeddable":true,"href":"https:\/\/elpueblonoticia.com.ar\/web\/wp-json\/wp\/v2\/media\/6342"}],"wp:attachment":[{"href":"https:\/\/elpueblonoticia.com.ar\/web\/wp-json\/wp\/v2\/media?parent=6341"}],"wp:term":[{"taxonomy":"category","embeddable":true,"href":"https:\/\/elpueblonoticia.com.ar\/web\/wp-json\/wp\/v2\/categories?post=6341"},{"taxonomy":"post_tag","embeddable":true,"href":"https:\/\/elpueblonoticia.com.ar\/web\/wp-json\/wp\/v2\/tags?post=6341"}],"curies":[{"name":"wp","href":"https:\/\/api.w.org\/{rel}","templated":true}]}}