{"id":6334,"date":"2026-01-30T07:46:33","date_gmt":"2026-01-30T10:46:33","guid":{"rendered":"https:\/\/elpueblonoticia.com.ar\/web\/?p=6334"},"modified":"2026-01-30T07:46:33","modified_gmt":"2026-01-30T10:46:33","slug":"goya-se-esta-convirtiendo-en-un-lugar-donde-todos-quieren-estar-elogios-de-marcelo-gomez-brown-al-carnaval-local","status":"publish","type":"post","link":"https:\/\/elpueblonoticia.com.ar\/web\/2026\/01\/30\/goya-se-esta-convirtiendo-en-un-lugar-donde-todos-quieren-estar-elogios-de-marcelo-gomez-brown-al-carnaval-local\/","title":{"rendered":"\u201cGOYA SE EST\u00c1 CONVIRTIENDO EN UN LUGAR DONDE TODOS QUIEREN ESTAR\u201d: ELOGIOS DE MARCELO G\u00d3MEZ BROWN AL CARNAVAL LOCAL"},"content":{"rendered":"<p class=\"x_MsoNormal\"><span lang=\"ES\" data-olk-copy-source=\"MessageBody\">Los Carnavales de Goya se consolidan a\u00f1o tras a\u00f1o como una de las principales atracciones tur\u00edsticas y culturales del verano correntino. No solo convocan a miles de vecinos y visitantes que llegan para disfrutar de las noches carnestolendas, sino que tambi\u00e9n atraen a figuras consagradas del carnaval provincial y nacional. La presencia de personalidades reconocidas volvi\u00f3 a quedar en evidencia durante la segunda noche de desfiles.<\/span><\/p>\n<p class=\"x_MsoNormal\"><span lang=\"ES\">Uno de ellos fue Marcelo G\u00f3mez Brown, hist\u00f3rico locutor y animador, quien no pasa desapercibido en ning\u00fan escenario. No por estridencias, sino porque lleva el carnaval en la sangre. Animar es parte de su esencia y lo hace siempre, en cada lugar y circunstancia que le toca vivir.<\/span><\/p>\n<p class=\"x_MsoNormal\"><span lang=\"ES\">El locutor y animador oficial de la Capital Nacional del Carnaval de Corrientes visit\u00f3 una de sus \u201ccasas\u201d, la ciudad de Goya, y form\u00f3 parte del set de transmisi\u00f3n oficial durante la segunda noche carnavalera, donde comparti\u00f3 su mirada sobre la evoluci\u00f3n y el presente de la fiesta.<\/span><\/p>\n<p class=\"x_MsoNormal\"><span lang=\"ES\">\u201cFeliz, contento de los avances que estoy viendo, hace mucho que no ven\u00eda y estoy gratamente sorprendido porque veo lleno este cors\u00f3dromo, la gente se est\u00e1 divirtiendo y las comparsas con un gran nivel\u201d, expres\u00f3 G\u00f3mez Brown.<\/span><\/p>\n<p class=\"x_MsoNormal\"><span lang=\"ES\">Consultado sobre la \u00faltima vez que hab\u00eda presenciado en persona los corsos goyanos, explic\u00f3: \u201cCreo que hace m\u00e1s de 10 a\u00f1os, porque siempre coincido con el carnaval de Corrientes y trabajo mucho all\u00e1 y por eso se me dificultaba\u201d.<\/span><\/p>\n<p class=\"x_MsoNormal\"><span lang=\"ES\">Y agreg\u00f3: \u201cAhora se dio la oportunidad y lo primero que hice fue venir a Goya\u201d.<\/span><\/p>\n<p class=\"x_MsoNormal\"><span lang=\"ES\">Desde su vasta experiencia recorriendo carnavales no solo en la capital correntina sino tambi\u00e9n en distintos puntos del pa\u00eds, G\u00f3mez Brown brind\u00f3 su visi\u00f3n sobre el Cors\u00f3dromo del predio Costa Surub\u00ed. \u201cVeo que est\u00e1n bien organizados, creo que lo de las tribunas ha sido fundamental, la gente est\u00e1 c\u00f3moda, son seguras porque pueden bailar, saltar\u201d, se\u00f1al\u00f3.<\/span><\/p>\n<p class=\"x_MsoNormal\"><span lang=\"ES\">En esa misma l\u00ednea, remarc\u00f3 el crecimiento sostenido del evento: \u201cEvidentemente hay un avance, hay palcos VIP, est\u00e1 todo repleto, los felicito a los organizadores, han progresado exponencialmente\u201d, subray\u00f3 el locutor oficial de los carnavales capitalinos, destacando adem\u00e1s la apuesta de los prestadores de servicios que acompa\u00f1an este tipo de espect\u00e1culos.<\/span><\/p>\n<p class=\"x_MsoNormal\"><span lang=\"ES\">PALCO VIP BRAHMA<\/span><\/p>\n<p class=\"x_MsoNormal\"><span lang=\"ES\">Frontal, extrovertido y con un carisma natural, Marcelo G\u00f3mez Brown r\u00e1pidamente se convirti\u00f3 en una de las figuras protagonistas del desfile. Al ser consultado sobre la puesta en escena del \u201cPalco Brahma\u201d, un espacio emblem\u00e1tico que combina espect\u00e1culo, servicios y diversi\u00f3n nocturna, fue contundente: \u201cQueda a las claras el crecimiento del carnaval de Goya porque marcas como Brahma no van a cualquier lado\u201d.<\/span><\/p>\n<p class=\"x_MsoNormal\"><span lang=\"ES\">Y a\u00f1adi\u00f3: \u201cEst\u00e1n en Corrientes hace mucho tiempo, en Gualeguaych\u00fa y ahora felizmente veo que est\u00e1n en Goya, indudablemente hay progreso y el avance que ha tenido el carnaval goyano\u201d.<\/span><\/p>\n<p class=\"x_MsoNormal\"><span lang=\"ES\">CARNAVALES GOYANOS: UN POTENCIAL EN CRECIMIENTO<\/span><\/p>\n<p class=\"x_MsoNormal\"><span lang=\"ES\">M\u00e1s all\u00e1 de la infraestructura y el acompa\u00f1amiento del p\u00fablico, Goya cuenta en esta edici\u00f3n 2026 con seis comparsas, un dato que refleja el potencial de crecimiento a futuro y el atractivo que genera la ciudad para comparseros de toda la regi\u00f3n. \u201cGoya se est\u00e1 convirtiendo poco a poco en un lugar que todos desean estar, las comparsas quieren estar, lo mismo que los bailarines, hoy vemos comparseros de otros lugares\u201d, afirm\u00f3 G\u00f3mez Brown.<\/span><\/p>\n<p class=\"x_MsoNormal\"><span lang=\"ES\">Con frenes\u00ed, remarc\u00f3 el sentido de integraci\u00f3n regional: \u201cFeliz porque la gente se integra, la regi\u00f3n se hace fuerte y aspira y desea bailar en los carnavales de Goya\u201d.<\/span><\/p>\n<p class=\"x_MsoNormal\"><span lang=\"ES\">50 A\u00d1OS DE LA COMPARSA TROPICAL<\/span><\/p>\n<p class=\"x_MsoNormal\"><span lang=\"ES\">Este a\u00f1o, adem\u00e1s, la Comparsa Tropical celebra sus Bodas de Oro, cumpliendo 50 a\u00f1os de historia en el carnaval goyano. Sobre este aniversario tan especial, el animador record\u00f3: \u201cAnim\u00e9 Tropical varios a\u00f1os, la verdad que era una felicidad\u201d.<\/span><\/p>\n<p class=\"x_MsoNormal\"><span lang=\"ES\">Y destac\u00f3 su presente: \u201cAhora veo que ha resurgido incre\u00edblemente, este a\u00f1o con el Premio Corrientes distinguimos a la comparsa Tropical por sus 50 a\u00f1os y a Mario Gauna por m\u00e1s de 50 a\u00f1os bailando en el carnaval\u201d.<\/span><\/p>\n<p class=\"x_MsoNormal\"><span lang=\"ES\">Con \u00e9nfasis, remarc\u00f3: \u201cEsto no se da en muchos lugares, as\u00ed que felicito a toda la gente de la comparsa Tropical\u201d.<\/span><\/p>\n<p class=\"x_MsoNormal\"><span lang=\"ES\">CARNAVALES CORRENTINOS<\/span><\/p>\n<p class=\"x_MsoNormal\"><span lang=\"ES\">Finalmente, a pocos d\u00edas del inicio de los Carnavales de Corrientes Capital, donde nuevamente tendr\u00e1 un rol protag\u00f3nico en la conducci\u00f3n del Cors\u00f3dromo \u201cNolo Al\u00edas\u201d, G\u00f3mez Brown adelant\u00f3 c\u00f3mo se perfila la edici\u00f3n 2026: \u201cCreo que es lo que se va a rubricar este a\u00f1o, Corrientes Capital tiene 34 comparsas barriales, en los oficiales 10 entre agrupaciones musicales y comparsas de primera categor\u00eda\u201d.<\/span><\/p>\n<p class=\"x_MsoNormal\"><span lang=\"ES\">Con afectaci\u00f3n, reafirm\u00f3 la identidad carnavalera correntina: \u201cRealmente vamos a gritar fuerte qu\u00e9 Corrientes sigue siendo la Capital Nacional del Carnaval porque a Gualeguaych\u00fa le dieron Fiesta Nacional del Carnaval, pero la Capital sigue quedando en Corrientes y vamos a poner mucho \u00e9nfasis\u201d.<\/span><\/p>\n<p class=\"x_MsoNormal\"><span lang=\"ES\">\u00a0<\/span><\/p>\n<p class=\"x_MsoNormal\"><span lang=\"ES\">Y concluy\u00f3 explicando su rol como animador oficial: \u201cEn Corrientes no es como en Goya que cada comparsa tiene su animador, en este caso los locutores oficiales como en mi caso tengo que hacer la locuci\u00f3n y animaci\u00f3n de Ara Ber\u00e1, Sapucay, Arand\u00fa Beleza, casi todas\u201d.<\/span><\/p>\n<p class=\"x_MsoNormal\"><span lang=\"ES\">El carnaval, el chamam\u00e9 y la pesca forman parte del ADN correntino. Son identidad, cultura y patrimonio vivo. Y tanto Goya como Corrientes Capital contin\u00faan mostrando al pa\u00eds y al mundo la fuerza de una fiesta que no deja de crecer.<\/span><\/p>\n","protected":false},"excerpt":{"rendered":"<p>Los Carnavales de Goya se consolidan a\u00f1o tras a\u00f1o como una de las principales atracciones tur\u00edsticas y culturales del verano correntino. No solo convocan a miles de vecinos y visitantes que llegan para disfrutar de las noches carnestolendas, sino que tambi\u00e9n atraen a figuras consagradas del carnaval provincial y nacional. La presencia de personalidades reconocidas [&hellip;]<\/p>\n","protected":false},"author":2,"featured_media":6335,"comment_status":"open","ping_status":"open","sticky":false,"template":"","format":"standard","meta":{"footnotes":""},"categories":[56],"tags":[],"class_list":{"0":"post-6334","1":"post","2":"type-post","3":"status-publish","4":"format-standard","5":"has-post-thumbnail","7":"category-locales"},"_links":{"self":[{"href":"https:\/\/elpueblonoticia.com.ar\/web\/wp-json\/wp\/v2\/posts\/6334","targetHints":{"allow":["GET"]}}],"collection":[{"href":"https:\/\/elpueblonoticia.com.ar\/web\/wp-json\/wp\/v2\/posts"}],"about":[{"href":"https:\/\/elpueblonoticia.com.ar\/web\/wp-json\/wp\/v2\/types\/post"}],"author":[{"embeddable":true,"href":"https:\/\/elpueblonoticia.com.ar\/web\/wp-json\/wp\/v2\/users\/2"}],"replies":[{"embeddable":true,"href":"https:\/\/elpueblonoticia.com.ar\/web\/wp-json\/wp\/v2\/comments?post=6334"}],"version-history":[{"count":1,"href":"https:\/\/elpueblonoticia.com.ar\/web\/wp-json\/wp\/v2\/posts\/6334\/revisions"}],"predecessor-version":[{"id":6336,"href":"https:\/\/elpueblonoticia.com.ar\/web\/wp-json\/wp\/v2\/posts\/6334\/revisions\/6336"}],"wp:featuredmedia":[{"embeddable":true,"href":"https:\/\/elpueblonoticia.com.ar\/web\/wp-json\/wp\/v2\/media\/6335"}],"wp:attachment":[{"href":"https:\/\/elpueblonoticia.com.ar\/web\/wp-json\/wp\/v2\/media?parent=6334"}],"wp:term":[{"taxonomy":"category","embeddable":true,"href":"https:\/\/elpueblonoticia.com.ar\/web\/wp-json\/wp\/v2\/categories?post=6334"},{"taxonomy":"post_tag","embeddable":true,"href":"https:\/\/elpueblonoticia.com.ar\/web\/wp-json\/wp\/v2\/tags?post=6334"}],"curies":[{"name":"wp","href":"https:\/\/api.w.org\/{rel}","templated":true}]}}