{"id":6325,"date":"2026-01-29T11:45:00","date_gmt":"2026-01-29T14:45:00","guid":{"rendered":"https:\/\/elpueblonoticia.com.ar\/web\/?p=6325"},"modified":"2026-01-29T11:45:00","modified_gmt":"2026-01-29T14:45:00","slug":"oficializaron-el-bono-para-jubilados-de-febrero-con-la-cifra-congelada-desde-marzo-de-2024","status":"publish","type":"post","link":"https:\/\/elpueblonoticia.com.ar\/web\/2026\/01\/29\/oficializaron-el-bono-para-jubilados-de-febrero-con-la-cifra-congelada-desde-marzo-de-2024\/","title":{"rendered":"Oficializaron el bono para jubilados de febrero, con la cifra congelada desde marzo de 2024"},"content":{"rendered":"<p>Aquellos beneficiarios que cobren la m\u00ednima volver\u00e1n a percibir el monto, que hace dos a\u00f1os se mantiene sin modificaciones. Se sumar\u00e1 al aumento del 2,8% que les corresponde por la suba de la inflaci\u00f3n de diciembre.<\/p>\n<p>El Gobierno oficializ\u00f3 este jueves el Bono Extraordinario Previsional de hasta $70 mil para jubilados que cobran la m\u00ednima y otros beneficiarios de prestaciones contributivas y no contributivas de la Administraci\u00f3n Nacional de la Seguridad Social (ANSES) que se abonar\u00e1 en febrero, y que se mantiene congelado desde marzo de 2024.<\/p>\n<p>La medida se implement\u00f3 a trav\u00e9s del Decreto 65\/2026, publicado en el Bolet\u00edn Oficial, con las firmas del presidente Javier Milei, el jefe de Gabinete, Manuel Adorni, y la ministra de Capital Humano, Sandra Pettovello.<\/p>\n<p>En el texto explicaron que este bono tiene el objetivo de &#8220;mantener el poder adquisitivo de las prestaciones previsionales de los adultos mayores, evitando as\u00ed que contin\u00faen perdiendo su capacidad de compra&#8221;.<\/p>\n<p>A ra\u00edz del Decreto N\u00b0 274\/24, informaron que &#8220;se modific\u00f3 la f\u00f3rmula de movilidad jubilatoria, disponi\u00e9ndose la actualizaci\u00f3n mensual de los haberes previsionales desde el mes de julio de 2024, de acuerdo con las variaciones del Nivel General del \u00cdndice de Precios al Consumidor Nacional, publicado por el Instituto Nacional de Estad\u00edsticas y Censos (INDEC)&#8221;.<\/p>\n<p>El beneficio del bono alcanza tanto a los titulares de prestaciones previsionales de la ANSES, incluyendo jubilaciones, pensiones contributivas y no contributivas, la Pensi\u00f3n Universal para el Adulto Mayor (PUAM) y las pensiones por vejez, invalidez o para madres de siete hijos o m\u00e1s.<\/p>\n","protected":false},"excerpt":{"rendered":"<p>Aquellos beneficiarios que cobren la m\u00ednima volver\u00e1n a percibir el monto, que hace dos a\u00f1os se mantiene sin modificaciones. Se sumar\u00e1 al aumento del 2,8% que les corresponde por la suba de la inflaci\u00f3n de diciembre. El Gobierno oficializ\u00f3 este jueves el Bono Extraordinario Previsional de hasta $70 mil para jubilados que cobran la m\u00ednima [&hellip;]<\/p>\n","protected":false},"author":2,"featured_media":6326,"comment_status":"open","ping_status":"open","sticky":false,"template":"","format":"standard","meta":{"footnotes":""},"categories":[66],"tags":[],"class_list":{"0":"post-6325","1":"post","2":"type-post","3":"status-publish","4":"format-standard","5":"has-post-thumbnail","7":"category-politica-nacionales"},"_links":{"self":[{"href":"https:\/\/elpueblonoticia.com.ar\/web\/wp-json\/wp\/v2\/posts\/6325","targetHints":{"allow":["GET"]}}],"collection":[{"href":"https:\/\/elpueblonoticia.com.ar\/web\/wp-json\/wp\/v2\/posts"}],"about":[{"href":"https:\/\/elpueblonoticia.com.ar\/web\/wp-json\/wp\/v2\/types\/post"}],"author":[{"embeddable":true,"href":"https:\/\/elpueblonoticia.com.ar\/web\/wp-json\/wp\/v2\/users\/2"}],"replies":[{"embeddable":true,"href":"https:\/\/elpueblonoticia.com.ar\/web\/wp-json\/wp\/v2\/comments?post=6325"}],"version-history":[{"count":1,"href":"https:\/\/elpueblonoticia.com.ar\/web\/wp-json\/wp\/v2\/posts\/6325\/revisions"}],"predecessor-version":[{"id":6327,"href":"https:\/\/elpueblonoticia.com.ar\/web\/wp-json\/wp\/v2\/posts\/6325\/revisions\/6327"}],"wp:featuredmedia":[{"embeddable":true,"href":"https:\/\/elpueblonoticia.com.ar\/web\/wp-json\/wp\/v2\/media\/6326"}],"wp:attachment":[{"href":"https:\/\/elpueblonoticia.com.ar\/web\/wp-json\/wp\/v2\/media?parent=6325"}],"wp:term":[{"taxonomy":"category","embeddable":true,"href":"https:\/\/elpueblonoticia.com.ar\/web\/wp-json\/wp\/v2\/categories?post=6325"},{"taxonomy":"post_tag","embeddable":true,"href":"https:\/\/elpueblonoticia.com.ar\/web\/wp-json\/wp\/v2\/tags?post=6325"}],"curies":[{"name":"wp","href":"https:\/\/api.w.org\/{rel}","templated":true}]}}