{"id":6321,"date":"2026-01-29T11:23:59","date_gmt":"2026-01-29T14:23:59","guid":{"rendered":"https:\/\/elpueblonoticia.com.ar\/web\/?p=6321"},"modified":"2026-01-29T11:23:59","modified_gmt":"2026-01-29T14:23:59","slug":"milei-abrio-la-puerta-al-desembarco-de-mas-militares-en-la-funcion-publica","status":"publish","type":"post","link":"https:\/\/elpueblonoticia.com.ar\/web\/2026\/01\/29\/milei-abrio-la-puerta-al-desembarco-de-mas-militares-en-la-funcion-publica\/","title":{"rendered":"Milei abri\u00f3 la puerta al desembarco de m\u00e1s militares en la funci\u00f3n p\u00fablica"},"content":{"rendered":"<p>El presidente modific\u00f3 por decreto la Ley para el Personal Militar y design\u00f3 m\u00e1s uniformados en cargos vacantes en el ministerio de Defensa.<\/p>\n<p>El presidente Javier Milei modific\u00f3 este jueves por decreto la Ley para el Personal Militar de modo de que puedan acceder a cargos p\u00fablicos. As\u00ed qued\u00f3 plasmado en el Decreto 58\/2026 publicado hoy en el Bolet\u00edn Oficial con las firmas de Milei, su Jefe de Gabinete, Manuel Adorni y el ministro de Defensa, el Teniente General Carlos Alberto Presti.<\/p>\n<p>All\u00ed, Milei dispuso la modificaci\u00f3n del art\u00edculo 18 de la Ley 19.101 para el Personal Militar y establece los requisitos a cumplir para que los uniformados puedan ocupar cargos p\u00fablicos. &#8220;El personal del Cuadro Permanente podr\u00e1 desempe\u00f1ar funciones p\u00fablicas, no electivas&#8221;, se\u00f1ala el decreto y enumera los requisitos que deber\u00e1n cumplir.<\/p>\n<p>As\u00ed los militares que podr\u00e1n ejercer como funcionarios p\u00fablicos tendr\u00e1n que haber sido designados por el Poder Ejecutivo Nacional o por otras autoridades, siempre y cuando el nombramiento haya sido autorizado por el jefe del Estado Mayor General del Ej\u00e9rcito.<\/p>\n<p>La reforma a la Ley para el Personal Militar disponer adem\u00e1s que los oficiales, suboficiales y voluntarios del cuadro permanente continuar\u00e1n amparados mientras presten servicios en organismos del Ej\u00e9rcito, funciones espec\u00edficas en el Consejo de Defensa Nacional, en el Estado Mayor Conjunto de las Fuerzas Armadas o en la Casa Militar de la Secretar\u00eda General de la Presidencia de la Naci\u00f3n, as\u00ed como al cumplir comisiones propias del servicio militar.<\/p>\n<p>Por otro lado, el decreto incorpor\u00f3 la posibilidad de que el personal militar que sea designado se mantenga apartado de su cargo hasta dos meses como m\u00e1ximo tras haber sido designado.<\/p>\n<p>La reforma abri\u00f3 adem\u00e1s la posibilidad de que los militares designados en cargos del Ministerio de Defensa fuera de la estructura militar mantengan la continuidad de su carrera y sus beneficios. Esta disposici\u00f3n buscar\u00eda evitar que quienes acepten estos nombramientos vean perjudicadas tanto la suma de a\u00f1os de servicio como los c\u00e1lculos para su retiro.<\/p>\n<p>Este r\u00e9gimen solo beneficiar\u00e1 adem\u00e1s a quienes no alcanzaron el grado m\u00e1s alto de su respectiva fuerza. Una vez obtenido ese rango, ya no es posible acceder a ascensos ni modificar la jubilaci\u00f3n, motivo por el que el tiempo extra en el cargo no influye en su situaci\u00f3n previsional.<\/p>\n<p>De la misma forma, se dispuso la incompatibilidad entre funciones operativas en las Fuerzas Armadas y cargos en el Ministerio. Por este motivo, un militar no podr\u00e1 desempe\u00f1ar simult\u00e1neamente ambas tareas. Aunque podr\u00e1 ejercer el nuevo puesto sin pedir licencia, deber\u00e1 cumplir las restricciones establecidas para la administraci\u00f3n p\u00fablica.<\/p>\n","protected":false},"excerpt":{"rendered":"<p>El presidente modific\u00f3 por decreto la Ley para el Personal Militar y design\u00f3 m\u00e1s uniformados en cargos vacantes en el ministerio de Defensa. El presidente Javier Milei modific\u00f3 este jueves por decreto la Ley para el Personal Militar de modo de que puedan acceder a cargos p\u00fablicos. As\u00ed qued\u00f3 plasmado en el Decreto 58\/2026 publicado [&hellip;]<\/p>\n","protected":false},"author":2,"featured_media":6322,"comment_status":"open","ping_status":"open","sticky":false,"template":"","format":"standard","meta":{"footnotes":""},"categories":[66],"tags":[],"class_list":{"0":"post-6321","1":"post","2":"type-post","3":"status-publish","4":"format-standard","5":"has-post-thumbnail","7":"category-politica-nacionales"},"_links":{"self":[{"href":"https:\/\/elpueblonoticia.com.ar\/web\/wp-json\/wp\/v2\/posts\/6321","targetHints":{"allow":["GET"]}}],"collection":[{"href":"https:\/\/elpueblonoticia.com.ar\/web\/wp-json\/wp\/v2\/posts"}],"about":[{"href":"https:\/\/elpueblonoticia.com.ar\/web\/wp-json\/wp\/v2\/types\/post"}],"author":[{"embeddable":true,"href":"https:\/\/elpueblonoticia.com.ar\/web\/wp-json\/wp\/v2\/users\/2"}],"replies":[{"embeddable":true,"href":"https:\/\/elpueblonoticia.com.ar\/web\/wp-json\/wp\/v2\/comments?post=6321"}],"version-history":[{"count":1,"href":"https:\/\/elpueblonoticia.com.ar\/web\/wp-json\/wp\/v2\/posts\/6321\/revisions"}],"predecessor-version":[{"id":6323,"href":"https:\/\/elpueblonoticia.com.ar\/web\/wp-json\/wp\/v2\/posts\/6321\/revisions\/6323"}],"wp:featuredmedia":[{"embeddable":true,"href":"https:\/\/elpueblonoticia.com.ar\/web\/wp-json\/wp\/v2\/media\/6322"}],"wp:attachment":[{"href":"https:\/\/elpueblonoticia.com.ar\/web\/wp-json\/wp\/v2\/media?parent=6321"}],"wp:term":[{"taxonomy":"category","embeddable":true,"href":"https:\/\/elpueblonoticia.com.ar\/web\/wp-json\/wp\/v2\/categories?post=6321"},{"taxonomy":"post_tag","embeddable":true,"href":"https:\/\/elpueblonoticia.com.ar\/web\/wp-json\/wp\/v2\/tags?post=6321"}],"curies":[{"name":"wp","href":"https:\/\/api.w.org\/{rel}","templated":true}]}}