{"id":6317,"date":"2026-01-29T11:14:50","date_gmt":"2026-01-29T14:14:50","guid":{"rendered":"https:\/\/elpueblonoticia.com.ar\/web\/?p=6317"},"modified":"2026-01-29T11:14:50","modified_gmt":"2026-01-29T14:14:50","slug":"el-gobierno-prorrogo-la-emergencia-energetica-en-gas-hasta-fines-de-2027","status":"publish","type":"post","link":"https:\/\/elpueblonoticia.com.ar\/web\/2026\/01\/29\/el-gobierno-prorrogo-la-emergencia-energetica-en-gas-hasta-fines-de-2027\/","title":{"rendered":"El Gobierno prorrog\u00f3 la emergencia energ\u00e9tica en gas hasta fines de 2027"},"content":{"rendered":"<p>A trav\u00e9s de un DNU, el Ejecutivo admiti\u00f3 que las obras de infraestructura para el autoabastecimiento no estar\u00e1n listas para los pr\u00f3ximos inviernos<em>.\u00a0<\/em><\/p>\n<p>El Gobierno nacional oficializ\u00f3 este martes la pr\u00f3rroga de la emergencia del Sector Energ\u00e9tico Nacional hasta el 31 de diciembre de 2027, enfocada espec\u00edficamente en los segmentos de transporte y distribuci\u00f3n de gas natural.<\/p>\n<div class=\" large m_image\">\n<figure><picture><source srcset=\"https:\/\/www.nortecorrientes.com\/content\/bucket\/0\/391870w790h508c.jpg.webp\" type=\"image\/webp\" media=\"(min-width: 640px)\" \/><source srcset=\"https:\/\/www.nortecorrientes.com\/content\/bucket\/0\/391870w440h283c.jpg.webp\" type=\"image\/webp\" media=\"(min-width: 300px)\" \/><source srcset=\"https:\/\/www.nortecorrientes.com\/content\/bucket\/0\/391870w790h508c.jpg\" media=\"(min-width: 300px)\" \/><\/picture><figcaption>\u00a0LA EMERGENCIA ENERG\u00c9TICA SEGUIR\u00c1 HASTA EL 31 DE DICIEMBRE DE 2027.<\/figcaption><\/figure>\n<\/div>\n<p>La medida, dispuesta mediante el Decreto de Necesidad y Urgencia 49\/2026, busca garantizar el abastecimiento durante los pr\u00f3ximos dos inviernos ante la falta de infraestructura suficiente para transportar el gas de Vaca Muerta a los centros de consumo. Seg\u00fan supo NA, el decreto firmado por el presidente Javier Milei y todo su Gabinete reconoce que las obras de ampliaci\u00f3n de gasoductos &#8220;reci\u00e9n entrar\u00edan en operaci\u00f3n en el per\u00edodo invernal del a\u00f1o 2027&#8221;, lo que obliga al pa\u00eds a seguir dependiendo de la importaci\u00f3n de Gas Natural Licuado (GNL) para cubrir los picos de demanda residencial y la generaci\u00f3n el\u00e9ctrica.<\/p>\n<p><strong>Privatizaci\u00f3n de importaci\u00f3n\u00a0<\/strong><\/p>\n<p>La normativa introduce un cambio dr\u00e1stico en la operatoria de comercio exterior: el Estado busca retirarse como importador directo a trav\u00e9s de Enarsa y ceder ese rol al sector privado.<\/p>\n<p>El Gobierno instruy\u00f3 a la Secretar\u00eda de Energ\u00eda a realizar un concurso competitivo para seleccionar a un comercializador privado que se encargue de importar el GNL y regasificarlo utilizando la terminal de Escobar (la \u00fanica operativa actualmente). El Ejecutivo argument\u00f3 que la intervenci\u00f3n estatal previa &#8220;ha sido incapaz de dar una soluci\u00f3n eficiente y ha implicado erogaciones de mucha envergadura&#8221;. Sin embargo, ante la existencia de una \u00fanica terminal de ingreso (monopolio natural), el DNU establece un &#8220;precio m\u00e1ximo&#8221; para la venta de ese gas en el mercado interno durante los inviernos de 2026 y 2027. Este tope se calcular\u00e1 con base en un marcador internacional m\u00e1s los costos log\u00edsticos, para evitar abusos de posici\u00f3n dominante por parte del futuro operador privado.<\/p>\n<p><strong>Los motivos de la emergencia<\/strong><\/p>\n<p>En los considerandos de la norma, el Poder Ejecutivo detall\u00f3 la fragilidad del sistema: Cuello de botella: existe una falta de capacidad de transporte para llevar el gas desde la Cuenca Neuquina (Vaca Muerta) hacia Buenos Aires y el Litoral.<\/p>\n<p>Dependencia del GNL: sin la importaci\u00f3n de barcos metaneros, &#8220;la demanda necesaria para abastecer a los usuarios residenciales y garantizar el funcionamiento de las centrales t\u00e9rmicas quedar\u00eda insatisfecha en los d\u00edas m\u00e1s fr\u00edos&#8221;. Plan B: si fracasa la licitaci\u00f3n para que un privado se haga cargo de la importaci\u00f3n, Enarsa deber\u00e1 asumir nuevamente la responsabilidad de garantizar el suministro.<\/p>\n","protected":false},"excerpt":{"rendered":"<p>A trav\u00e9s de un DNU, el Ejecutivo admiti\u00f3 que las obras de infraestructura para el autoabastecimiento no estar\u00e1n listas para los pr\u00f3ximos inviernos.\u00a0 El Gobierno nacional oficializ\u00f3 este martes la pr\u00f3rroga de la emergencia del Sector Energ\u00e9tico Nacional hasta el 31 de diciembre de 2027, enfocada espec\u00edficamente en los segmentos de transporte y distribuci\u00f3n de [&hellip;]<\/p>\n","protected":false},"author":2,"featured_media":6318,"comment_status":"open","ping_status":"open","sticky":false,"template":"","format":"standard","meta":{"footnotes":""},"categories":[66],"tags":[],"class_list":{"0":"post-6317","1":"post","2":"type-post","3":"status-publish","4":"format-standard","5":"has-post-thumbnail","7":"category-politica-nacionales"},"_links":{"self":[{"href":"https:\/\/elpueblonoticia.com.ar\/web\/wp-json\/wp\/v2\/posts\/6317","targetHints":{"allow":["GET"]}}],"collection":[{"href":"https:\/\/elpueblonoticia.com.ar\/web\/wp-json\/wp\/v2\/posts"}],"about":[{"href":"https:\/\/elpueblonoticia.com.ar\/web\/wp-json\/wp\/v2\/types\/post"}],"author":[{"embeddable":true,"href":"https:\/\/elpueblonoticia.com.ar\/web\/wp-json\/wp\/v2\/users\/2"}],"replies":[{"embeddable":true,"href":"https:\/\/elpueblonoticia.com.ar\/web\/wp-json\/wp\/v2\/comments?post=6317"}],"version-history":[{"count":1,"href":"https:\/\/elpueblonoticia.com.ar\/web\/wp-json\/wp\/v2\/posts\/6317\/revisions"}],"predecessor-version":[{"id":6319,"href":"https:\/\/elpueblonoticia.com.ar\/web\/wp-json\/wp\/v2\/posts\/6317\/revisions\/6319"}],"wp:featuredmedia":[{"embeddable":true,"href":"https:\/\/elpueblonoticia.com.ar\/web\/wp-json\/wp\/v2\/media\/6318"}],"wp:attachment":[{"href":"https:\/\/elpueblonoticia.com.ar\/web\/wp-json\/wp\/v2\/media?parent=6317"}],"wp:term":[{"taxonomy":"category","embeddable":true,"href":"https:\/\/elpueblonoticia.com.ar\/web\/wp-json\/wp\/v2\/categories?post=6317"},{"taxonomy":"post_tag","embeddable":true,"href":"https:\/\/elpueblonoticia.com.ar\/web\/wp-json\/wp\/v2\/tags?post=6317"}],"curies":[{"name":"wp","href":"https:\/\/api.w.org\/{rel}","templated":true}]}}