{"id":6309,"date":"2026-01-29T10:36:01","date_gmt":"2026-01-29T13:36:01","guid":{"rendered":"https:\/\/elpueblonoticia.com.ar\/web\/?p=6309"},"modified":"2026-01-29T10:36:29","modified_gmt":"2026-01-29T13:36:29","slug":"un-choque-entre-dos-camiones-genero-serias-demoras-en-el-puente-chaco-corrientes","status":"publish","type":"post","link":"https:\/\/elpueblonoticia.com.ar\/web\/2026\/01\/29\/un-choque-entre-dos-camiones-genero-serias-demoras-en-el-puente-chaco-corrientes\/","title":{"rendered":"Un choque entre dos camiones gener\u00f3 serias demoras en el puente Chaco-Corrientes"},"content":{"rendered":"<p>El siniestro vial ocurri\u00f3 este mi\u00e9rcoles por la tarde sobre la Ruta Nacional N\u00b0 16. A pesar del fuerte impacto entre los dos veh\u00edculos de gran porte que se dirig\u00edan hacia Resistencia, no se registraron heridos.<\/p>\n<p>n choque entre dos camiones gener\u00f3 serias demoras en el puente interprovincial\u00a0<strong>General Manuel Belgrano.<\/strong><\/p>\n<div class=\"container-spot\" data-tipo=\"tipo_todo\" data-pos=\"NEW_P1_cuerpo\">\n<div class=\"gpt-load\" data-gpt=\"\/22675780113\/nota\/new_p1_cuerpo\" data-size=\"[[728, 90]]\" data-gpt-mobile=\"\/22675780113\/nota\/new_p1_cuerpo\" data-size-mobile=\"[[320, 100],[300, 250],[300, 100],[300, 50]]\"><\/div>\n<\/div>\n<p>El accidente sobre la\u00a0<b>Ruta Nacional N\u00b0 16<\/b>\u00a0provoca largas filas de veh\u00edculos y una interrupci\u00f3n parcial del flujo vehicular que une las capitales de\u00a0<strong>Corrientes<\/strong>\u00a0y\u00a0<strong>Chaco<\/strong>.<\/p>\n<p>El incidente involucr\u00f3 a un cami\u00f3n marca\u00a0<b>Iveco con acoplado<\/b>, conducido por un hombre de 39 a\u00f1os, el cual fue impactado en la parte posterior por otro cami\u00f3n marca\u00a0<b>Ford 7000<\/b>, guiado por un ciudadano de 38 a\u00f1os.<\/p>\n<div class=\"container-spot\" data-tipo=\"tipo_todo\" data-pos=\"NEW_P2_cuerpo\">\n<div class=\"gpt-load\" data-gpt=\"\/22675780113\/nota\/new_p2_cuerpo\" data-size=\"[[728, 90]]\" data-gpt-mobile=\"\/22675780113\/nota\/new_p2_cuerpo\" data-size-mobile=\"[[320, 100],[320, 50],[300, 600],[300, 250],[300, 100],[300, 50]]\"><\/div>\n<\/div>\n<p>Seg\u00fan el informe oficial, ambos rodados circulaban en direcci\u00f3n hacia la ciudad de Resistencia al momento de la colisi\u00f3n simple.<\/p>\n<h2 class=\"h2\">Sin heridos y con demoras temporales<\/h2>\n<p>Afortunadamente, las autoridades confirmaron que\u00a0<b>no se registraron personas lesionadas<\/b>\u00a0como consecuencia del impacto, limit\u00e1ndose los da\u00f1os a cuestiones materiales en las estructuras de los camiones. Sin embargo, debido a la posici\u00f3n en la que quedaron los veh\u00edculos tras el choque, el tr\u00e1nsito debi\u00f3 ser restringido de manera temporal.<\/p>\n<div class=\"container-spot\" data-tipo=\"tipo_todo\" data-pos=\"NEW_P3_cuerpo\">\n<div class=\"gpt-load\" data-gpt=\"\/22675780113\/nota\/new_p3_cuerpo\" data-size=\"[[728, 90]]\" data-gpt-mobile=\"\/22675780113\/nota\/new_p3_cuerpo\" data-size-mobile=\"[[320, 100],[320, 50],[300, 250],[300, 100],[300, 50]]\"><\/div>\n<\/div>\n<p>En el lugar trabajaron de forma conjunta efectivos de la\u00a0<b>Direcci\u00f3n de Polic\u00eda Caminera<\/b>\u00a0y personal de\u00a0<b>Gendarmer\u00eda Nacional<\/b>, quienes montaron un operativo de regulaci\u00f3n para evitar nuevos incidentes en una zona de alta sensibilidad para el tr\u00e1nsito regional.<\/p>\n<h2 class=\"h2\">Normalizaci\u00f3n del servicio<\/h2>\n<p>La fluidez vehicular se vio afectada durante un tiempo considerable hasta el arribo de una gr\u00faa de gran porte, la cual removi\u00f3 las unidades siniestradas de la calzada. Una vez despejada la ruta, el tr\u00e1nsito comenz\u00f3 a normalizarse paulatinamente sin que se reportaran mayores novedades durante el resto de la tarde.<\/p>\n<div class=\"container-spot\" data-tipo=\"tipo_todo\" data-pos=\"NEW_P4_cuerpo\">\n<div class=\"gpt-load\" data-gpt=\"\/22675780113\/nota\/new_p4_cuerpo\" data-size=\"[[728, 90]]\" data-gpt-mobile=\"\/22675780113\/nota\/new_p4_cuerpo\" data-size-mobile=\"[[300, 600],[300, 250],[300, 100],[300, 50],[320, 100],[320, 50]]\"><\/div>\n<\/div>\n<p>Este nuevo siniestro vuelve a poner el foco sobre la necesidad de extremar los cuidados en el cruce del puente, especialmente en horarios de gran demanda, donde cualquier desperfecto o colisi\u00f3n m\u00ednima genera cuellos de botella que afectan a miles de usuarios.<\/p>\n","protected":false},"excerpt":{"rendered":"<p>El siniestro vial ocurri\u00f3 este mi\u00e9rcoles por la tarde sobre la Ruta Nacional N\u00b0 16. A pesar del fuerte impacto entre los dos veh\u00edculos de gran porte que se dirig\u00edan hacia Resistencia, no se registraron heridos. n choque entre dos camiones gener\u00f3 serias demoras en el puente interprovincial\u00a0General Manuel Belgrano. El accidente sobre la\u00a0Ruta Nacional [&hellip;]<\/p>\n","protected":false},"author":2,"featured_media":6310,"comment_status":"open","ping_status":"open","sticky":false,"template":"","format":"standard","meta":{"footnotes":""},"categories":[68],"tags":[],"class_list":{"0":"post-6309","1":"post","2":"type-post","3":"status-publish","4":"format-standard","5":"has-post-thumbnail","7":"category-policiales-nacionales"},"_links":{"self":[{"href":"https:\/\/elpueblonoticia.com.ar\/web\/wp-json\/wp\/v2\/posts\/6309","targetHints":{"allow":["GET"]}}],"collection":[{"href":"https:\/\/elpueblonoticia.com.ar\/web\/wp-json\/wp\/v2\/posts"}],"about":[{"href":"https:\/\/elpueblonoticia.com.ar\/web\/wp-json\/wp\/v2\/types\/post"}],"author":[{"embeddable":true,"href":"https:\/\/elpueblonoticia.com.ar\/web\/wp-json\/wp\/v2\/users\/2"}],"replies":[{"embeddable":true,"href":"https:\/\/elpueblonoticia.com.ar\/web\/wp-json\/wp\/v2\/comments?post=6309"}],"version-history":[{"count":1,"href":"https:\/\/elpueblonoticia.com.ar\/web\/wp-json\/wp\/v2\/posts\/6309\/revisions"}],"predecessor-version":[{"id":6311,"href":"https:\/\/elpueblonoticia.com.ar\/web\/wp-json\/wp\/v2\/posts\/6309\/revisions\/6311"}],"wp:featuredmedia":[{"embeddable":true,"href":"https:\/\/elpueblonoticia.com.ar\/web\/wp-json\/wp\/v2\/media\/6310"}],"wp:attachment":[{"href":"https:\/\/elpueblonoticia.com.ar\/web\/wp-json\/wp\/v2\/media?parent=6309"}],"wp:term":[{"taxonomy":"category","embeddable":true,"href":"https:\/\/elpueblonoticia.com.ar\/web\/wp-json\/wp\/v2\/categories?post=6309"},{"taxonomy":"post_tag","embeddable":true,"href":"https:\/\/elpueblonoticia.com.ar\/web\/wp-json\/wp\/v2\/tags?post=6309"}],"curies":[{"name":"wp","href":"https:\/\/api.w.org\/{rel}","templated":true}]}}