{"id":6298,"date":"2026-01-29T10:02:40","date_gmt":"2026-01-29T13:02:40","guid":{"rendered":"https:\/\/elpueblonoticia.com.ar\/web\/?p=6298"},"modified":"2026-01-29T10:02:40","modified_gmt":"2026-01-29T13:02:40","slug":"el-chaqueno-palavecino-fue-expulsado-de-la-asociacion-federal-de-raices-criollas-por-cantar-con-milei","status":"publish","type":"post","link":"https:\/\/elpueblonoticia.com.ar\/web\/2026\/01\/29\/el-chaqueno-palavecino-fue-expulsado-de-la-asociacion-federal-de-raices-criollas-por-cantar-con-milei\/","title":{"rendered":"El Chaque\u00f1o Palavecino fue expulsado de la Asociaci\u00f3n Federal de Ra\u00edces Criollas por cantar con Milei"},"content":{"rendered":"<p><strong>Luego de su participaci\u00f3n en el Festival Nacional de la Doma y el Folklore de Jes\u00fas Mar\u00eda, que cont\u00f3 con la presencia del presidente Javier Milei, el Chaque\u00f1o Palavecino fue expulsado de la Asociaci\u00f3n Federal de Ra\u00edces Criollas, lo que gener\u00f3 un fuerte revuelo dentro del mundo del folklore.<\/strong><\/p>\n<p>&nbsp;<\/p>\n<p>A trav\u00e9s de un comunicado, la entidad dio a conocer su decisi\u00f3n, argumentando que la actuaci\u00f3n del cantante en un acto popular junto al mandatario resulta\u00a0<strong>\u201cincompatible con la esencia criolla\u201d\u00a0<\/strong>y que &#8220;las expresiones y el marco pol\u00edtico en el que se desarroll\u00f3 dicho evento no representan ni reflejan los valores hist\u00f3ricos, culturales y sociales&#8221; de la agrupaci\u00f3n.<\/p>\n<article class=\"article-body article-body--third-paragraph content-protected-false\"><strong>\u201cNuestros valores hist\u00f3ricos est\u00e1n del lado del pueblo, no del poder<\/strong>\u201d, se\u00f1alaron, marcando que la imagen del artista junto al Presidente no fue interpretada como un gesto aislado, sino como una contradicci\u00f3n respecto del movimiento cultural que representan.<\/p>\n<\/article>\n<article class=\"article-body article-body--fourth-paragraph content-protected-false\">\n<figure id=\"8005563-Libre-1429559509_wrap\" class=\"embed_cont type_imagen\">\n<div id=\"8005563-Libre-1429559509_content\" class=\"embed_content\"><img decoding=\"async\" src=\"https:\/\/media.ambito.com\/p\/0d4c13614681800a9dd7bca540737831\/adjuntos\/239\/imagenes\/041\/965\/0041965946\/730x0\/smart\/chaqueno-plavecino-2jpg.jpg\" data-src=\"https:\/\/media.ambito.com\/p\/0d4c13614681800a9dd7bca540737831\/adjuntos\/239\/imagenes\/041\/965\/0041965946\/730x0\/smart\/chaqueno-plavecino-2jpg.jpg\" data-td-src-property=\"&lt;a href=\" \/><\/div>\n<div><\/div><figcaption class=\"embed_wrapper-cont\">\n<div id=\"8005563-Libre-1429559509_epigrafe\" class=\"embed_epigrafe\"><\/div>\n<\/figcaption><\/figure>\n<p>En ese senntido, enfatizaron: &#8220;Ra\u00edces Criollas naci\u00f3 y se consolid\u00f3\u00a0<strong>defendiendo el folclore como expresi\u00f3n del pueblo, de la solidaridad, de la justicia social<\/strong>\u00a0y de una cultura profundamente arraigada en la identidad nacional&#8221;.<\/p>\n<\/article>\n<article class=\"article-body article-body--fifth-paragraph content-protected-false\">&#8220;La Asociaci\u00f3n Federal de Ra\u00edces Criollas continuar\u00e1 trabajando por un folclore<strong>\u00a0comprometido con su gente<\/strong>, su historia y su futuro&#8221;, concluyeron.<\/p>\n<\/article>\n<article class=\"article-body article-body--remaining-paragraph content-protected-false\">\n<h2><strong>La palabra del Chaque\u00f1o Palavecino<\/strong><\/h2>\n<p>Luego del revuelo generado por la decisi\u00f3n de la Asosiaci\u00f3n, el cantante rompi\u00f3 el silencio en Am\u00e9rica TV, donde expres\u00f3:\u00a0<strong>&#8220;No s\u00e9 nada, vi desde ayer todo esto. Me suena raro&#8221;.<\/strong><\/p>\n<p>Adem\u00e1s, se refiri\u00f3 al momento en el que\u00a0<strong>Javier Milei<\/strong>\u00a0se subi\u00f3 al escenario y explic\u00f3:\u00a0<strong>&#8220;Lo invit\u00e9 como a tantas autoridades. Me enter\u00e9 un d\u00eda antes de que iba a ir&#8221;.<\/strong><\/p>\n<h2><strong>La presentaci\u00f3n de Javier Milei con el Chaque\u00f1o Palavecino<\/strong><\/h2>\n<p data-start=\"330\" data-end=\"678\">El Presidente estuvo presente en la presentaci\u00f3n del Chaque\u00f1o Palavecino en el Festival de Jes\u00fas Mar\u00eda. Una vez comenzado el show, el legendario artista de folclore\u00a0<strong>agradeci\u00f3 la visita oficial y celebr\u00f3 el clima del festival: \u201cGracias por venir a estas fiestas criollas, donde hay tanta gente hermosa&#8221;, expres\u00f3 hacia la grada donde se ubicaba la comitiva presidencial.<\/strong><\/p>\n<p data-start=\"680\" data-end=\"979\">Desde su ubicaci\u00f3n, el jefe de Estado tom\u00f3 el micr\u00f3fono para agradecer el respaldo electoral de la provincia. El gesto fue correspondido tanto por el p\u00fablico como por la organizaci\u00f3n del festival, que proyect\u00f3 en una pantalla gigante un mensaje de bienvenida:\u00a0<strong>\u201cBienvenido, presidente de la Naci\u00f3n, Javier Milei\u201d.<\/strong><\/p>\n<p data-start=\"1159\" data-end=\"1399\">El cl\u00edmax de la noche lleg\u00f3 cuando el propio mandatario lanz\u00f3 un pedido desde el p\u00fablico.\u00a0<strong>\u201cChaque\u00f1o, te puedo pedir un tema en honor al amor que siento por C\u00f3rdoba? Amor salvaje<\/strong>\u201d, grit\u00f3, desatando el festejo de los presentes.<\/p>\n<p data-start=\"1401\" data-end=\"1715\">Ante el pedido, el artista desde el escenario redobl\u00f3 la apuesta: \u201cOh, me va a hacer que lo cante antes.\u00a0<strong>\u00bfLo quer\u00e9s cantar conmigo?\u201d.\u00a0<\/strong>El Presidente &#8211; qui\u00e9n ya tiene algunas presentaciones como cantante bajo el brazo &#8211; primero rechaz\u00f3 la invitaci\u00f3n y se excus\u00f3 con humor al afirmar que\u00a0<strong>\u201cno le da el pin\u00e9\u201d y que se consideraba un \u201camateur\u201d.\u00a0<\/strong>\u201cUsted es un grande, yo solo un admirador\u201d, remarc\u00f3.<\/p>\n<\/article>\n","protected":false},"excerpt":{"rendered":"<p>Luego de su participaci\u00f3n en el Festival Nacional de la Doma y el Folklore de Jes\u00fas Mar\u00eda, que cont\u00f3 con la presencia del presidente Javier Milei, el Chaque\u00f1o Palavecino fue expulsado de la Asociaci\u00f3n Federal de Ra\u00edces Criollas, lo que gener\u00f3 un fuerte revuelo dentro del mundo del folklore. &nbsp; A trav\u00e9s de un comunicado, [&hellip;]<\/p>\n","protected":false},"author":2,"featured_media":6302,"comment_status":"open","ping_status":"open","sticky":false,"template":"","format":"standard","meta":{"footnotes":""},"categories":[78],"tags":[],"class_list":{"0":"post-6298","1":"post","2":"type-post","3":"status-publish","4":"format-standard","5":"has-post-thumbnail","7":"category-generales"},"_links":{"self":[{"href":"https:\/\/elpueblonoticia.com.ar\/web\/wp-json\/wp\/v2\/posts\/6298","targetHints":{"allow":["GET"]}}],"collection":[{"href":"https:\/\/elpueblonoticia.com.ar\/web\/wp-json\/wp\/v2\/posts"}],"about":[{"href":"https:\/\/elpueblonoticia.com.ar\/web\/wp-json\/wp\/v2\/types\/post"}],"author":[{"embeddable":true,"href":"https:\/\/elpueblonoticia.com.ar\/web\/wp-json\/wp\/v2\/users\/2"}],"replies":[{"embeddable":true,"href":"https:\/\/elpueblonoticia.com.ar\/web\/wp-json\/wp\/v2\/comments?post=6298"}],"version-history":[{"count":1,"href":"https:\/\/elpueblonoticia.com.ar\/web\/wp-json\/wp\/v2\/posts\/6298\/revisions"}],"predecessor-version":[{"id":6303,"href":"https:\/\/elpueblonoticia.com.ar\/web\/wp-json\/wp\/v2\/posts\/6298\/revisions\/6303"}],"wp:featuredmedia":[{"embeddable":true,"href":"https:\/\/elpueblonoticia.com.ar\/web\/wp-json\/wp\/v2\/media\/6302"}],"wp:attachment":[{"href":"https:\/\/elpueblonoticia.com.ar\/web\/wp-json\/wp\/v2\/media?parent=6298"}],"wp:term":[{"taxonomy":"category","embeddable":true,"href":"https:\/\/elpueblonoticia.com.ar\/web\/wp-json\/wp\/v2\/categories?post=6298"},{"taxonomy":"post_tag","embeddable":true,"href":"https:\/\/elpueblonoticia.com.ar\/web\/wp-json\/wp\/v2\/tags?post=6298"}],"curies":[{"name":"wp","href":"https:\/\/api.w.org\/{rel}","templated":true}]}}