{"id":6290,"date":"2026-01-29T09:35:20","date_gmt":"2026-01-29T12:35:20","guid":{"rendered":"https:\/\/elpueblonoticia.com.ar\/web\/?p=6290"},"modified":"2026-01-29T09:35:20","modified_gmt":"2026-01-29T12:35:20","slug":"abel-pintos-recordo-al-bocha-sheridan-y-teresa-parodi-en-el-escenario-de-cosquin","status":"publish","type":"post","link":"https:\/\/elpueblonoticia.com.ar\/web\/2026\/01\/29\/abel-pintos-recordo-al-bocha-sheridan-y-teresa-parodi-en-el-escenario-de-cosquin\/","title":{"rendered":"ABEL PINTOS RECORD\u00d3 AL BOCHA SHERIDAN Y TERESA PARODI EN EL ESCENARIO DE COSQU\u00cdN"},"content":{"rendered":"<div><strong>En una noche hist\u00f3rica, el artista bahiense detuvo su show para homenajear a la m\u00fasica del Litoral. Confes\u00f3 que llor\u00f3 frente al televisor al ver al referente mercede\u00f1o y decidi\u00f3 rescatar canciones que compuso junto a Teresa Parodi hace m\u00e1s de 20 a\u00f1os.\u00a0<\/strong><\/div>\n<div><\/div>\n<p>La tercera luna de Cosqu\u00edn 2026 no fue una m\u00e1s; fue la noche en la que el escenario Atahualpa Yupanqui de C\u00f3rdoba\u00a0se rindi\u00f3 ante el magnetismo inagotable de Abel Pintos.\u00a0En un concierto de dos horas que combin\u00f3 precisi\u00f3n t\u00e9cnica con una entrega emocional cruda, el cantante reafirm\u00f3 un romance con el p\u00fablico que ya suma 28 a\u00f1os de historia en la capital nacional del folklore.<\/p>\n<p>La plaza Pr\u00f3spero Molina estall\u00f3 cuando el artista revel\u00f3 la intimidad detr\u00e1s de su bloque litorale\u00f1o.\u00a0&#8220;Hace unos d\u00edas estaba mirando por la TV P\u00fablica al Bocha Sheridan. Estaba haciendo un concierto memorable. Me encontr\u00e9 conmovido y llorando de emoci\u00f3n&#8221;, relat\u00f3 Abel ante una multitud que lo ovacion\u00f3 de pie.<\/p>\n<p>Seg\u00fan confes\u00f3, ese impacto visual y sonoro del Bocha, sumado a ver a j\u00f3venes artistas versionar a Teresa Parodi, lo impuls\u00f3 a desempolvar &#8220;joyas&#8221; de su propio repertorio que no interpretaba hac\u00eda m\u00e1s de dos d\u00e9cadas.<\/p>\n<p>El tributo consisti\u00f3 en dos piezas especiales que Pintos compuso en los inicios de su carrera, all\u00e1 por el a\u00f1o 2003, cuando su v\u00ednculo con Corrientes era el centro de su discograf\u00eda.\u00a0 Interpret\u00f3\u00a0&#8220;El r\u00edo va&#8221;, un rasguido doble escrito junto a la mism\u00edsima Teresa Parodi, y &#8220;Eternidad&#8221;, un chamam\u00e9 de su autor\u00eda que hace a\u00f1os no formaba parte de sus recitales.<\/p>\n<div>\u00a0FUENTE: RADIO SUDAMERICANA<\/div>\n","protected":false},"excerpt":{"rendered":"<p>En una noche hist\u00f3rica, el artista bahiense detuvo su show para homenajear a la m\u00fasica del Litoral. Confes\u00f3 que llor\u00f3 frente al televisor al ver al referente mercede\u00f1o y decidi\u00f3 rescatar canciones que compuso junto a Teresa Parodi hace m\u00e1s de 20 a\u00f1os.\u00a0 La tercera luna de Cosqu\u00edn 2026 no fue una m\u00e1s; fue la [&hellip;]<\/p>\n","protected":false},"author":2,"featured_media":6291,"comment_status":"open","ping_status":"open","sticky":false,"template":"","format":"standard","meta":{"footnotes":""},"categories":[78],"tags":[],"class_list":{"0":"post-6290","1":"post","2":"type-post","3":"status-publish","4":"format-standard","5":"has-post-thumbnail","7":"category-generales"},"_links":{"self":[{"href":"https:\/\/elpueblonoticia.com.ar\/web\/wp-json\/wp\/v2\/posts\/6290","targetHints":{"allow":["GET"]}}],"collection":[{"href":"https:\/\/elpueblonoticia.com.ar\/web\/wp-json\/wp\/v2\/posts"}],"about":[{"href":"https:\/\/elpueblonoticia.com.ar\/web\/wp-json\/wp\/v2\/types\/post"}],"author":[{"embeddable":true,"href":"https:\/\/elpueblonoticia.com.ar\/web\/wp-json\/wp\/v2\/users\/2"}],"replies":[{"embeddable":true,"href":"https:\/\/elpueblonoticia.com.ar\/web\/wp-json\/wp\/v2\/comments?post=6290"}],"version-history":[{"count":1,"href":"https:\/\/elpueblonoticia.com.ar\/web\/wp-json\/wp\/v2\/posts\/6290\/revisions"}],"predecessor-version":[{"id":6292,"href":"https:\/\/elpueblonoticia.com.ar\/web\/wp-json\/wp\/v2\/posts\/6290\/revisions\/6292"}],"wp:featuredmedia":[{"embeddable":true,"href":"https:\/\/elpueblonoticia.com.ar\/web\/wp-json\/wp\/v2\/media\/6291"}],"wp:attachment":[{"href":"https:\/\/elpueblonoticia.com.ar\/web\/wp-json\/wp\/v2\/media?parent=6290"}],"wp:term":[{"taxonomy":"category","embeddable":true,"href":"https:\/\/elpueblonoticia.com.ar\/web\/wp-json\/wp\/v2\/categories?post=6290"},{"taxonomy":"post_tag","embeddable":true,"href":"https:\/\/elpueblonoticia.com.ar\/web\/wp-json\/wp\/v2\/tags?post=6290"}],"curies":[{"name":"wp","href":"https:\/\/api.w.org\/{rel}","templated":true}]}}