{"id":6279,"date":"2026-01-29T09:09:11","date_gmt":"2026-01-29T12:09:11","guid":{"rendered":"https:\/\/elpueblonoticia.com.ar\/web\/?p=6279"},"modified":"2026-01-29T09:09:11","modified_gmt":"2026-01-29T12:09:11","slug":"escuela-de-verano-ninos-de-la-zona-rural-disfrutaron-del-paseo-y-actividades-en-el-parque-acuatico","status":"publish","type":"post","link":"https:\/\/elpueblonoticia.com.ar\/web\/2026\/01\/29\/escuela-de-verano-ninos-de-la-zona-rural-disfrutaron-del-paseo-y-actividades-en-el-parque-acuatico\/","title":{"rendered":"ESCUELA DE VERANO  NI\u00d1OS DE LA ZONA RURAL DISFRUTARON DEL PASEO Y ACTIVIDADES EN EL PARQUE ACU\u00c1TICO"},"content":{"rendered":"<p><img loading=\"lazy\" decoding=\"async\" class=\"alignnone size-medium wp-image-6281\" src=\"https:\/\/elpueblonoticia.com.ar\/web\/wp-content\/uploads\/2026\/01\/escuela-de-verano-paseo-de-ninos-de-la-zona-rural-3-226x300.jpg\" alt=\"\" width=\"226\" height=\"300\" srcset=\"https:\/\/elpueblonoticia.com.ar\/web\/wp-content\/uploads\/2026\/01\/escuela-de-verano-paseo-de-ninos-de-la-zona-rural-3-226x300.jpg 226w, https:\/\/elpueblonoticia.com.ar\/web\/wp-content\/uploads\/2026\/01\/escuela-de-verano-paseo-de-ninos-de-la-zona-rural-3-770x1024.jpg 770w, https:\/\/elpueblonoticia.com.ar\/web\/wp-content\/uploads\/2026\/01\/escuela-de-verano-paseo-de-ninos-de-la-zona-rural-3-768x1021.jpg 768w, https:\/\/elpueblonoticia.com.ar\/web\/wp-content\/uploads\/2026\/01\/escuela-de-verano-paseo-de-ninos-de-la-zona-rural-3-1156x1536.jpg 1156w, https:\/\/elpueblonoticia.com.ar\/web\/wp-content\/uploads\/2026\/01\/escuela-de-verano-paseo-de-ninos-de-la-zona-rural-3-316x420.jpg 316w, https:\/\/elpueblonoticia.com.ar\/web\/wp-content\/uploads\/2026\/01\/escuela-de-verano-paseo-de-ninos-de-la-zona-rural-3-696x925.jpg 696w, https:\/\/elpueblonoticia.com.ar\/web\/wp-content\/uploads\/2026\/01\/escuela-de-verano-paseo-de-ninos-de-la-zona-rural-3-1068x1420.jpg 1068w, https:\/\/elpueblonoticia.com.ar\/web\/wp-content\/uploads\/2026\/01\/escuela-de-verano-paseo-de-ninos-de-la-zona-rural-3.jpg 1440w\" sizes=\"auto, (max-width: 226px) 100vw, 226px\" \/><img loading=\"lazy\" decoding=\"async\" class=\"alignnone size-medium wp-image-6282\" src=\"https:\/\/elpueblonoticia.com.ar\/web\/wp-content\/uploads\/2026\/01\/escuela-de-verano-paseo-de-ninos-de-la-zona-rural-4-taller-de-bario-aeroclub-226x300.jpg\" alt=\"\" width=\"226\" height=\"300\" srcset=\"https:\/\/elpueblonoticia.com.ar\/web\/wp-content\/uploads\/2026\/01\/escuela-de-verano-paseo-de-ninos-de-la-zona-rural-4-taller-de-bario-aeroclub-226x300.jpg 226w, https:\/\/elpueblonoticia.com.ar\/web\/wp-content\/uploads\/2026\/01\/escuela-de-verano-paseo-de-ninos-de-la-zona-rural-4-taller-de-bario-aeroclub-771x1024.jpg 771w, https:\/\/elpueblonoticia.com.ar\/web\/wp-content\/uploads\/2026\/01\/escuela-de-verano-paseo-de-ninos-de-la-zona-rural-4-taller-de-bario-aeroclub-768x1020.jpg 768w, https:\/\/elpueblonoticia.com.ar\/web\/wp-content\/uploads\/2026\/01\/escuela-de-verano-paseo-de-ninos-de-la-zona-rural-4-taller-de-bario-aeroclub-1156x1536.jpg 1156w, https:\/\/elpueblonoticia.com.ar\/web\/wp-content\/uploads\/2026\/01\/escuela-de-verano-paseo-de-ninos-de-la-zona-rural-4-taller-de-bario-aeroclub-316x420.jpg 316w, https:\/\/elpueblonoticia.com.ar\/web\/wp-content\/uploads\/2026\/01\/escuela-de-verano-paseo-de-ninos-de-la-zona-rural-4-taller-de-bario-aeroclub-696x925.jpg 696w, https:\/\/elpueblonoticia.com.ar\/web\/wp-content\/uploads\/2026\/01\/escuela-de-verano-paseo-de-ninos-de-la-zona-rural-4-taller-de-bario-aeroclub-1068x1419.jpg 1068w, https:\/\/elpueblonoticia.com.ar\/web\/wp-content\/uploads\/2026\/01\/escuela-de-verano-paseo-de-ninos-de-la-zona-rural-4-taller-de-bario-aeroclub.jpg 1440w\" sizes=\"auto, (max-width: 226px) 100vw, 226px\" \/><img loading=\"lazy\" decoding=\"async\" class=\"alignnone size-medium wp-image-6283\" src=\"https:\/\/elpueblonoticia.com.ar\/web\/wp-content\/uploads\/2026\/01\/escuela-de-verano-paseo-de-ninos-de-la-zona-rural-5-taller-de-bario-aeroclub-226x300.jpg\" alt=\"\" width=\"226\" height=\"300\" srcset=\"https:\/\/elpueblonoticia.com.ar\/web\/wp-content\/uploads\/2026\/01\/escuela-de-verano-paseo-de-ninos-de-la-zona-rural-5-taller-de-bario-aeroclub-226x300.jpg 226w, https:\/\/elpueblonoticia.com.ar\/web\/wp-content\/uploads\/2026\/01\/escuela-de-verano-paseo-de-ninos-de-la-zona-rural-5-taller-de-bario-aeroclub-771x1024.jpg 771w, https:\/\/elpueblonoticia.com.ar\/web\/wp-content\/uploads\/2026\/01\/escuela-de-verano-paseo-de-ninos-de-la-zona-rural-5-taller-de-bario-aeroclub-768x1020.jpg 768w, https:\/\/elpueblonoticia.com.ar\/web\/wp-content\/uploads\/2026\/01\/escuela-de-verano-paseo-de-ninos-de-la-zona-rural-5-taller-de-bario-aeroclub-1156x1536.jpg 1156w, https:\/\/elpueblonoticia.com.ar\/web\/wp-content\/uploads\/2026\/01\/escuela-de-verano-paseo-de-ninos-de-la-zona-rural-5-taller-de-bario-aeroclub-316x420.jpg 316w, https:\/\/elpueblonoticia.com.ar\/web\/wp-content\/uploads\/2026\/01\/escuela-de-verano-paseo-de-ninos-de-la-zona-rural-5-taller-de-bario-aeroclub-696x925.jpg 696w, https:\/\/elpueblonoticia.com.ar\/web\/wp-content\/uploads\/2026\/01\/escuela-de-verano-paseo-de-ninos-de-la-zona-rural-5-taller-de-bario-aeroclub-1068x1419.jpg 1068w, https:\/\/elpueblonoticia.com.ar\/web\/wp-content\/uploads\/2026\/01\/escuela-de-verano-paseo-de-ninos-de-la-zona-rural-5-taller-de-bario-aeroclub.jpg 1440w\" sizes=\"auto, (max-width: 226px) 100vw, 226px\" \/><\/p>\n<p class=\"x_MsoNormal\"><span data-olk-copy-source=\"MessageBody\">Durante la jornada del mi\u00e9rcoles, se han desarrollado los talleres barriales planificados desde el programa integral de la Municipalidad de Goya, en este caso los ni\u00f1os y adolescentes del Barrio Aeroclub, a la ma\u00f1ana y a la tarde expresaron su creatividad a trav\u00e9s del taller de Arte y Pintura.<\/span><\/p>\n<p class=\"x_MsoNormal\">\n<p class=\"x_MsoNormal\">El programa Escuela de verano viene demostrando la mirada inclusiva e integral, desde la propuesta generada desde la Secretar\u00eda de Educaci\u00f3n junto al equipo municipal, el d\u00eda mi\u00e9rcoles sirvi\u00f3 para que ni\u00f1os y adolescentes de la 3\u00aa secci\u00f3n de la zona rural de Goya visitaran y disfrutaran de las actividades en el Parque Acu\u00e1tico Goya<\/p>\n<p class=\"x_MsoNormal\">\n<p class=\"x_MsoNormal\">Este espacio pensado para aprender, compartir y disfrutar del verano a pleno, recibi\u00f3 la visita de los ni\u00f1os de los Parajes Mercedes Cossio y San Antonio.<\/p>\n","protected":false},"excerpt":{"rendered":"<p>Durante la jornada del mi\u00e9rcoles, se han desarrollado los talleres barriales planificados desde el programa integral de la Municipalidad de Goya, en este caso los ni\u00f1os y adolescentes del Barrio Aeroclub, a la ma\u00f1ana y a la tarde expresaron su creatividad a trav\u00e9s del taller de Arte y Pintura. El programa Escuela de verano viene [&hellip;]<\/p>\n","protected":false},"author":2,"featured_media":6280,"comment_status":"open","ping_status":"open","sticky":false,"template":"","format":"standard","meta":{"footnotes":""},"categories":[56],"tags":[],"class_list":{"0":"post-6279","1":"post","2":"type-post","3":"status-publish","4":"format-standard","5":"has-post-thumbnail","7":"category-locales"},"_links":{"self":[{"href":"https:\/\/elpueblonoticia.com.ar\/web\/wp-json\/wp\/v2\/posts\/6279","targetHints":{"allow":["GET"]}}],"collection":[{"href":"https:\/\/elpueblonoticia.com.ar\/web\/wp-json\/wp\/v2\/posts"}],"about":[{"href":"https:\/\/elpueblonoticia.com.ar\/web\/wp-json\/wp\/v2\/types\/post"}],"author":[{"embeddable":true,"href":"https:\/\/elpueblonoticia.com.ar\/web\/wp-json\/wp\/v2\/users\/2"}],"replies":[{"embeddable":true,"href":"https:\/\/elpueblonoticia.com.ar\/web\/wp-json\/wp\/v2\/comments?post=6279"}],"version-history":[{"count":1,"href":"https:\/\/elpueblonoticia.com.ar\/web\/wp-json\/wp\/v2\/posts\/6279\/revisions"}],"predecessor-version":[{"id":6284,"href":"https:\/\/elpueblonoticia.com.ar\/web\/wp-json\/wp\/v2\/posts\/6279\/revisions\/6284"}],"wp:featuredmedia":[{"embeddable":true,"href":"https:\/\/elpueblonoticia.com.ar\/web\/wp-json\/wp\/v2\/media\/6280"}],"wp:attachment":[{"href":"https:\/\/elpueblonoticia.com.ar\/web\/wp-json\/wp\/v2\/media?parent=6279"}],"wp:term":[{"taxonomy":"category","embeddable":true,"href":"https:\/\/elpueblonoticia.com.ar\/web\/wp-json\/wp\/v2\/categories?post=6279"},{"taxonomy":"post_tag","embeddable":true,"href":"https:\/\/elpueblonoticia.com.ar\/web\/wp-json\/wp\/v2\/tags?post=6279"}],"curies":[{"name":"wp","href":"https:\/\/api.w.org\/{rel}","templated":true}]}}