{"id":6272,"date":"2026-01-29T08:38:57","date_gmt":"2026-01-29T11:38:57","guid":{"rendered":"https:\/\/elpueblonoticia.com.ar\/web\/?p=6272"},"modified":"2026-01-29T08:38:57","modified_gmt":"2026-01-29T11:38:57","slug":"itg-presentara-una-muestra-de-proyectos-de-cursos-de-verano","status":"publish","type":"post","link":"https:\/\/elpueblonoticia.com.ar\/web\/2026\/01\/29\/itg-presentara-una-muestra-de-proyectos-de-cursos-de-verano\/","title":{"rendered":"ITG PRESENTAR\u00c1 UNA MUESTRA DE PROYECTOS DE CURSOS DE VERANO"},"content":{"rendered":"<p><img loading=\"lazy\" decoding=\"async\" class=\"alignnone  wp-image-6274\" src=\"https:\/\/elpueblonoticia.com.ar\/web\/wp-content\/uploads\/2026\/01\/escuela-de-verano-ITG-ilustracion-2-225x300.jpg\" alt=\"\" width=\"895\" height=\"1193\" srcset=\"https:\/\/elpueblonoticia.com.ar\/web\/wp-content\/uploads\/2026\/01\/escuela-de-verano-ITG-ilustracion-2-225x300.jpg 225w, https:\/\/elpueblonoticia.com.ar\/web\/wp-content\/uploads\/2026\/01\/escuela-de-verano-ITG-ilustracion-2-768x1024.jpg 768w, https:\/\/elpueblonoticia.com.ar\/web\/wp-content\/uploads\/2026\/01\/escuela-de-verano-ITG-ilustracion-2-1152x1536.jpg 1152w, https:\/\/elpueblonoticia.com.ar\/web\/wp-content\/uploads\/2026\/01\/escuela-de-verano-ITG-ilustracion-2-315x420.jpg 315w, https:\/\/elpueblonoticia.com.ar\/web\/wp-content\/uploads\/2026\/01\/escuela-de-verano-ITG-ilustracion-2-696x928.jpg 696w, https:\/\/elpueblonoticia.com.ar\/web\/wp-content\/uploads\/2026\/01\/escuela-de-verano-ITG-ilustracion-2-1068x1424.jpg 1068w, https:\/\/elpueblonoticia.com.ar\/web\/wp-content\/uploads\/2026\/01\/escuela-de-verano-ITG-ilustracion-2.jpg 1440w\" sizes=\"auto, (max-width: 895px) 100vw, 895px\" \/><\/p>\n<p class=\"x_MsoNormal\"><span data-olk-copy-source=\"MessageBody\">La exhibici\u00f3n destacar\u00e1 el trabajo de ni\u00f1os y adolescentes en \u00e1reas como inteligencia artificial y electr\u00f3nica.<\/span><\/p>\n<p class=\"x_MsoNormal\">\n<p class=\"x_MsoNormal\">\u00a0En recientes declaraciones radiales, Marcos Sosa, hizo una evaluaci\u00f3n positiva sobre las actividades de verano ofrecidas en la sede del ITG y en el CEDICOM, destacando la gran respuesta de la comunidad a las ofertas de formaci\u00f3n y capacitaci\u00f3n.<\/p>\n<p class=\"x_MsoNormal\">\n<p class=\"x_MsoNormal\">\n<p class=\"x_MsoNormal\">GRAN REPERCUSI\u00d3N DE LOS CURSOS DE VERANO<\/p>\n<p class=\"x_MsoNormal\">&#8220;Los chicos vinieron con mucho entusiasmo. Segmentamos en dos grupos: los m\u00e1s chiquitos, hasta 12 a\u00f1os, y los m\u00e1s grandes, de 12 a 16. Fue muy llamativo c\u00f3mo los padres traen a los m\u00e1s peque\u00f1os, contentos de que participen, mientras que los mayores vienen por sus propios medios y asisten a los distintos cursos que ofrecemos&#8221;, coment\u00f3 Sosa.<\/p>\n<p class=\"x_MsoNormal\">\n<p class=\"x_MsoNormal\">INTELIGENCIA ARTIFICIAL Y CREATIVIDAD<\/p>\n<p class=\"x_MsoNormal\">\n<p class=\"x_MsoNormal\">Uno de los cursos m\u00e1s populares ha sido el de inteligencia artificial, donde los estudiantes han demostrado un gran inter\u00e9s. &#8220;Los chicos se entusiasman mucho buscando la parte l\u00fadica para aprender. Ese es el punto de inflexi\u00f3n que a los adultos nos cuesta, porque somos m\u00e1s estructurados y no aprendemos jugando. Ellos, en cambio, le buscan la vuelta&#8221;, explic\u00f3 el docente.<\/p>\n<p class=\"x_MsoNormal\">\n<p class=\"x_MsoNormal\">M\u00e1s adelante a\u00f1adi\u00f3, que los j\u00f3venes utilizan la inteligencia artificial como una herramienta de apoyo para crear personajes y animaciones de manera m\u00e1s f\u00e1cil y r\u00e1pida. &#8220;Antes era dif\u00edcil crear un personaje, animarlo cuadro por cuadro, lo cual era complejo y limitado a artistas. Hoy, los chicos pueden hacerlo, es m\u00e1s f\u00e1cil. Vuelan, crean historias y hacen que los personajes realicen muchas actividades. Esa es la idea: aprender jugando y luego insertarse en la programaci\u00f3n&#8221;, se\u00f1al\u00f3.<\/p>\n<p class=\"x_MsoNormal\">\n<p class=\"x_MsoNormal\">ELECTR\u00d3NICA Y PROYECTOS PR\u00c1CTICOS<\/p>\n<p class=\"x_MsoNormal\">\n<p class=\"x_MsoNormal\">Adem\u00e1s del curso de inteligencia artificial, los estudiantes tambi\u00e9n participan en cursos de electr\u00f3nica, donde construyen sus primeros sem\u00e1foros y aprenden c\u00f3mo funciona el sistema electr\u00f3nico. &#8220;En general, los chicos se entusiasman porque pueden jugar, y eso es lo que hace que uno quiera aprender&#8221;, destac\u00f3.<\/p>\n<p class=\"x_MsoNormal\">\n<p class=\"x_MsoNormal\">ENFOQUE EN LA CREATIVIDAD<\/p>\n<p class=\"x_MsoNormal\">\n<p class=\"x_MsoNormal\">Desde el ITG, se enfatiz\u00f3 en la importancia de no enfocarse en los detalles y permitir que los j\u00f3venes avancen y exploren su creatividad. &#8220;Eso hace que los chicos, como son creativos, est\u00e9n pensando en muchas cosas a la vez, puedan implementar muchas herramientas y crear producciones muy interesantes que nos sorprenden a los docentes. Siempre se trata de aprender de manera divertida, as\u00ed uno absorbe m\u00e1s conocimientos. Si todos aprendemos jugando, es m\u00e1s simple en la vida&#8221;, afirm\u00f3.<\/p>\n<p class=\"x_MsoNormal\">\n<p class=\"x_MsoNormal\">CIERRE Y EXHIBICI\u00d3N DE PROYECTOS<\/p>\n<p class=\"x_MsoNormal\">\n<p class=\"x_MsoNormal\">Los cursos de verano culminar\u00e1n con una muestra de los trabajos realizados por los estudiantes, en conjunto con la Escuela de Econom\u00eda Dom\u00e9stica \u201cAntonio Villarreal\u201d. &#8220;La idea es que el pr\u00f3ximo martes 3 de febrero hagamos una muestra de los trabajos de los chicos, y tambi\u00e9n la Escuela Villarreal har\u00e1 una muestra en el mismo d\u00eda y horario. Nosotros vamos a seguir unos d\u00edas m\u00e1s despu\u00e9s de la muestra para finalizar lo pendiente con los chicos&#8221;, anunci\u00f3 Marco Sosa.<\/p>\n<p class=\"x_MsoNormal\">\n<p class=\"x_MsoNormal\">PR\u00d3XIMOS CURSOS<\/p>\n<p class=\"x_MsoNormal\">\n<p class=\"x_MsoNormal\">Tras el cierre de la escuela de verano, el ITG planea lanzar cursos para adultos, con inscripciones a partir del 8 de febrero y una oferta definida hasta marzo.<\/p>\n","protected":false},"excerpt":{"rendered":"<p>La exhibici\u00f3n destacar\u00e1 el trabajo de ni\u00f1os y adolescentes en \u00e1reas como inteligencia artificial y electr\u00f3nica. \u00a0En recientes declaraciones radiales, Marcos Sosa, hizo una evaluaci\u00f3n positiva sobre las actividades de verano ofrecidas en la sede del ITG y en el CEDICOM, destacando la gran respuesta de la comunidad a las ofertas de formaci\u00f3n y capacitaci\u00f3n. [&hellip;]<\/p>\n","protected":false},"author":2,"featured_media":6273,"comment_status":"open","ping_status":"open","sticky":false,"template":"","format":"standard","meta":{"footnotes":""},"categories":[56],"tags":[],"class_list":{"0":"post-6272","1":"post","2":"type-post","3":"status-publish","4":"format-standard","5":"has-post-thumbnail","7":"category-locales"},"_links":{"self":[{"href":"https:\/\/elpueblonoticia.com.ar\/web\/wp-json\/wp\/v2\/posts\/6272","targetHints":{"allow":["GET"]}}],"collection":[{"href":"https:\/\/elpueblonoticia.com.ar\/web\/wp-json\/wp\/v2\/posts"}],"about":[{"href":"https:\/\/elpueblonoticia.com.ar\/web\/wp-json\/wp\/v2\/types\/post"}],"author":[{"embeddable":true,"href":"https:\/\/elpueblonoticia.com.ar\/web\/wp-json\/wp\/v2\/users\/2"}],"replies":[{"embeddable":true,"href":"https:\/\/elpueblonoticia.com.ar\/web\/wp-json\/wp\/v2\/comments?post=6272"}],"version-history":[{"count":1,"href":"https:\/\/elpueblonoticia.com.ar\/web\/wp-json\/wp\/v2\/posts\/6272\/revisions"}],"predecessor-version":[{"id":6275,"href":"https:\/\/elpueblonoticia.com.ar\/web\/wp-json\/wp\/v2\/posts\/6272\/revisions\/6275"}],"wp:featuredmedia":[{"embeddable":true,"href":"https:\/\/elpueblonoticia.com.ar\/web\/wp-json\/wp\/v2\/media\/6273"}],"wp:attachment":[{"href":"https:\/\/elpueblonoticia.com.ar\/web\/wp-json\/wp\/v2\/media?parent=6272"}],"wp:term":[{"taxonomy":"category","embeddable":true,"href":"https:\/\/elpueblonoticia.com.ar\/web\/wp-json\/wp\/v2\/categories?post=6272"},{"taxonomy":"post_tag","embeddable":true,"href":"https:\/\/elpueblonoticia.com.ar\/web\/wp-json\/wp\/v2\/tags?post=6272"}],"curies":[{"name":"wp","href":"https:\/\/api.w.org\/{rel}","templated":true}]}}