{"id":6264,"date":"2026-01-29T08:11:57","date_gmt":"2026-01-29T11:11:57","guid":{"rendered":"https:\/\/elpueblonoticia.com.ar\/web\/?p=6264"},"modified":"2026-01-29T08:11:57","modified_gmt":"2026-01-29T11:11:57","slug":"maria-paz-lampugnani-un-regreso-emotivo-al-carnaval-de-goya","status":"publish","type":"post","link":"https:\/\/elpueblonoticia.com.ar\/web\/2026\/01\/29\/maria-paz-lampugnani-un-regreso-emotivo-al-carnaval-de-goya\/","title":{"rendered":"MAR\u00cdA PAZ LAMPUGNANI: UN REGRESO EMOTIVO AL CARNAVAL DE GOYA"},"content":{"rendered":"<p><img loading=\"lazy\" decoding=\"async\" class=\"alignnone size-medium wp-image-6267\" src=\"https:\/\/elpueblonoticia.com.ar\/web\/wp-content\/uploads\/2026\/01\/CARNAVALES-GOYANOS-PORAMBA-MARIA-PAZ-LAMPUGNANI-2-ILUSTRACION-ENTREVISTA-200x300.jpg\" alt=\"\" width=\"200\" height=\"300\" srcset=\"https:\/\/elpueblonoticia.com.ar\/web\/wp-content\/uploads\/2026\/01\/CARNAVALES-GOYANOS-PORAMBA-MARIA-PAZ-LAMPUGNANI-2-ILUSTRACION-ENTREVISTA-200x300.jpg 200w, https:\/\/elpueblonoticia.com.ar\/web\/wp-content\/uploads\/2026\/01\/CARNAVALES-GOYANOS-PORAMBA-MARIA-PAZ-LAMPUGNANI-2-ILUSTRACION-ENTREVISTA-682x1024.jpg 682w, https:\/\/elpueblonoticia.com.ar\/web\/wp-content\/uploads\/2026\/01\/CARNAVALES-GOYANOS-PORAMBA-MARIA-PAZ-LAMPUGNANI-2-ILUSTRACION-ENTREVISTA-768x1152.jpg 768w, https:\/\/elpueblonoticia.com.ar\/web\/wp-content\/uploads\/2026\/01\/CARNAVALES-GOYANOS-PORAMBA-MARIA-PAZ-LAMPUGNANI-2-ILUSTRACION-ENTREVISTA-280x420.jpg 280w, https:\/\/elpueblonoticia.com.ar\/web\/wp-content\/uploads\/2026\/01\/CARNAVALES-GOYANOS-PORAMBA-MARIA-PAZ-LAMPUGNANI-2-ILUSTRACION-ENTREVISTA-696x1044.jpg 696w, https:\/\/elpueblonoticia.com.ar\/web\/wp-content\/uploads\/2026\/01\/CARNAVALES-GOYANOS-PORAMBA-MARIA-PAZ-LAMPUGNANI-2-ILUSTRACION-ENTREVISTA.jpg 853w\" sizes=\"auto, (max-width: 200px) 100vw, 200px\" \/><\/p>\n<p class=\"x_MsoNormal\"><span data-olk-copy-source=\"MessageBody\">Mar\u00eda Paz Lampugnani, Secretaria de Industria de la ciudad de Goya, particip\u00f3 en la primera noche de los carnavales locales, marcando su regreso al baile tras muchos a\u00f1os. Luego de bailar, coment\u00f3 sus impresiones sobre la evoluci\u00f3n del carnaval y su impacto en la econom\u00eda local.<\/span><\/p>\n<p class=\"x_MsoNormal\">\n<p class=\"x_MsoNormal\">\u201cQuer\u00eda volver a sentir ese calor del p\u00fablico, cumplir mi sue\u00f1o. Lo hice, lo logr\u00e9, \u00a1es muy lindo!\u201d. Afirm\u00f3 Mar\u00eda Paz Lampugnani<\/p>\n<p class=\"x_MsoNormal\">\n<p class=\"x_MsoNormal\">\n<p class=\"x_MsoNormal\">TODAS LAS SENSACIONES DESDE EL INICIO CON PORAMBA AL CORS\u00d3DROMO COSTA SURUB\u00cd<\/p>\n<p class=\"x_MsoNormal\">\n<p class=\"x_MsoNormal\">\u00a1Sensaciones todas!&#8221;, exclam\u00f3 Lampugnani, recordando sus inicios en la comparsa Poramba hace 39 a\u00f1os. &#8220;Hace 39 a\u00f1os se fundaba la comparsa Poramba, y yo sal\u00eda a bailar por primera vez. Desde ah\u00ed sal\u00ed todo el tiempo hasta que me fui a estudiar. Siempre quise volver, estoy metida en la tribuna bailando, \u00a1me encanta! Y este a\u00f1o se dio. Hay en la ciudad muchas personas de mi edad que salieron. Me anim\u00e9, pero la realidad es que no tenemos la agilidad que ten\u00edamos a los 17. Trat\u00e9 de hacer lo mejor que pude. La realidad es que quer\u00eda volver para sentir ese calor del p\u00fablico, de cumplir un sue\u00f1o. Lo hice, lo logr\u00e9, \u00a1es muy lindo!&#8221;. Cont\u00f3 durante la entrevista hecha por el equipo period\u00edstico de la transmisi\u00f3n oficial de los carnavales goyanos.<\/p>\n<p class=\"x_MsoNormal\">\n<p class=\"x_MsoNormal\">Tras a\u00f1os de responsabilidades acad\u00e9micas, laborales y familiares, Mar\u00eda Paz encontr\u00f3 el momento perfecto para reencontrarse con su sue\u00f1o. &#8220;Siempre quise salir, siempre hubo otras responsabilidades, primero el estudio, el trabajo, los hijos. Ahora mi hijo es independiente, lo puedo hacer y me encantar\u00eda. Siempre que me hicieron notas en los carnavales anim\u00e9 a la gente a salir, a divertirse, al que le guste&#8221;. Sostuvo<\/p>\n<p class=\"x_MsoNormal\">\n<p class=\"x_MsoNormal\">CARNAVAL PROFESIONALIZADO<\/p>\n<p class=\"x_MsoNormal\">\n<p class=\"x_MsoNormal\">Lampugnani destac\u00f3 la profesionalizaci\u00f3n del evento y su impacto econ\u00f3mico en la ciudad. &#8220;Algo que vi este a\u00f1o me gust\u00f3, participar porque me encontr\u00e9 con un carnaval sumamente profesional, nada que ver con el carnaval con el que yo sal\u00eda hace a\u00f1os. Es muy distinto. Ves, me encanta estar porque todo lo que uno (como funcionaria y profesional de Ciencias Econ\u00f3micas) habla del movimiento local, la econom\u00eda local, realmente es as\u00ed. Calcul\u00e9, a grandes rasgos, cu\u00e1ntas personas ocup\u00e9 para hacer mi traje de baile: maquillaje, fot\u00f3grafo, herrero, modista, zapatero, entre otras, en total como diez personas. Somos demandantes los comparseros, y los oficios ser\u00edan los oferentes. Es m\u00e1s, no consegu\u00ed ac\u00e1 nadie que pudiera hacerme el traje, estaban completos. Hay que incentivar a capacitar en este tema, es una salida importante y da mucho trabajo. Si calculas cu\u00e1ntos pasistas hay en cada comparsa te das cuenta del movimiento multiplicador del carnaval. Estoy muy feliz de participar en este a\u00f1o&#8221;.<\/p>\n<p class=\"x_MsoNormal\">\n<p class=\"x_MsoNormal\">UN CARNAVAL DISE\u00d1ADO CON ESPACIOS PARA DISFRUTAR<\/p>\n<p class=\"x_MsoNormal\">\n<p class=\"x_MsoNormal\">La Secretaria de Industria tambi\u00e9n invit\u00f3 a los goyanos a participar y disfrutar del carnaval. &#8220;Vi nuevos sectores que el a\u00f1o pasado no estaban en los corsos y ahora se animaron. Invitarlos a los goyanos a que vengan y se sumen, a bailar el que le guste, que vengan al corso, que disfruten, pasen un lindo momento en familia con amigos, a divertirse. Encima es una noche espectacular, la pas\u00e9 bien, no sufr\u00ed&#8221;, dijo.<\/p>\n<p class=\"x_MsoNormal\">\n<p class=\"x_MsoNormal\">APOYO ESTATAL Y AVANCES<\/p>\n<p class=\"x_MsoNormal\">\n<p class=\"x_MsoNormal\">La funcionaria municipal, como bailarina, subray\u00f3 el respaldo del Estado municipal a los corsos locales y la importancia de la colaboraci\u00f3n p\u00fablico-privada. &#8220;Hay una apuesta importante, un acompa\u00f1amiento del Estado municipal que es importante en los corsos locales. El Estado tiene que crear condiciones para que los carnavales sigan creciendo y veo que es as\u00ed. De parte del Estado vamos avanzando y en esto que hablaba de la asociaci\u00f3n p\u00fablico &#8211; privada, tengo que decir que yo trabajo en el \u00e1rea de la Secretaria de Industria desde una mesa donde hay muchos sectores, el sector empresarial, comercial, industrial, el productor agropecuario que formamos una mesa y ac\u00e1 tambi\u00e9n se vio de formar una mesa con los participantes, los comparseros, la comparsa, vamos en buen camino y feliz&#8221;.<\/p>\n<p class=\"x_MsoNormal\">\n<p class=\"x_MsoNormal\">PREPARACI\u00d3N, APOYO FAMILIAR Y EMOCIONES<\/p>\n<p class=\"x_MsoNormal\">\n<p class=\"x_MsoNormal\">La decisi\u00f3n de participar fue respaldada por su familia, quienes la apoyaron en cada paso. &#8220;La familia acompa\u00f1a, yo tom\u00e9 una decisi\u00f3n que quer\u00eda participar y acompa\u00f1aron, despu\u00e9s ahora est\u00e1n ah\u00ed, me est\u00e1n esperando, acompa\u00f1aron, trajeron el espaldar, todo hicieron y la familia se sum\u00f3, tiene que ser as\u00ed, sola el comparsero no puede, no se puede, ten\u00e9s que venir con un equipo que te ayuda a vestirte, siempre ten\u00e9s que tener como a esas personas de contenci\u00f3n o de apoyo&#8221;, asegur\u00f3.<\/p>\n<p class=\"x_MsoNormal\">\n<p class=\"x_MsoNormal\">PREPARACI\u00d3N EMOCIONAL Y F\u00cdSICA<\/p>\n<p class=\"x_MsoNormal\">Para enfrentar el desaf\u00edo f\u00edsico, Mar\u00eda Paz se prepar\u00f3 intensamente. &#8220;Me prepar\u00e9 f\u00edsicamente, hice un entrenamiento desde que me decid\u00ed hacerlo, dec\u00eda no llego, son 300 metros el Cors\u00f3dromo para bailar, pens\u00e9 que no llegaba que iba a caminar, al final empec\u00e9 a saltar la soga en mi casa, abdominales, hacer muchas actividades, sal\u00ed en bicicleta a caminar, actividades que me acompa\u00f1en despu\u00e9s en los ensayos, eso te ayuda a llegar, pero llegu\u00e9 bien, el carnaval no tiene edad, mira antes de salir me dijeron \u201c\u00bfquer\u00e9s ir en una carroza?\u201d y dije \u201cno yo quiero bailar\u201d.<\/p>\n<p class=\"x_MsoNormal\">\n<p class=\"x_MsoNormal\">LA EMOCI\u00d3N DEL COMPARSERO EN EL REGRESO AL CIRCUITO<\/p>\n<p class=\"x_MsoNormal\">La actual funcionaria expres\u00f3 su emoci\u00f3n de volver a sentirse como aquella joven de 15 a\u00f1os que disfrutaba bordando para Poramba y la importancia del apoyo recibido. &#8220;\u00bfC\u00f3mo se vive desde el palco y como se vive pasando en la pista?, primero que los nervios es la primera noche, siempre la primera noche tiene esas imperfecciones con el casquete y otras cosas, pero nada: me alegr\u00e9 a tratar de bailar de que el p\u00fablico acompa\u00f1e, eso es re importante para el comparsero yo vi que Goya acompa\u00f1\u00f3. Volv\u00ed a ser esa chica de 15 o 16 a\u00f1os que sal\u00eda todos los veranos, pasaba los veranos bordando para salir en Poramba, y que me acuerdo que mi pap\u00e1 no quer\u00eda, quer\u00edamos salir mi hermana y yo, pero las dos salimos muchos a\u00f1os. Uno sale tambi\u00e9n sale con otra onda, cuando sal\u00eds a disfrutar a pleno ya no te importa tanto nada, quer\u00e9s disfrutar, bailar, pasarla bien, eso fue lo que hicimos. Y tambi\u00e9n destaco y agradezco el apoyo que tuve en mi lugar de trabajo, que es el \u00e1rea municipal de la secretar\u00eda de industria&#8221;, expres\u00f3 finalmente.<\/p>\n","protected":false},"excerpt":{"rendered":"<p>Mar\u00eda Paz Lampugnani, Secretaria de Industria de la ciudad de Goya, particip\u00f3 en la primera noche de los carnavales locales, marcando su regreso al baile tras muchos a\u00f1os. Luego de bailar, coment\u00f3 sus impresiones sobre la evoluci\u00f3n del carnaval y su impacto en la econom\u00eda local. \u201cQuer\u00eda volver a sentir ese calor del p\u00fablico, cumplir [&hellip;]<\/p>\n","protected":false},"author":2,"featured_media":6266,"comment_status":"open","ping_status":"open","sticky":false,"template":"","format":"standard","meta":{"footnotes":""},"categories":[56],"tags":[],"class_list":{"0":"post-6264","1":"post","2":"type-post","3":"status-publish","4":"format-standard","5":"has-post-thumbnail","7":"category-locales"},"_links":{"self":[{"href":"https:\/\/elpueblonoticia.com.ar\/web\/wp-json\/wp\/v2\/posts\/6264","targetHints":{"allow":["GET"]}}],"collection":[{"href":"https:\/\/elpueblonoticia.com.ar\/web\/wp-json\/wp\/v2\/posts"}],"about":[{"href":"https:\/\/elpueblonoticia.com.ar\/web\/wp-json\/wp\/v2\/types\/post"}],"author":[{"embeddable":true,"href":"https:\/\/elpueblonoticia.com.ar\/web\/wp-json\/wp\/v2\/users\/2"}],"replies":[{"embeddable":true,"href":"https:\/\/elpueblonoticia.com.ar\/web\/wp-json\/wp\/v2\/comments?post=6264"}],"version-history":[{"count":1,"href":"https:\/\/elpueblonoticia.com.ar\/web\/wp-json\/wp\/v2\/posts\/6264\/revisions"}],"predecessor-version":[{"id":6268,"href":"https:\/\/elpueblonoticia.com.ar\/web\/wp-json\/wp\/v2\/posts\/6264\/revisions\/6268"}],"wp:featuredmedia":[{"embeddable":true,"href":"https:\/\/elpueblonoticia.com.ar\/web\/wp-json\/wp\/v2\/media\/6266"}],"wp:attachment":[{"href":"https:\/\/elpueblonoticia.com.ar\/web\/wp-json\/wp\/v2\/media?parent=6264"}],"wp:term":[{"taxonomy":"category","embeddable":true,"href":"https:\/\/elpueblonoticia.com.ar\/web\/wp-json\/wp\/v2\/categories?post=6264"},{"taxonomy":"post_tag","embeddable":true,"href":"https:\/\/elpueblonoticia.com.ar\/web\/wp-json\/wp\/v2\/tags?post=6264"}],"curies":[{"name":"wp","href":"https:\/\/api.w.org\/{rel}","templated":true}]}}