{"id":6256,"date":"2026-01-29T07:40:57","date_gmt":"2026-01-29T10:40:57","guid":{"rendered":"https:\/\/elpueblonoticia.com.ar\/web\/?p=6256"},"modified":"2026-01-29T07:40:57","modified_gmt":"2026-01-29T10:40:57","slug":"este-sabado-31-llega-la-tercera-luna-carnavalera-al-corsodromo-de-costa-surubi","status":"publish","type":"post","link":"https:\/\/elpueblonoticia.com.ar\/web\/2026\/01\/29\/este-sabado-31-llega-la-tercera-luna-carnavalera-al-corsodromo-de-costa-surubi\/","title":{"rendered":"ESTE S\u00c1BADO 31 LLEGA LA TERCERA LUNA CARNAVALERA AL CORS\u00d3DROMO DE COSTA SURUB\u00cd"},"content":{"rendered":"<p class=\"x_MsoNormal\"><span lang=\"ES\" data-olk-copy-source=\"MessageBody\">Goya volver\u00e1 a latir al ritmo del carnaval este s\u00e1bado 31 de enero, cuando se viva la tercera noche de los Carnavales Goyanos 2026 en el Cors\u00f3dromo del predio Costa Surub\u00ed, con una propuesta que combina brillo, m\u00fasica, inclusi\u00f3n y una fuerte identidad popular.<\/span><\/p>\n<p class=\"x_MsoNormal\"><span lang=\"ES\">Desde la Municipalidad de Goya se inform\u00f3 el esquema de entradas y accesos, pensado para que toda la familia pueda disfrutar del espect\u00e1culo.<\/span><\/p>\n<p class=\"x_MsoNormal\"><span lang=\"ES\">Las entradas generales, para mayores de 12 a\u00f1os, tienen un valor de $5.000 e incluyen acceso a las tribunas 5, 6, 7 y 8.<\/span><\/p>\n<p class=\"x_MsoNormal\"><span lang=\"ES\">El sector VIP tiene un costo de $15.000 e incluye acceso a las tribunas 1, 2, 3 y 4. Cabe aclarar que los ni\u00f1os menores de 12 a\u00f1os abonan entrada \u00fanicamente si ingresan al sector VIP, mientras que el acceso es gratuito para menores de 12 a\u00f1os en las tribunas generales.<\/span><\/p>\n<p class=\"x_MsoNormal\"><span lang=\"ES\">En materia de inclusi\u00f3n, se dispuso un sector especial para personas con discapacidad, con ingreso gratuito junto a un acompa\u00f1ante. Asimismo, los Veteranos de la Guerra de Malvinas tendr\u00e1n ingreso libre a las tribunas 5, 6, 7 y 8.<\/span><\/p>\n<p class=\"x_MsoNormal\"><span lang=\"ES\">Adem\u00e1s, hay un sector habilitado para silletas en ambos extremos del Cors\u00f3dromo, abonando la entrada general.<\/span><\/p>\n<p class=\"x_MsoNormal\"><span lang=\"ES\">Las entradas ya pueden adquirirse de manera anticipada a trav\u00e9s de la plataforma oficial:\u00a0<a title=\"https:\/\/weepas.ar\/detalle-evento\/Carnavales%20Goya%202026\" href=\"https:\/\/weepas.ar\/detalle-evento\/Carnavales%20Goya%202026\" data-auth=\"NotApplicable\" data-linkindex=\"0\">https:\/\/weepas.ar\/detalle-evento\/Carnavales%20Goya%202026<\/a><\/span><\/p>\n<p class=\"x_MsoNormal\"><span lang=\"ES\">En cuanto al espect\u00e1culo, el orden de salida de las comparsas dar\u00e1 inicio a las 22 horas, abriendo la noche OH BAHIA!. Luego ser\u00e1 el turno de ARAMI, seguida por PORAMBA; continuar\u00e1 TROPICAL, m\u00e1s tarde AYMARA, y el gran cierre estar\u00e1 a cargo de ITA VERA, prometiendo una noche cargada de color, ritmo y pasi\u00f3n carnavalera.<\/span><\/p>\n<p class=\"x_MsoNormal\"><span lang=\"ES\">Con una grilla completa y un Cors\u00f3dromo que vuelve a encenderse, Goya se prepara para otra noche inolvidable.<\/span><\/p>\n<p class=\"x_MsoNormal\"><span lang=\"ES\">No te quedes afuera: Ven\u00ed a disfrutar de la tercera luna de los Carnavales Goyanos 2026.<\/span><\/p>\n<p class=\"x_MsoNormal\"><span lang=\"ES\">\u00a0<\/span><\/p>\n","protected":false},"excerpt":{"rendered":"<p>Goya volver\u00e1 a latir al ritmo del carnaval este s\u00e1bado 31 de enero, cuando se viva la tercera noche de los Carnavales Goyanos 2026 en el Cors\u00f3dromo del predio Costa Surub\u00ed, con una propuesta que combina brillo, m\u00fasica, inclusi\u00f3n y una fuerte identidad popular. Desde la Municipalidad de Goya se inform\u00f3 el esquema de entradas [&hellip;]<\/p>\n","protected":false},"author":2,"featured_media":6257,"comment_status":"open","ping_status":"open","sticky":false,"template":"","format":"standard","meta":{"footnotes":""},"categories":[56],"tags":[],"class_list":{"0":"post-6256","1":"post","2":"type-post","3":"status-publish","4":"format-standard","5":"has-post-thumbnail","7":"category-locales"},"_links":{"self":[{"href":"https:\/\/elpueblonoticia.com.ar\/web\/wp-json\/wp\/v2\/posts\/6256","targetHints":{"allow":["GET"]}}],"collection":[{"href":"https:\/\/elpueblonoticia.com.ar\/web\/wp-json\/wp\/v2\/posts"}],"about":[{"href":"https:\/\/elpueblonoticia.com.ar\/web\/wp-json\/wp\/v2\/types\/post"}],"author":[{"embeddable":true,"href":"https:\/\/elpueblonoticia.com.ar\/web\/wp-json\/wp\/v2\/users\/2"}],"replies":[{"embeddable":true,"href":"https:\/\/elpueblonoticia.com.ar\/web\/wp-json\/wp\/v2\/comments?post=6256"}],"version-history":[{"count":1,"href":"https:\/\/elpueblonoticia.com.ar\/web\/wp-json\/wp\/v2\/posts\/6256\/revisions"}],"predecessor-version":[{"id":6258,"href":"https:\/\/elpueblonoticia.com.ar\/web\/wp-json\/wp\/v2\/posts\/6256\/revisions\/6258"}],"wp:featuredmedia":[{"embeddable":true,"href":"https:\/\/elpueblonoticia.com.ar\/web\/wp-json\/wp\/v2\/media\/6257"}],"wp:attachment":[{"href":"https:\/\/elpueblonoticia.com.ar\/web\/wp-json\/wp\/v2\/media?parent=6256"}],"wp:term":[{"taxonomy":"category","embeddable":true,"href":"https:\/\/elpueblonoticia.com.ar\/web\/wp-json\/wp\/v2\/categories?post=6256"},{"taxonomy":"post_tag","embeddable":true,"href":"https:\/\/elpueblonoticia.com.ar\/web\/wp-json\/wp\/v2\/tags?post=6256"}],"curies":[{"name":"wp","href":"https:\/\/api.w.org\/{rel}","templated":true}]}}