{"id":6247,"date":"2026-01-29T07:18:03","date_gmt":"2026-01-29T10:18:03","guid":{"rendered":"https:\/\/elpueblonoticia.com.ar\/web\/?p=6247"},"modified":"2026-01-29T07:18:03","modified_gmt":"2026-01-29T10:18:03","slug":"vuelven-maxi-seba-y-yaca-huracan-define-su-conduccion-tecnica-para-la-temporada-2026","status":"publish","type":"post","link":"https:\/\/elpueblonoticia.com.ar\/web\/2026\/01\/29\/vuelven-maxi-seba-y-yaca-huracan-define-su-conduccion-tecnica-para-la-temporada-2026\/","title":{"rendered":"&#8220;Vuelven Maxi, Seba y Yaca:  HURAC\u00c1N DEFINE SU CONDUCCI\u00d3N T\u00c9CNICA PARA LA TEMPORADA 2026\u201d."},"content":{"rendered":"<p class=\"x_MsoNormal\"><span lang=\"ES\" data-olk-copy-source=\"MessageBody\">La Comisi\u00f3n Directiva del Hurac\u00e1n Football Club oficializ\u00f3 la conformaci\u00f3n del Cuerpo T\u00e9cnico que liderar\u00e1 al &#8220;Sabalero&#8221; durante la temporada 2026. El anuncio marca el regreso de nombres conocidos de la casa y una apuesta integral al desarrollo deportivo de la instituci\u00f3n.<\/span><\/p>\n<p class=\"x_MsoNormal\"><span lang=\"ES\">\u00a0<\/span><\/p>\n<p class=\"x_MsoNormal\"><b><span lang=\"ES\">Cuerpo T\u00e9cnico y Coordinaci\u00f3n.<\/span><\/b><\/p>\n<p class=\"x_MsoNormal\"><span lang=\"ES\">El equipo de trabajo estar\u00e1 encabezado por Maximiliano Ruiz D\u00edaz como Director T\u00e9cnico, quien adem\u00e1s asumir\u00e1 un rol clave como Coordinador T\u00e9cnico de las categor\u00edas competitivas: 6ta, 5ta, 4ta, 3ra y Primera Divisi\u00f3n.<\/span><\/p>\n<p class=\"x_MsoNormal\"><span lang=\"ES\">\u00a0<\/span><\/p>\n<p class=\"x_MsoNormal\"><b><span lang=\"ES\">Acompa\u00f1ar\u00e1n a Ruiz D\u00edaz en este proyecto:<\/span><\/b><\/p>\n<p class=\"x_MsoNormal\"><span lang=\"ES\">Sebasti\u00e1n Montenegro: Preparador F\u00edsico.<\/span><\/p>\n<p class=\"x_MsoNormal\"><span lang=\"ES\">Manuel \u201cYaca\u201d Acebo: Quien se suma al staff t\u00e9cnico para aportar su experiencia.<\/span><\/p>\n<p class=\"x_MsoNormal\"><span lang=\"ES\">\u00a0<\/span><\/p>\n<p class=\"x_MsoNormal\"><b><span lang=\"ES\">Inicio de Pretemporada.<\/span><\/b><\/p>\n<p class=\"x_MsoNormal\"><span lang=\"ES\">Con la mirada puesta en una agenda cargada de desaf\u00edos, el plantel iniciar\u00e1 los trabajos de pretemporada este viernes 30 de enero. El &#8220;Sabalero&#8221; se prepara para competir en tres frentes fundamentales: los torneos de f\u00fatbol local, provincial y nacional.<\/span><\/p>\n<p class=\"x_MsoNormal\"><span lang=\"ES\">Con esta estructura, el club busca consolidar un proceso deportivo s\u00f3lido que integre las categor\u00edas formativas con el plantel de primera.<\/span><\/p>\n","protected":false},"excerpt":{"rendered":"<p>La Comisi\u00f3n Directiva del Hurac\u00e1n Football Club oficializ\u00f3 la conformaci\u00f3n del Cuerpo T\u00e9cnico que liderar\u00e1 al &#8220;Sabalero&#8221; durante la temporada 2026. El anuncio marca el regreso de nombres conocidos de la casa y una apuesta integral al desarrollo deportivo de la instituci\u00f3n. \u00a0 Cuerpo T\u00e9cnico y Coordinaci\u00f3n. El equipo de trabajo estar\u00e1 encabezado por Maximiliano [&hellip;]<\/p>\n","protected":false},"author":2,"featured_media":6248,"comment_status":"open","ping_status":"open","sticky":false,"template":"","format":"standard","meta":{"footnotes":""},"categories":[56],"tags":[],"class_list":{"0":"post-6247","1":"post","2":"type-post","3":"status-publish","4":"format-standard","5":"has-post-thumbnail","7":"category-locales"},"_links":{"self":[{"href":"https:\/\/elpueblonoticia.com.ar\/web\/wp-json\/wp\/v2\/posts\/6247","targetHints":{"allow":["GET"]}}],"collection":[{"href":"https:\/\/elpueblonoticia.com.ar\/web\/wp-json\/wp\/v2\/posts"}],"about":[{"href":"https:\/\/elpueblonoticia.com.ar\/web\/wp-json\/wp\/v2\/types\/post"}],"author":[{"embeddable":true,"href":"https:\/\/elpueblonoticia.com.ar\/web\/wp-json\/wp\/v2\/users\/2"}],"replies":[{"embeddable":true,"href":"https:\/\/elpueblonoticia.com.ar\/web\/wp-json\/wp\/v2\/comments?post=6247"}],"version-history":[{"count":1,"href":"https:\/\/elpueblonoticia.com.ar\/web\/wp-json\/wp\/v2\/posts\/6247\/revisions"}],"predecessor-version":[{"id":6249,"href":"https:\/\/elpueblonoticia.com.ar\/web\/wp-json\/wp\/v2\/posts\/6247\/revisions\/6249"}],"wp:featuredmedia":[{"embeddable":true,"href":"https:\/\/elpueblonoticia.com.ar\/web\/wp-json\/wp\/v2\/media\/6248"}],"wp:attachment":[{"href":"https:\/\/elpueblonoticia.com.ar\/web\/wp-json\/wp\/v2\/media?parent=6247"}],"wp:term":[{"taxonomy":"category","embeddable":true,"href":"https:\/\/elpueblonoticia.com.ar\/web\/wp-json\/wp\/v2\/categories?post=6247"},{"taxonomy":"post_tag","embeddable":true,"href":"https:\/\/elpueblonoticia.com.ar\/web\/wp-json\/wp\/v2\/tags?post=6247"}],"curies":[{"name":"wp","href":"https:\/\/api.w.org\/{rel}","templated":true}]}}