{"id":6242,"date":"2026-01-28T11:41:04","date_gmt":"2026-01-28T14:41:04","guid":{"rendered":"https:\/\/elpueblonoticia.com.ar\/web\/?p=6242"},"modified":"2026-01-28T11:41:04","modified_gmt":"2026-01-28T14:41:04","slug":"ciclo-escolar-2026-valdes-y-la-ministra-de-educacion-analizaron-prioridades","status":"publish","type":"post","link":"https:\/\/elpueblonoticia.com.ar\/web\/2026\/01\/28\/ciclo-escolar-2026-valdes-y-la-ministra-de-educacion-analizaron-prioridades\/","title":{"rendered":"Ciclo escolar 2026: Vald\u00e9s y la ministra de Educaci\u00f3n analizaron prioridades"},"content":{"rendered":"<p>El gobernador Juan Pablo Vald\u00e9s y la ministra de Educaci\u00f3n provincial, Ana Mi\u00f1o, se reunieron para dialogar sobre el desarrollo del a\u00f1o educativo y los desaf\u00edos que presenta el pr\u00f3ximo inicio de clases, informaron fuentes oficiales.<\/p>\n<p>La reuni\u00f3n se desarroll\u00f3 en el marco de la planificaci\u00f3n para la temporada escolar que se avecina, donde participaron tambi\u00e9n representantes de la cartera educativa y se abordaron diversas l\u00edneas de acci\u00f3n orientadas a fortalecer el sistema educativo provincial. En sus declaraciones, la ministra destac\u00f3 el compromiso del gobierno de continuar trabajando de manera sostenida y articulada para garantizar una educaci\u00f3n de calidad y con igualdad de oportunidades para toda la comunidad educativa.<\/p>\n<p>Si bien en la comunicaci\u00f3n oficial p\u00fablica sobre el encuentro no se detallan aspectos puntuales de salarios, la visita se produce en un contexto en el que los gremios docentes han planteado sus demandas ante la cartera educativa, incluyendo temas como actualizaciones salariales y mejoras en infraestructura escolar, con vistas al inicio de clases fijado para el 2 de marzo pr\u00f3ximo.<\/p>\n<p>Durante el di\u00e1logo tambi\u00e9n se repasaron cuestiones operativas vinculadas al funcionamiento de las escuelas, la situaci\u00f3n de los establecimientos educativos y otros aspectos que forman parte de la agenda anual del sector, en un esfuerzo compartido entre el Ejecutivo provincial y las autoridades educativas para asegurar la normalidad del ciclo lectivo.<\/p>\n","protected":false},"excerpt":{"rendered":"<p>El gobernador Juan Pablo Vald\u00e9s y la ministra de Educaci\u00f3n provincial, Ana Mi\u00f1o, se reunieron para dialogar sobre el desarrollo del a\u00f1o educativo y los desaf\u00edos que presenta el pr\u00f3ximo inicio de clases, informaron fuentes oficiales. La reuni\u00f3n se desarroll\u00f3 en el marco de la planificaci\u00f3n para la temporada escolar que se avecina, donde participaron [&hellip;]<\/p>\n","protected":false},"author":2,"featured_media":6243,"comment_status":"open","ping_status":"open","sticky":false,"template":"","format":"standard","meta":{"footnotes":""},"categories":[66],"tags":[],"class_list":{"0":"post-6242","1":"post","2":"type-post","3":"status-publish","4":"format-standard","5":"has-post-thumbnail","7":"category-politica-nacionales"},"_links":{"self":[{"href":"https:\/\/elpueblonoticia.com.ar\/web\/wp-json\/wp\/v2\/posts\/6242","targetHints":{"allow":["GET"]}}],"collection":[{"href":"https:\/\/elpueblonoticia.com.ar\/web\/wp-json\/wp\/v2\/posts"}],"about":[{"href":"https:\/\/elpueblonoticia.com.ar\/web\/wp-json\/wp\/v2\/types\/post"}],"author":[{"embeddable":true,"href":"https:\/\/elpueblonoticia.com.ar\/web\/wp-json\/wp\/v2\/users\/2"}],"replies":[{"embeddable":true,"href":"https:\/\/elpueblonoticia.com.ar\/web\/wp-json\/wp\/v2\/comments?post=6242"}],"version-history":[{"count":1,"href":"https:\/\/elpueblonoticia.com.ar\/web\/wp-json\/wp\/v2\/posts\/6242\/revisions"}],"predecessor-version":[{"id":6244,"href":"https:\/\/elpueblonoticia.com.ar\/web\/wp-json\/wp\/v2\/posts\/6242\/revisions\/6244"}],"wp:featuredmedia":[{"embeddable":true,"href":"https:\/\/elpueblonoticia.com.ar\/web\/wp-json\/wp\/v2\/media\/6243"}],"wp:attachment":[{"href":"https:\/\/elpueblonoticia.com.ar\/web\/wp-json\/wp\/v2\/media?parent=6242"}],"wp:term":[{"taxonomy":"category","embeddable":true,"href":"https:\/\/elpueblonoticia.com.ar\/web\/wp-json\/wp\/v2\/categories?post=6242"},{"taxonomy":"post_tag","embeddable":true,"href":"https:\/\/elpueblonoticia.com.ar\/web\/wp-json\/wp\/v2\/tags?post=6242"}],"curies":[{"name":"wp","href":"https:\/\/api.w.org\/{rel}","templated":true}]}}