{"id":6222,"date":"2026-01-28T09:39:03","date_gmt":"2026-01-28T12:39:03","guid":{"rendered":"https:\/\/elpueblonoticia.com.ar\/web\/?p=6222"},"modified":"2026-01-28T09:39:03","modified_gmt":"2026-01-28T12:39:03","slug":"escuela-parroquial-la-rotonda-agradece-a-la-policia-por-recuperar-objetos-robados","status":"publish","type":"post","link":"https:\/\/elpueblonoticia.com.ar\/web\/2026\/01\/28\/escuela-parroquial-la-rotonda-agradece-a-la-policia-por-recuperar-objetos-robados\/","title":{"rendered":"ESCUELA PARROQUIAL LA ROTONDA AGRADECE A LA POLIC\u00cdA POR RECUPERAR OBJETOS ROBADOS"},"content":{"rendered":"<p><strong>Mediante un comunicado publicado en la p\u00e1gina del establecimiento educativo cat\u00f3lico, la comunidad educativa de la Escuela Parroquial La Rotonda, \u00a0expresa su profundo agradecimiento a la Polic\u00eda de la Provincia de Corrientes por su r\u00e1pido y eficiente accionar que permiti\u00f3 recuperar cinco de los siete televisores y un ventilador que fueran denunciados en un primer momento.<\/strong><\/p>\n<p>Con el pasar de los d\u00edas se comprob\u00f3 que otros 2 ventiladores hab\u00edan sido sustra\u00eddos del\u00a0 establecimiento.<\/p>\n<p>Valoramos enormemente su compromiso, profesionalismo y dedicaci\u00f3n al servicio de la comunidad que fortalecen la confianza y la seguridad de todos.<\/p>\n<p>Asimismo, agradecemos a toda la ciudadan\u00eda que colabor\u00f3 con la difusi\u00f3n y el acompa\u00f1amiento solidario.<\/p>\n","protected":false},"excerpt":{"rendered":"<p>Mediante un comunicado publicado en la p\u00e1gina del establecimiento educativo cat\u00f3lico, la comunidad educativa de la Escuela Parroquial La Rotonda, \u00a0expresa su profundo agradecimiento a la Polic\u00eda de la Provincia de Corrientes por su r\u00e1pido y eficiente accionar que permiti\u00f3 recuperar cinco de los siete televisores y un ventilador que fueran denunciados en un primer [&hellip;]<\/p>\n","protected":false},"author":2,"featured_media":6223,"comment_status":"open","ping_status":"open","sticky":false,"template":"","format":"standard","meta":{"footnotes":""},"categories":[56],"tags":[],"class_list":{"0":"post-6222","1":"post","2":"type-post","3":"status-publish","4":"format-standard","5":"has-post-thumbnail","7":"category-locales"},"_links":{"self":[{"href":"https:\/\/elpueblonoticia.com.ar\/web\/wp-json\/wp\/v2\/posts\/6222","targetHints":{"allow":["GET"]}}],"collection":[{"href":"https:\/\/elpueblonoticia.com.ar\/web\/wp-json\/wp\/v2\/posts"}],"about":[{"href":"https:\/\/elpueblonoticia.com.ar\/web\/wp-json\/wp\/v2\/types\/post"}],"author":[{"embeddable":true,"href":"https:\/\/elpueblonoticia.com.ar\/web\/wp-json\/wp\/v2\/users\/2"}],"replies":[{"embeddable":true,"href":"https:\/\/elpueblonoticia.com.ar\/web\/wp-json\/wp\/v2\/comments?post=6222"}],"version-history":[{"count":1,"href":"https:\/\/elpueblonoticia.com.ar\/web\/wp-json\/wp\/v2\/posts\/6222\/revisions"}],"predecessor-version":[{"id":6224,"href":"https:\/\/elpueblonoticia.com.ar\/web\/wp-json\/wp\/v2\/posts\/6222\/revisions\/6224"}],"wp:featuredmedia":[{"embeddable":true,"href":"https:\/\/elpueblonoticia.com.ar\/web\/wp-json\/wp\/v2\/media\/6223"}],"wp:attachment":[{"href":"https:\/\/elpueblonoticia.com.ar\/web\/wp-json\/wp\/v2\/media?parent=6222"}],"wp:term":[{"taxonomy":"category","embeddable":true,"href":"https:\/\/elpueblonoticia.com.ar\/web\/wp-json\/wp\/v2\/categories?post=6222"},{"taxonomy":"post_tag","embeddable":true,"href":"https:\/\/elpueblonoticia.com.ar\/web\/wp-json\/wp\/v2\/tags?post=6222"}],"curies":[{"name":"wp","href":"https:\/\/api.w.org\/{rel}","templated":true}]}}