{"id":6218,"date":"2026-01-28T09:31:41","date_gmt":"2026-01-28T12:31:41","guid":{"rendered":"https:\/\/elpueblonoticia.com.ar\/web\/?p=6218"},"modified":"2026-01-28T09:31:41","modified_gmt":"2026-01-28T12:31:41","slug":"drama-en-chubut-las-llamas-arrasaron-40-mil-hectareas-y-brigadistas-de-chile-se-suman-a-combatir-el-fuego","status":"publish","type":"post","link":"https:\/\/elpueblonoticia.com.ar\/web\/2026\/01\/28\/drama-en-chubut-las-llamas-arrasaron-40-mil-hectareas-y-brigadistas-de-chile-se-suman-a-combatir-el-fuego\/","title":{"rendered":"Drama en Chubut: las llamas arrasaron 40 mil hect\u00e1reas y brigadistas de Chile se suman a combatir el fuego"},"content":{"rendered":"<div id=\"modalIntrotext\">\n<div>El incendio mantiene un comportamiento extremo por las condiciones clim\u00e1ticas. Varias provincias argentinas enviaron gente para ayudar a contener el siniestro. Es severo el da\u00f1o a la vegetaci\u00f3n nativa y bosques implantados.<\/div>\n<div><\/div>\n<div>Con llamas que superan los 50 metros de altura y el avance acelerado por efecto del viento, cientos de brigadistas contin\u00faan trabajando en Chubut para resguardar poblaciones cercanas, inmuebles y animales.<\/p>\n<p>Este lunes arribaron varios contingentes de brigadistas provenientes de distintas provincias del pa\u00eds y tambi\u00e9n de Chile, que envi\u00f3 cuadrillas para contribuir al combate por tierra.<\/p>\n<p>Mientras tanto los medios a\u00e9reos operan de forma espor\u00e1dica, seg\u00fan las condiciones clim\u00e1ticas y la visibilidad, que por momentos es nula por efecto del humo.<\/p>\n<p>Con maquinaria pesada para la apertura de cortafuegos y autobombas los brigadistas hace casi 50 d\u00edas que no descansan. De hecho, en la tarde del lunes 26 mientras los medios a\u00e9reos a\u00fan pod\u00edan seguir trabajando incansablemente en las ventanas de \u201cbuena meteorolog\u00eda\u201d, el grupo de brigadistas en tierra tuvo que replegarse por las condiciones muy adversas.<\/p>\n<p>\u201cDejamos de tratar de frenar el incendio y nos tuvimos que enfocar en la protecci\u00f3n de las poblaciones cercanas, ese objetivo lo logramos pero el fuego avanza sin control\u201d dijeron desde la Agencia Federal de Emergencias (AFE), e hicieron hincapi\u00e9 en que \u201cla protecci\u00f3n del ecosistema tambi\u00e9n forma parte de la lista de prioridades.<\/p>\n<p>El fuego est\u00e1 ubicado en el brazo sur del Lago Men\u00e9ndez y en los alrededores de los lagos Verde y Rivadavia. Por la situaci\u00f3n clim\u00e1tica, los dos incendios activos avanzaron hacia los alrededores de Cholila, una villa tur\u00edstica ubicada en el per\u00edmetro del lago hom\u00f3nimo, y amenazaron con avanzar hacia Esquel.<\/p>\n<p>Uno de los incendios, el que se desat\u00f3 en el Parque Nacional Los Alerces, comenz\u00f3 a principio de diciembre por razones naturales, durante una tormenta el\u00e9ctrica. El fuego fue contenido en una primera instancia pero por las altas temperaturas y la falta de vigilancia, se reactiv\u00f3 con mayor intensidad.<\/p>\n<p>Los lugare\u00f1os trabajan d\u00eda y noche movilizando sus animales a sitios seguros. \u201cNo tenemos opci\u00f3n, perdimos mucho ganado y tratamos de rescatar lo poco que nos queda\u201d, sostuvo Hugo Huenelaf, quien asegur\u00f3 que est\u00e1 enfocado en esa labor desde hace una semana.<\/p>\n<p>El \u00faltimo reporte que emiti\u00f3 Parques Nacionales se\u00f1ala que \u201cla ventana de ventilaci\u00f3n permiti\u00f3 las operaciones con medios a\u00e9reos desde la ma\u00f1ana sobre los sectores de Lago Men\u00e9ndez, Pasarella Arrayanes &#8211; Bah\u00eda Rosales, Laguna Froil\u00e1n y Poblaci\u00f3n Neira \u2013 Portada Norte\u201d. El informe reconoce que durante la tarde del lunes, el fuego increment\u00f3 su actividad.<\/p>\n<p>Los lugare\u00f1os creen que \u201cno hay forma de detener las llamas, s\u00f3lo varios d\u00edas de lluvia podr\u00edan aplacar su voracidad y contener el avance\u201d.<\/p>\n<p>Las r\u00e1fagas de viento, en las \u00faltimas horas, alcanzaron los 50 kil\u00f3metros por hora, con una temperatura cercana a los 28 grados. Esos factores provocaron un comportamiento extremo de los focos principales y su reactivaci\u00f3n.<\/p>\n<p>Los pobladores conf\u00edan en que un descenso de la temperatura y una precipitaci\u00f3n tenue, previstos para este martes, podr\u00eda contribuir al combate del fuego. Sin embargo, el extendido anticipa jornadas calurosas para mi\u00e9rcoles y jueves, con temperaturas que podr\u00edan superar los 30 grados.<\/p><\/div>\n<\/div>\n","protected":false},"excerpt":{"rendered":"<p>El incendio mantiene un comportamiento extremo por las condiciones clim\u00e1ticas. Varias provincias argentinas enviaron gente para ayudar a contener el siniestro. Es severo el da\u00f1o a la vegetaci\u00f3n nativa y bosques implantados. Con llamas que superan los 50 metros de altura y el avance acelerado por efecto del viento, cientos de brigadistas contin\u00faan trabajando en [&hellip;]<\/p>\n","protected":false},"author":2,"featured_media":6219,"comment_status":"open","ping_status":"open","sticky":false,"template":"","format":"standard","meta":{"footnotes":""},"categories":[64],"tags":[],"class_list":{"0":"post-6218","1":"post","2":"type-post","3":"status-publish","4":"format-standard","5":"has-post-thumbnail","7":"category-nacionales"},"_links":{"self":[{"href":"https:\/\/elpueblonoticia.com.ar\/web\/wp-json\/wp\/v2\/posts\/6218","targetHints":{"allow":["GET"]}}],"collection":[{"href":"https:\/\/elpueblonoticia.com.ar\/web\/wp-json\/wp\/v2\/posts"}],"about":[{"href":"https:\/\/elpueblonoticia.com.ar\/web\/wp-json\/wp\/v2\/types\/post"}],"author":[{"embeddable":true,"href":"https:\/\/elpueblonoticia.com.ar\/web\/wp-json\/wp\/v2\/users\/2"}],"replies":[{"embeddable":true,"href":"https:\/\/elpueblonoticia.com.ar\/web\/wp-json\/wp\/v2\/comments?post=6218"}],"version-history":[{"count":1,"href":"https:\/\/elpueblonoticia.com.ar\/web\/wp-json\/wp\/v2\/posts\/6218\/revisions"}],"predecessor-version":[{"id":6220,"href":"https:\/\/elpueblonoticia.com.ar\/web\/wp-json\/wp\/v2\/posts\/6218\/revisions\/6220"}],"wp:featuredmedia":[{"embeddable":true,"href":"https:\/\/elpueblonoticia.com.ar\/web\/wp-json\/wp\/v2\/media\/6219"}],"wp:attachment":[{"href":"https:\/\/elpueblonoticia.com.ar\/web\/wp-json\/wp\/v2\/media?parent=6218"}],"wp:term":[{"taxonomy":"category","embeddable":true,"href":"https:\/\/elpueblonoticia.com.ar\/web\/wp-json\/wp\/v2\/categories?post=6218"},{"taxonomy":"post_tag","embeddable":true,"href":"https:\/\/elpueblonoticia.com.ar\/web\/wp-json\/wp\/v2\/tags?post=6218"}],"curies":[{"name":"wp","href":"https:\/\/api.w.org\/{rel}","templated":true}]}}