{"id":6212,"date":"2026-01-28T09:24:30","date_gmt":"2026-01-28T12:24:30","guid":{"rendered":"https:\/\/elpueblonoticia.com.ar\/web\/?p=6212"},"modified":"2026-01-28T09:24:30","modified_gmt":"2026-01-28T12:24:30","slug":"escuela-de-verano-taller-mi-primer-libro","status":"publish","type":"post","link":"https:\/\/elpueblonoticia.com.ar\/web\/2026\/01\/28\/escuela-de-verano-taller-mi-primer-libro\/","title":{"rendered":"ESCUELA DE VERANO: TALLER \u201cMI PRIMER LIBRO\u201d"},"content":{"rendered":"<p><img loading=\"lazy\" decoding=\"async\" class=\"alignnone size-medium wp-image-6214\" src=\"https:\/\/elpueblonoticia.com.ar\/web\/wp-content\/uploads\/2026\/01\/etapa-final-taller-Mi-Primer-Libro-1-226x300.jpg\" alt=\"\" width=\"226\" height=\"300\" srcset=\"https:\/\/elpueblonoticia.com.ar\/web\/wp-content\/uploads\/2026\/01\/etapa-final-taller-Mi-Primer-Libro-1-226x300.jpg 226w, https:\/\/elpueblonoticia.com.ar\/web\/wp-content\/uploads\/2026\/01\/etapa-final-taller-Mi-Primer-Libro-1-771x1024.jpg 771w, https:\/\/elpueblonoticia.com.ar\/web\/wp-content\/uploads\/2026\/01\/etapa-final-taller-Mi-Primer-Libro-1-768x1021.jpg 768w, https:\/\/elpueblonoticia.com.ar\/web\/wp-content\/uploads\/2026\/01\/etapa-final-taller-Mi-Primer-Libro-1-1156x1536.jpg 1156w, https:\/\/elpueblonoticia.com.ar\/web\/wp-content\/uploads\/2026\/01\/etapa-final-taller-Mi-Primer-Libro-1-316x420.jpg 316w, https:\/\/elpueblonoticia.com.ar\/web\/wp-content\/uploads\/2026\/01\/etapa-final-taller-Mi-Primer-Libro-1-696x925.jpg 696w, https:\/\/elpueblonoticia.com.ar\/web\/wp-content\/uploads\/2026\/01\/etapa-final-taller-Mi-Primer-Libro-1-1068x1419.jpg 1068w, https:\/\/elpueblonoticia.com.ar\/web\/wp-content\/uploads\/2026\/01\/etapa-final-taller-Mi-Primer-Libro-1.jpg 1204w\" sizes=\"auto, (max-width: 226px) 100vw, 226px\" \/> <img loading=\"lazy\" decoding=\"async\" class=\"alignnone size-medium wp-image-6215\" src=\"https:\/\/elpueblonoticia.com.ar\/web\/wp-content\/uploads\/2026\/01\/etapa-final-taller-Mi-Primer-Libro-2-226x300.jpg\" alt=\"\" width=\"226\" height=\"300\" srcset=\"https:\/\/elpueblonoticia.com.ar\/web\/wp-content\/uploads\/2026\/01\/etapa-final-taller-Mi-Primer-Libro-2-226x300.jpg 226w, https:\/\/elpueblonoticia.com.ar\/web\/wp-content\/uploads\/2026\/01\/etapa-final-taller-Mi-Primer-Libro-2-771x1024.jpg 771w, https:\/\/elpueblonoticia.com.ar\/web\/wp-content\/uploads\/2026\/01\/etapa-final-taller-Mi-Primer-Libro-2-768x1021.jpg 768w, https:\/\/elpueblonoticia.com.ar\/web\/wp-content\/uploads\/2026\/01\/etapa-final-taller-Mi-Primer-Libro-2-1156x1536.jpg 1156w, https:\/\/elpueblonoticia.com.ar\/web\/wp-content\/uploads\/2026\/01\/etapa-final-taller-Mi-Primer-Libro-2-316x420.jpg 316w, https:\/\/elpueblonoticia.com.ar\/web\/wp-content\/uploads\/2026\/01\/etapa-final-taller-Mi-Primer-Libro-2-696x925.jpg 696w, https:\/\/elpueblonoticia.com.ar\/web\/wp-content\/uploads\/2026\/01\/etapa-final-taller-Mi-Primer-Libro-2-1068x1419.jpg 1068w, https:\/\/elpueblonoticia.com.ar\/web\/wp-content\/uploads\/2026\/01\/etapa-final-taller-Mi-Primer-Libro-2.jpg 1204w\" sizes=\"auto, (max-width: 226px) 100vw, 226px\" \/><\/p>\n<p class=\"x_MsoNormal\"><span data-olk-copy-source=\"MessageBody\">En la \u00faltima instancia del itinerario propuesto en este Taller \u201cMi Primer Libro\u201d como parte del programa integral de la Municipalidad \u201cEscuela de Verano\u201d, la Direcci\u00f3n de Fortalecimiento Familiar se encuentra en la etapa de la confecci\u00f3n de la tapa y portada principal de lo que es el primer libro de cada participante.<\/span><\/p>\n<p class=\"x_MsoNormal\">\n<p class=\"x_MsoNormal\">Con el inter\u00e9s aumentado en los participantes de este espacio al aire libre, han disfrutado de la iniciativa, el calor no fue impedimento para avanzar en los que ser\u00e1 el cierre el pr\u00f3ximo martes donde cada uno terminar\u00e1 de armar su proyecto personalizado.<\/p>\n<p class=\"x_MsoNormal\">\n","protected":false},"excerpt":{"rendered":"<p>En la \u00faltima instancia del itinerario propuesto en este Taller \u201cMi Primer Libro\u201d como parte del programa integral de la Municipalidad \u201cEscuela de Verano\u201d, la Direcci\u00f3n de Fortalecimiento Familiar se encuentra en la etapa de la confecci\u00f3n de la tapa y portada principal de lo que es el primer libro de cada participante. Con el [&hellip;]<\/p>\n","protected":false},"author":2,"featured_media":6213,"comment_status":"open","ping_status":"open","sticky":false,"template":"","format":"standard","meta":{"footnotes":""},"categories":[56],"tags":[],"class_list":{"0":"post-6212","1":"post","2":"type-post","3":"status-publish","4":"format-standard","5":"has-post-thumbnail","7":"category-locales"},"_links":{"self":[{"href":"https:\/\/elpueblonoticia.com.ar\/web\/wp-json\/wp\/v2\/posts\/6212","targetHints":{"allow":["GET"]}}],"collection":[{"href":"https:\/\/elpueblonoticia.com.ar\/web\/wp-json\/wp\/v2\/posts"}],"about":[{"href":"https:\/\/elpueblonoticia.com.ar\/web\/wp-json\/wp\/v2\/types\/post"}],"author":[{"embeddable":true,"href":"https:\/\/elpueblonoticia.com.ar\/web\/wp-json\/wp\/v2\/users\/2"}],"replies":[{"embeddable":true,"href":"https:\/\/elpueblonoticia.com.ar\/web\/wp-json\/wp\/v2\/comments?post=6212"}],"version-history":[{"count":1,"href":"https:\/\/elpueblonoticia.com.ar\/web\/wp-json\/wp\/v2\/posts\/6212\/revisions"}],"predecessor-version":[{"id":6216,"href":"https:\/\/elpueblonoticia.com.ar\/web\/wp-json\/wp\/v2\/posts\/6212\/revisions\/6216"}],"wp:featuredmedia":[{"embeddable":true,"href":"https:\/\/elpueblonoticia.com.ar\/web\/wp-json\/wp\/v2\/media\/6213"}],"wp:attachment":[{"href":"https:\/\/elpueblonoticia.com.ar\/web\/wp-json\/wp\/v2\/media?parent=6212"}],"wp:term":[{"taxonomy":"category","embeddable":true,"href":"https:\/\/elpueblonoticia.com.ar\/web\/wp-json\/wp\/v2\/categories?post=6212"},{"taxonomy":"post_tag","embeddable":true,"href":"https:\/\/elpueblonoticia.com.ar\/web\/wp-json\/wp\/v2\/tags?post=6212"}],"curies":[{"name":"wp","href":"https:\/\/api.w.org\/{rel}","templated":true}]}}