{"id":6207,"date":"2026-01-28T09:16:37","date_gmt":"2026-01-28T12:16:37","guid":{"rendered":"https:\/\/elpueblonoticia.com.ar\/web\/?p=6207"},"modified":"2026-01-28T09:16:37","modified_gmt":"2026-01-28T12:16:37","slug":"el-intendente-mariano-hormaechea-ratifica-el-compromiso-de-gestionar-la-busqueda-de-solucion-a-la-situacion-de-la-empresa-alal-sacifi","status":"publish","type":"post","link":"https:\/\/elpueblonoticia.com.ar\/web\/2026\/01\/28\/el-intendente-mariano-hormaechea-ratifica-el-compromiso-de-gestionar-la-busqueda-de-solucion-a-la-situacion-de-la-empresa-alal-sacifi\/","title":{"rendered":"EL INTENDENTE MARIANO HORMAECHEA RATIFICA EL COMPROMISO DE GESTIONAR LA BUSQUEDA DE SOLUCION A LA SITUACION DE LA EMPRESA ALAL SACIFI"},"content":{"rendered":"<p><img loading=\"lazy\" decoding=\"async\" class=\"alignnone  wp-image-6209\" src=\"https:\/\/elpueblonoticia.com.ar\/web\/wp-content\/uploads\/2026\/01\/situacion-de-ALAL-entrevista-a-Mariano-en-GIGARED-1-300x200.jpg\" alt=\"\" width=\"936\" height=\"624\" srcset=\"https:\/\/elpueblonoticia.com.ar\/web\/wp-content\/uploads\/2026\/01\/situacion-de-ALAL-entrevista-a-Mariano-en-GIGARED-1-300x200.jpg 300w, https:\/\/elpueblonoticia.com.ar\/web\/wp-content\/uploads\/2026\/01\/situacion-de-ALAL-entrevista-a-Mariano-en-GIGARED-1-1024x682.jpg 1024w, https:\/\/elpueblonoticia.com.ar\/web\/wp-content\/uploads\/2026\/01\/situacion-de-ALAL-entrevista-a-Mariano-en-GIGARED-1-768x512.jpg 768w, https:\/\/elpueblonoticia.com.ar\/web\/wp-content\/uploads\/2026\/01\/situacion-de-ALAL-entrevista-a-Mariano-en-GIGARED-1-1536x1023.jpg 1536w, https:\/\/elpueblonoticia.com.ar\/web\/wp-content\/uploads\/2026\/01\/situacion-de-ALAL-entrevista-a-Mariano-en-GIGARED-1-630x420.jpg 630w, https:\/\/elpueblonoticia.com.ar\/web\/wp-content\/uploads\/2026\/01\/situacion-de-ALAL-entrevista-a-Mariano-en-GIGARED-1-696x464.jpg 696w, https:\/\/elpueblonoticia.com.ar\/web\/wp-content\/uploads\/2026\/01\/situacion-de-ALAL-entrevista-a-Mariano-en-GIGARED-1-1068x712.jpg 1068w, https:\/\/elpueblonoticia.com.ar\/web\/wp-content\/uploads\/2026\/01\/situacion-de-ALAL-entrevista-a-Mariano-en-GIGARED-1.jpg 1600w\" sizes=\"auto, (max-width: 936px) 100vw, 936px\" \/><\/p>\n<p class=\"x_MsoNormal\"><span data-olk-copy-source=\"MessageBody\">Entrevistado por la Televisi\u00f3n Por Cable Local, el Primer Mandatario local, volvi\u00f3 a reiterar el compromiso junto al Gobierno Provincial de agotar todas las instancias en b\u00fasqueda de la soluci\u00f3n.<\/span><\/p>\n<p class=\"x_MsoNormal\">Detallando las conversaciones mantenidas con los empresarios, sindicalistas y el Gobierno Provincial para la b\u00fasqueda de una alternativa ante un panorama dif\u00edcil y complejo<\/p>\n<p class=\"x_MsoNormal\">\n<p class=\"x_MsoNormal\">UNA IMPACTANTE NOTICIA<\/p>\n<p class=\"x_MsoNormal\">Durante la entrevista Mariano Hormaechea, se\u00f1al\u00f3: \u201cNos ha impactado esta noticia nos sentimos consternados por la situaci\u00f3n de la empresa, los empleados, las familias, que son los primeros que sienten el impacto de la decisi\u00f3n, nosotros estamos preocupados por esta realidad, vamos a gestionar, agotar todas las instancias para buscar la soluci\u00f3n esto est\u00e1 claramente relacionado a las pol\u00edticas del gobierno nacional, seguiremos trabajando porque sabemos lo que ocasiona estas clases de decisiones, afectando a toda la econom\u00eda local.<\/p>\n<p class=\"x_MsoNormal\">\n<p class=\"x_MsoNormal\">TRABAJO COMPROMETIDO DE GESTI\u00d3N<\/p>\n<p class=\"x_MsoNormal\">\u201cNosotros estamos a disposici\u00f3n, ante esta cuesti\u00f3n, agotaremos todas las instancias, sabemos que no es f\u00e1cil, sabemos de la complejidad, -reconoci\u00f3 el Jefe Comunal- relacionada con el marco econ\u00f3mico con medidas implementadas desde el gobierno nacional, algo que ven\u00eda ocurriendo incluso en otras provincias, estamos trabajando, nos reunimos con los delegados de la firma textil, donde se\u00f1alamos las gestiones que venimos procurando con el Gobierno Provincial, con el Gobernador Juan Pablo Vald\u00e9s, la Ministra de Industria para solicitar audiencia con los funcionarios nacionales\u201d<\/p>\n<p class=\"x_MsoNormal\">\n<p class=\"x_MsoNormal\">B\u00daSQUEDA DE HERRAMIENTAS ADECUADAS<\/p>\n<p class=\"x_MsoNormal\">En el contacto con la Canal de Televisi\u00f3n por Cable Local, el Intendente rese\u00f1o aquellos aspectos vinculados a la operatividad, a la deuda con las prestadores de servicios esenciales, reiterando la complejidad del tema, pero que esto no significa que no se \u201cseguir\u00e1 trabajando, buscando las herramientas necesarias para la b\u00fasqueda de la soluci\u00f3n, porque entendemos el fuerte impacto que causa no solo a las familias de los empleados que han recibido sus telegramas de despido, sino una afectaci\u00f3n a toda la econom\u00eda local.<\/p>\n<p class=\"x_MsoNormal\">UNA VISI\u00d3N DIFERENTE JUNTO AL GOBIERNO DE LA PROVINCIA<\/p>\n<p class=\"x_MsoNormal\">\n<p class=\"x_MsoNormal\">El Intendente Mariano Hormaechea, finalmente se\u00f1alo: \u201cPlanteamos desde la visi\u00f3n del Gobierno Provincial, una alternativa distinta, porque es dif\u00edcil el marco econ\u00f3mico y esta situaci\u00f3n no hace m\u00e1s que agravar o agudizar la crisis en el plan econ\u00f3mico, de all\u00ed nuestra disposici\u00f3n para gestionar, buscar la manera de encontrar la soluci\u00f3n que requiere no solo la firma ALAL, sino este factor que se relaciona directamente con la cuesti\u00f3n econ\u00f3mica, seguiremos junto al Gobierno Provincial gestionando hasta agotar todas las instancias para lograr este objetivo se\u00f1alado.\u201d<\/p>\n","protected":false},"excerpt":{"rendered":"<p>Entrevistado por la Televisi\u00f3n Por Cable Local, el Primer Mandatario local, volvi\u00f3 a reiterar el compromiso junto al Gobierno Provincial de agotar todas las instancias en b\u00fasqueda de la soluci\u00f3n. Detallando las conversaciones mantenidas con los empresarios, sindicalistas y el Gobierno Provincial para la b\u00fasqueda de una alternativa ante un panorama dif\u00edcil y complejo UNA [&hellip;]<\/p>\n","protected":false},"author":2,"featured_media":6208,"comment_status":"open","ping_status":"open","sticky":false,"template":"","format":"standard","meta":{"footnotes":""},"categories":[56],"tags":[],"class_list":{"0":"post-6207","1":"post","2":"type-post","3":"status-publish","4":"format-standard","5":"has-post-thumbnail","7":"category-locales"},"_links":{"self":[{"href":"https:\/\/elpueblonoticia.com.ar\/web\/wp-json\/wp\/v2\/posts\/6207","targetHints":{"allow":["GET"]}}],"collection":[{"href":"https:\/\/elpueblonoticia.com.ar\/web\/wp-json\/wp\/v2\/posts"}],"about":[{"href":"https:\/\/elpueblonoticia.com.ar\/web\/wp-json\/wp\/v2\/types\/post"}],"author":[{"embeddable":true,"href":"https:\/\/elpueblonoticia.com.ar\/web\/wp-json\/wp\/v2\/users\/2"}],"replies":[{"embeddable":true,"href":"https:\/\/elpueblonoticia.com.ar\/web\/wp-json\/wp\/v2\/comments?post=6207"}],"version-history":[{"count":1,"href":"https:\/\/elpueblonoticia.com.ar\/web\/wp-json\/wp\/v2\/posts\/6207\/revisions"}],"predecessor-version":[{"id":6210,"href":"https:\/\/elpueblonoticia.com.ar\/web\/wp-json\/wp\/v2\/posts\/6207\/revisions\/6210"}],"wp:featuredmedia":[{"embeddable":true,"href":"https:\/\/elpueblonoticia.com.ar\/web\/wp-json\/wp\/v2\/media\/6208"}],"wp:attachment":[{"href":"https:\/\/elpueblonoticia.com.ar\/web\/wp-json\/wp\/v2\/media?parent=6207"}],"wp:term":[{"taxonomy":"category","embeddable":true,"href":"https:\/\/elpueblonoticia.com.ar\/web\/wp-json\/wp\/v2\/categories?post=6207"},{"taxonomy":"post_tag","embeddable":true,"href":"https:\/\/elpueblonoticia.com.ar\/web\/wp-json\/wp\/v2\/tags?post=6207"}],"curies":[{"name":"wp","href":"https:\/\/api.w.org\/{rel}","templated":true}]}}