{"id":6196,"date":"2026-01-28T08:53:11","date_gmt":"2026-01-28T11:53:11","guid":{"rendered":"https:\/\/elpueblonoticia.com.ar\/web\/?p=6196"},"modified":"2026-01-28T08:53:11","modified_gmt":"2026-01-28T11:53:11","slug":"carnavales-goyanos-2026-juana-aguirre-de-aymara-el-carnaval-es-identidad-y-pasion-que-une-a-goya","status":"publish","type":"post","link":"https:\/\/elpueblonoticia.com.ar\/web\/2026\/01\/28\/carnavales-goyanos-2026-juana-aguirre-de-aymara-el-carnaval-es-identidad-y-pasion-que-une-a-goya\/","title":{"rendered":"CARNAVALES GOYANOS 2026  : JUANA AGUIRRE DE AYMAR\u00c1: &#8220;EL CARNAVAL ES IDENTIDAD Y PASI\u00d3N QUE UNE A GOYA"},"content":{"rendered":"<p><img loading=\"lazy\" decoding=\"async\" class=\"alignnone  wp-image-6198\" src=\"https:\/\/elpueblonoticia.com.ar\/web\/wp-content\/uploads\/2026\/01\/JUANITA-AGUIRRE-CARNAVALES-GOYANOS-1-300x200.jpg\" alt=\"\" width=\"837\" height=\"558\" srcset=\"https:\/\/elpueblonoticia.com.ar\/web\/wp-content\/uploads\/2026\/01\/JUANITA-AGUIRRE-CARNAVALES-GOYANOS-1-300x200.jpg 300w, https:\/\/elpueblonoticia.com.ar\/web\/wp-content\/uploads\/2026\/01\/JUANITA-AGUIRRE-CARNAVALES-GOYANOS-1-1024x682.jpg 1024w, https:\/\/elpueblonoticia.com.ar\/web\/wp-content\/uploads\/2026\/01\/JUANITA-AGUIRRE-CARNAVALES-GOYANOS-1-768x512.jpg 768w, https:\/\/elpueblonoticia.com.ar\/web\/wp-content\/uploads\/2026\/01\/JUANITA-AGUIRRE-CARNAVALES-GOYANOS-1-630x420.jpg 630w, https:\/\/elpueblonoticia.com.ar\/web\/wp-content\/uploads\/2026\/01\/JUANITA-AGUIRRE-CARNAVALES-GOYANOS-1-696x464.jpg 696w, https:\/\/elpueblonoticia.com.ar\/web\/wp-content\/uploads\/2026\/01\/JUANITA-AGUIRRE-CARNAVALES-GOYANOS-1-1068x712.jpg 1068w, https:\/\/elpueblonoticia.com.ar\/web\/wp-content\/uploads\/2026\/01\/JUANITA-AGUIRRE-CARNAVALES-GOYANOS-1.jpg 1280w\" sizes=\"auto, (max-width: 837px) 100vw, 837px\" \/><\/p>\n<p class=\"x_MsoNormal\"><span data-olk-copy-source=\"MessageBody\">En la vibrante primera noche de los corsos, Juana Aguirre, actual reina del carnaval, embajadora provincial y reina de la Fiesta Nacional del Surub\u00ed, expres\u00f3 sus emociones y perspectivas sobre el significado del carnaval para la ciudad de Goya. Representando a la comparsa Aymar\u00e1, Aguirre destac\u00f3 la intensa preparaci\u00f3n y el esfuerzo colectivo que hacen posible este Carnaval goyano.<\/span><\/p>\n<p class=\"x_MsoNormal\">\n<p class=\"x_MsoNormal\">EL CARNAVAL SE VIVE INTENSAMENTE<\/p>\n<p class=\"x_MsoNormal\">\n<p class=\"x_MsoNormal\">&#8220;Estamos viviendo esto muy intensamente. Este carnaval fue muy esperado, con muchas expectativas para mi comparsa y el resto,&#8221; expres\u00f3 Aguirre, reflejando el sentir de muchos comparseros que han dedicado meses de trabajo a los trajes y carrozas. &#8220;Esta noche lo dimos todo, llegamos agotados, pero creo que lo dimos todo. Estoy muy contenta\u201d, dijo en la entrevista concedida al equipo de transmisi\u00f3n oficial, correspondientes a la primera noche de carnavales.<\/p>\n<p class=\"x_MsoNormal\">\n<p class=\"x_MsoNormal\">Para Juana Aguirre, el carnaval trasciende la mera celebraci\u00f3n; es un s\u00edmbolo de identidad y tradici\u00f3n. &#8220;El carnaval es identidad, es cultura, tradici\u00f3n y representa un \u00edcono en nuestra ciudad,&#8221; expres\u00f3 con convicci\u00f3n. Haci\u00e9ndose eco de las palabras del intendente Mariano Hormaechea, subray\u00f3 la importancia tur\u00edstica del evento para Goya, destacando que &#8220;se merece el lugar y protagonismo que necesita para que el carnaval siga creciendo.&#8221;<\/p>\n<p class=\"x_MsoNormal\">\n<p class=\"x_MsoNormal\">UNIDAD Y COLABORACI\u00d3N DE LOS COMPARSEROS<\/p>\n<p class=\"x_MsoNormal\">\n<p class=\"x_MsoNormal\">La Reina del Carnaval tambi\u00e9n resalt\u00f3 el esp\u00edritu de unidad y colaboraci\u00f3n entre las comparsas. &#8220;Todas las comparsas apuntan a un mismo fin, est\u00e1n con el mismo objetivo y lo vivencian juntos para seguir avanzando y creciendo,&#8221; coment\u00f3.<\/p>\n<p class=\"x_MsoNormal\">\n<p class=\"x_MsoNormal\">En cuanto a la preparaci\u00f3n de los trajes, la figura del carnaval revel\u00f3 el arduo trabajo que implica. &#8220;Fue un mont\u00f3n. Todas las comparsas hasta el \u00faltimo d\u00eda seguimos trabajando. Se quiere dar lo mejor y superarnos cada noche. Es un enorme esfuerzo para los comparseros, para las familias, los m\u00fasicos y cada persona que acompa\u00f1a\u201d, dijo. Adem\u00e1s, se mostr\u00f3 gratamente sorprendida por la masiva asistencia del p\u00fablico, que super\u00f3 sus expectativas.<\/p>\n<p class=\"x_MsoNormal\">EMBAJADORA DE LA CIUDAD<\/p>\n<p class=\"x_MsoNormal\">\n<p class=\"x_MsoNormal\">Reflexionando sobre su rol como representante de Goya en diversas festividades en el pa\u00eds, Juana Aguirre expres\u00f3: &#8220;Fue un a\u00f1o particularmente emocionante para m\u00ed. Creo que la Fiesta Nacional del Surub\u00ed y el Carnaval siempre estuvieron presentes en todas las fiestas. Son dos fiestas muy identificatorias para Goya, y que est\u00e9n juntas en cualquier momento realza la importancia que tiene nuestra ciudad en cada fiesta.&#8221; Con un dejo de nostalgia, ante la inminencia de la finalizaci\u00f3n de su reinado, a\u00f1adi\u00f3: &#8220;Estoy orgullosa, creo que lo fuimos llevando muy bien ambos reinados. Es algo que va a quedar por siempre en mi coraz\u00f3n, y ahora, con un poco de nostalgia, se acerca el d\u00eda de dejar el reinado, pero va a quedar en buenas manos.&#8221;<\/p>\n<p class=\"x_MsoNormal\">\n<p class=\"x_MsoNormal\">TRABAJAR POR EL CRECIMIENTO DEL CARNAVAL<\/p>\n<p class=\"x_MsoNormal\">Juana Aguirre envi\u00f3 un mensaje a las comparsas y al p\u00fablico: &#8220;A las comparsas les digo que sigamos trabajando para hacer crecer el carnaval. Damos todas por igual, nos une la pasi\u00f3n del carnaval y es lo m\u00e1s importante en todo trabajo en todas estas noches. A la gente, invitarlos a las siguientes noches, el 31 de enero y el 7 de febrero, cerramos. Est\u00e1n cordialmente invitados, es una fiesta apasionante, hay que estar para vivirla.&#8221; Y finaliz\u00f3 con un grito de aliento para su comparsa: &#8220;A la gente de Aymar\u00e1 les digo: \u00a1Vamos por el cuarto campeonato!&#8221;<\/p>\n","protected":false},"excerpt":{"rendered":"<p>En la vibrante primera noche de los corsos, Juana Aguirre, actual reina del carnaval, embajadora provincial y reina de la Fiesta Nacional del Surub\u00ed, expres\u00f3 sus emociones y perspectivas sobre el significado del carnaval para la ciudad de Goya. Representando a la comparsa Aymar\u00e1, Aguirre destac\u00f3 la intensa preparaci\u00f3n y el esfuerzo colectivo que hacen [&hellip;]<\/p>\n","protected":false},"author":2,"featured_media":6197,"comment_status":"open","ping_status":"open","sticky":false,"template":"","format":"standard","meta":{"footnotes":""},"categories":[56],"tags":[],"class_list":{"0":"post-6196","1":"post","2":"type-post","3":"status-publish","4":"format-standard","5":"has-post-thumbnail","7":"category-locales"},"_links":{"self":[{"href":"https:\/\/elpueblonoticia.com.ar\/web\/wp-json\/wp\/v2\/posts\/6196","targetHints":{"allow":["GET"]}}],"collection":[{"href":"https:\/\/elpueblonoticia.com.ar\/web\/wp-json\/wp\/v2\/posts"}],"about":[{"href":"https:\/\/elpueblonoticia.com.ar\/web\/wp-json\/wp\/v2\/types\/post"}],"author":[{"embeddable":true,"href":"https:\/\/elpueblonoticia.com.ar\/web\/wp-json\/wp\/v2\/users\/2"}],"replies":[{"embeddable":true,"href":"https:\/\/elpueblonoticia.com.ar\/web\/wp-json\/wp\/v2\/comments?post=6196"}],"version-history":[{"count":1,"href":"https:\/\/elpueblonoticia.com.ar\/web\/wp-json\/wp\/v2\/posts\/6196\/revisions"}],"predecessor-version":[{"id":6199,"href":"https:\/\/elpueblonoticia.com.ar\/web\/wp-json\/wp\/v2\/posts\/6196\/revisions\/6199"}],"wp:featuredmedia":[{"embeddable":true,"href":"https:\/\/elpueblonoticia.com.ar\/web\/wp-json\/wp\/v2\/media\/6197"}],"wp:attachment":[{"href":"https:\/\/elpueblonoticia.com.ar\/web\/wp-json\/wp\/v2\/media?parent=6196"}],"wp:term":[{"taxonomy":"category","embeddable":true,"href":"https:\/\/elpueblonoticia.com.ar\/web\/wp-json\/wp\/v2\/categories?post=6196"},{"taxonomy":"post_tag","embeddable":true,"href":"https:\/\/elpueblonoticia.com.ar\/web\/wp-json\/wp\/v2\/tags?post=6196"}],"curies":[{"name":"wp","href":"https:\/\/api.w.org\/{rel}","templated":true}]}}