{"id":6190,"date":"2026-01-28T08:45:24","date_gmt":"2026-01-28T11:45:24","guid":{"rendered":"https:\/\/elpueblonoticia.com.ar\/web\/?p=6190"},"modified":"2026-01-28T08:45:24","modified_gmt":"2026-01-28T11:45:24","slug":"cierre-de-alal-hormaechea-recibio-a-delegados-de-aot-asociacion-obrera-textil","status":"publish","type":"post","link":"https:\/\/elpueblonoticia.com.ar\/web\/2026\/01\/28\/cierre-de-alal-hormaechea-recibio-a-delegados-de-aot-asociacion-obrera-textil\/","title":{"rendered":"Cierre de ALAL: HORMAECHEA RECIBI\u00d3 A DELEGADOS DE AOT ASOCIACI\u00d3N OBRERA TEXTIL"},"content":{"rendered":"<p><img loading=\"lazy\" decoding=\"async\" class=\"alignnone size-medium wp-image-6192\" src=\"https:\/\/elpueblonoticia.com.ar\/web\/wp-content\/uploads\/2026\/01\/reunion-AOT-1-300x200.jpeg\" alt=\"\" width=\"300\" height=\"200\" srcset=\"https:\/\/elpueblonoticia.com.ar\/web\/wp-content\/uploads\/2026\/01\/reunion-AOT-1-300x200.jpeg 300w, https:\/\/elpueblonoticia.com.ar\/web\/wp-content\/uploads\/2026\/01\/reunion-AOT-1-1024x682.jpeg 1024w, https:\/\/elpueblonoticia.com.ar\/web\/wp-content\/uploads\/2026\/01\/reunion-AOT-1-768x512.jpeg 768w, https:\/\/elpueblonoticia.com.ar\/web\/wp-content\/uploads\/2026\/01\/reunion-AOT-1-1536x1023.jpeg 1536w, https:\/\/elpueblonoticia.com.ar\/web\/wp-content\/uploads\/2026\/01\/reunion-AOT-1-630x420.jpeg 630w, https:\/\/elpueblonoticia.com.ar\/web\/wp-content\/uploads\/2026\/01\/reunion-AOT-1-696x464.jpeg 696w, https:\/\/elpueblonoticia.com.ar\/web\/wp-content\/uploads\/2026\/01\/reunion-AOT-1-1068x712.jpeg 1068w, https:\/\/elpueblonoticia.com.ar\/web\/wp-content\/uploads\/2026\/01\/reunion-AOT-1.jpeg 1600w\" sizes=\"auto, (max-width: 300px) 100vw, 300px\" \/><img loading=\"lazy\" decoding=\"async\" class=\"alignnone size-medium wp-image-6193\" src=\"https:\/\/elpueblonoticia.com.ar\/web\/wp-content\/uploads\/2026\/01\/reunion-AOT-2-300x200.jpeg\" alt=\"\" width=\"300\" height=\"200\" srcset=\"https:\/\/elpueblonoticia.com.ar\/web\/wp-content\/uploads\/2026\/01\/reunion-AOT-2-300x200.jpeg 300w, https:\/\/elpueblonoticia.com.ar\/web\/wp-content\/uploads\/2026\/01\/reunion-AOT-2-1024x682.jpeg 1024w, https:\/\/elpueblonoticia.com.ar\/web\/wp-content\/uploads\/2026\/01\/reunion-AOT-2-768x512.jpeg 768w, https:\/\/elpueblonoticia.com.ar\/web\/wp-content\/uploads\/2026\/01\/reunion-AOT-2-1536x1023.jpeg 1536w, https:\/\/elpueblonoticia.com.ar\/web\/wp-content\/uploads\/2026\/01\/reunion-AOT-2-630x420.jpeg 630w, https:\/\/elpueblonoticia.com.ar\/web\/wp-content\/uploads\/2026\/01\/reunion-AOT-2-696x464.jpeg 696w, https:\/\/elpueblonoticia.com.ar\/web\/wp-content\/uploads\/2026\/01\/reunion-AOT-2-1068x712.jpeg 1068w, https:\/\/elpueblonoticia.com.ar\/web\/wp-content\/uploads\/2026\/01\/reunion-AOT-2.jpeg 1600w\" sizes=\"auto, (max-width: 300px) 100vw, 300px\" \/><\/p>\n<p class=\"x_MsoNormal\"><span lang=\"ES\" data-olk-copy-source=\"MessageBody\">El intendente Mariano Hormaechea recibi\u00f3 en Sal\u00f3n de Acuerdos a representantes del Sindicato Textil en representaci\u00f3n de los Obreros de la empresa ALAL, AOT<\/span><span lang=\"ES\">\u00a0<\/span><span lang=\"ES\">Asociaci\u00f3n Obrera Textil. La reuni\u00f3n en horas del mediod\u00eda de hoy con los delegados, Mariano Gauna y David Gonz\u00e1lez que comunicaron al intendente Hormaechea el estado de situaci\u00f3n, luego del cierre en el d\u00eda de ayer de la Planta Textil en Goya, donde a trav\u00e9s de telegramas se comunic\u00f3 a la totalidad de empleados el despido, alrededor de 260 trabajadores en forma directa.<\/span><\/p>\n<p class=\"x_MsoNormal\"><span lang=\"ES\">El Intendente inform\u00f3 de las gestiones que se vienen realizando desde la municipalidad y el gobierno provincial a trav\u00e9s del Gobernador Juan Pablo Vald\u00e9s y la Ministra de Industria de la provincia, Mariel Gabur; solicitando una entrevista con funcionarios del gobierno Nacional. Pedido de audiencia con el ministro de Econom\u00eda de Naci\u00f3n, para plantear en forma directa, el perjuicio social y econ\u00f3mico que ocasiona en Goya este cierre, dada la falta de comercializaci\u00f3n de la producci\u00f3n local, producto de la falta de ventas y competitividad ante la apertura de importaciones dispuesta desde el Gobierno Nacional.<\/span><\/p>\n<p class=\"x_MsoNormal\"><span lang=\"ES\">El doctor Hormaechea plante\u00f3 a los representantes<\/span><span lang=\"ES\">\u00a0<\/span>de la\u00a0<span lang=\"ES\">Asociaci\u00f3n Obrera Textil AOT, la preocupaci\u00f3n que existe desde el Ejecutivo Municipal, ante este contexto que involucra en forma directa a 260 familias de la ciudad. Poni\u00e9ndose a disposici\u00f3n para continuar con las gestiones que est\u00e9n a su alcance, con el objetivo de buscar alguna alternativa que posibilite una soluci\u00f3n a esta grave situaci\u00f3n, que consterna a toda la comunidad goyana.<\/span><\/p>\n<p class=\"x_MsoNormal\"><span lang=\"ES\">El cierre de la empresa goyana ALAL con m\u00e1s de un siglo de existencia, es producto del actual contexto econ\u00f3mico y comercial adverso, sumado a problemas estructurales que afectan la competitividad de la industria nacional, son parte de los problemas por los cuales Emilio Alal SACIFI resolvi\u00f3 cerrar sus plantas de hilados y telas.<\/span><span lang=\"ES\">\u00a0<\/span><span lang=\"ES\">informando a trav\u00e9s de un comunicado, que luego de un proceso de an\u00e1lisis y de haber agotado todas las instancias posibles se ha visto obligada a tomar la decisi\u00f3n no deseada de cerrar sus plantas productivas de hilados y telas de las ciudades de Goya (Corrientes) e hilados en Villa Angela (Chaco.)<\/span><\/p>\n<p class=\"x_MsoNormal\"><span lang=\"ES\">Cabe destacar que el Gremio A.O.T. Asociaci\u00f3n Obrera Textil nuclea al 75% del personal. El otro gremio es SETIA, Sindicato de Empleados Textiles de la Industria y Afines.<\/span><\/p>\n<p class=\"x_MsoNormal\"><span lang=\"ES\">EMILIO ALAL S.A.C.I.F.I., es una empresa familiar fundada en 1914 y ha seguido una reinversi\u00f3n permanente de utilidades en desarrollos industriales, tecnol\u00f3gicos y comerciales que la han llevado a consolidarse como proveedor l\u00edder en los distintos segmentos en los cuales se desarrolla, de manera diversificada industrialmente en cuatro segmentos de negocio: curtiembre, hilander\u00eda de algod\u00f3n, desmotadora de algod\u00f3n y agronegocios.<\/span><\/p>\n<p class=\"x_MsoNormal\"><span lang=\"ES\">\u00a0<\/span><\/p>\n","protected":false},"excerpt":{"rendered":"<p>El intendente Mariano Hormaechea recibi\u00f3 en Sal\u00f3n de Acuerdos a representantes del Sindicato Textil en representaci\u00f3n de los Obreros de la empresa ALAL, AOT\u00a0Asociaci\u00f3n Obrera Textil. La reuni\u00f3n en horas del mediod\u00eda de hoy con los delegados, Mariano Gauna y David Gonz\u00e1lez que comunicaron al intendente Hormaechea el estado de situaci\u00f3n, luego del cierre en [&hellip;]<\/p>\n","protected":false},"author":2,"featured_media":6191,"comment_status":"open","ping_status":"open","sticky":false,"template":"","format":"standard","meta":{"footnotes":""},"categories":[56],"tags":[],"class_list":{"0":"post-6190","1":"post","2":"type-post","3":"status-publish","4":"format-standard","5":"has-post-thumbnail","7":"category-locales"},"_links":{"self":[{"href":"https:\/\/elpueblonoticia.com.ar\/web\/wp-json\/wp\/v2\/posts\/6190","targetHints":{"allow":["GET"]}}],"collection":[{"href":"https:\/\/elpueblonoticia.com.ar\/web\/wp-json\/wp\/v2\/posts"}],"about":[{"href":"https:\/\/elpueblonoticia.com.ar\/web\/wp-json\/wp\/v2\/types\/post"}],"author":[{"embeddable":true,"href":"https:\/\/elpueblonoticia.com.ar\/web\/wp-json\/wp\/v2\/users\/2"}],"replies":[{"embeddable":true,"href":"https:\/\/elpueblonoticia.com.ar\/web\/wp-json\/wp\/v2\/comments?post=6190"}],"version-history":[{"count":1,"href":"https:\/\/elpueblonoticia.com.ar\/web\/wp-json\/wp\/v2\/posts\/6190\/revisions"}],"predecessor-version":[{"id":6194,"href":"https:\/\/elpueblonoticia.com.ar\/web\/wp-json\/wp\/v2\/posts\/6190\/revisions\/6194"}],"wp:featuredmedia":[{"embeddable":true,"href":"https:\/\/elpueblonoticia.com.ar\/web\/wp-json\/wp\/v2\/media\/6191"}],"wp:attachment":[{"href":"https:\/\/elpueblonoticia.com.ar\/web\/wp-json\/wp\/v2\/media?parent=6190"}],"wp:term":[{"taxonomy":"category","embeddable":true,"href":"https:\/\/elpueblonoticia.com.ar\/web\/wp-json\/wp\/v2\/categories?post=6190"},{"taxonomy":"post_tag","embeddable":true,"href":"https:\/\/elpueblonoticia.com.ar\/web\/wp-json\/wp\/v2\/tags?post=6190"}],"curies":[{"name":"wp","href":"https:\/\/api.w.org\/{rel}","templated":true}]}}