{"id":6181,"date":"2026-01-28T08:22:29","date_gmt":"2026-01-28T11:22:29","guid":{"rendered":"https:\/\/elpueblonoticia.com.ar\/web\/?p=6181"},"modified":"2026-01-28T08:22:29","modified_gmt":"2026-01-28T11:22:29","slug":"corte-total-de-transito-en-pasaje-wenceslao-fernandez-por-trabajos-de-obras-de-la-nueva-costanera","status":"publish","type":"post","link":"https:\/\/elpueblonoticia.com.ar\/web\/2026\/01\/28\/corte-total-de-transito-en-pasaje-wenceslao-fernandez-por-trabajos-de-obras-de-la-nueva-costanera\/","title":{"rendered":"CORTE TOTAL DE TR\u00c1NSITO EN PASAJE WENCESLAO FERN\u00c1NDEZ POR TRABAJOS DE OBRAS DE LA NUEVA COSTANERA"},"content":{"rendered":"<p><img loading=\"lazy\" decoding=\"async\" class=\"alignnone size-medium wp-image-6183\" src=\"https:\/\/elpueblonoticia.com.ar\/web\/wp-content\/uploads\/2026\/01\/CORTE-TRANSITO-COSTANERA-6-300x225.jpeg\" alt=\"\" width=\"300\" height=\"225\" srcset=\"https:\/\/elpueblonoticia.com.ar\/web\/wp-content\/uploads\/2026\/01\/CORTE-TRANSITO-COSTANERA-6-300x225.jpeg 300w, https:\/\/elpueblonoticia.com.ar\/web\/wp-content\/uploads\/2026\/01\/CORTE-TRANSITO-COSTANERA-6-1024x768.jpeg 1024w, https:\/\/elpueblonoticia.com.ar\/web\/wp-content\/uploads\/2026\/01\/CORTE-TRANSITO-COSTANERA-6-768x576.jpeg 768w, https:\/\/elpueblonoticia.com.ar\/web\/wp-content\/uploads\/2026\/01\/CORTE-TRANSITO-COSTANERA-6-560x420.jpeg 560w, https:\/\/elpueblonoticia.com.ar\/web\/wp-content\/uploads\/2026\/01\/CORTE-TRANSITO-COSTANERA-6-80x60.jpeg 80w, https:\/\/elpueblonoticia.com.ar\/web\/wp-content\/uploads\/2026\/01\/CORTE-TRANSITO-COSTANERA-6-696x522.jpeg 696w, https:\/\/elpueblonoticia.com.ar\/web\/wp-content\/uploads\/2026\/01\/CORTE-TRANSITO-COSTANERA-6-265x198.jpeg 265w, https:\/\/elpueblonoticia.com.ar\/web\/wp-content\/uploads\/2026\/01\/CORTE-TRANSITO-COSTANERA-6.jpeg 1032w\" sizes=\"auto, (max-width: 300px) 100vw, 300px\" \/> <img loading=\"lazy\" decoding=\"async\" class=\"alignnone size-medium wp-image-6184\" src=\"https:\/\/elpueblonoticia.com.ar\/web\/wp-content\/uploads\/2026\/01\/CORTE-TRANSITO-COSTANERA-2-225x300.jpeg\" alt=\"\" width=\"225\" height=\"300\" srcset=\"https:\/\/elpueblonoticia.com.ar\/web\/wp-content\/uploads\/2026\/01\/CORTE-TRANSITO-COSTANERA-2-225x300.jpeg 225w, https:\/\/elpueblonoticia.com.ar\/web\/wp-content\/uploads\/2026\/01\/CORTE-TRANSITO-COSTANERA-2-768x1024.jpeg 768w, https:\/\/elpueblonoticia.com.ar\/web\/wp-content\/uploads\/2026\/01\/CORTE-TRANSITO-COSTANERA-2-1152x1536.jpeg 1152w, https:\/\/elpueblonoticia.com.ar\/web\/wp-content\/uploads\/2026\/01\/CORTE-TRANSITO-COSTANERA-2-315x420.jpeg 315w, https:\/\/elpueblonoticia.com.ar\/web\/wp-content\/uploads\/2026\/01\/CORTE-TRANSITO-COSTANERA-2-696x928.jpeg 696w, https:\/\/elpueblonoticia.com.ar\/web\/wp-content\/uploads\/2026\/01\/CORTE-TRANSITO-COSTANERA-2-1068x1424.jpeg 1068w, https:\/\/elpueblonoticia.com.ar\/web\/wp-content\/uploads\/2026\/01\/CORTE-TRANSITO-COSTANERA-2.jpeg 1200w\" sizes=\"auto, (max-width: 225px) 100vw, 225px\" \/> <img loading=\"lazy\" decoding=\"async\" class=\"alignnone size-medium wp-image-6186\" src=\"https:\/\/elpueblonoticia.com.ar\/web\/wp-content\/uploads\/2026\/01\/CORTE-TRANSITO-COSTANERA-4-300x169.jpeg\" alt=\"\" width=\"300\" height=\"169\" srcset=\"https:\/\/elpueblonoticia.com.ar\/web\/wp-content\/uploads\/2026\/01\/CORTE-TRANSITO-COSTANERA-4-300x169.jpeg 300w, https:\/\/elpueblonoticia.com.ar\/web\/wp-content\/uploads\/2026\/01\/CORTE-TRANSITO-COSTANERA-4-1024x576.jpeg 1024w, https:\/\/elpueblonoticia.com.ar\/web\/wp-content\/uploads\/2026\/01\/CORTE-TRANSITO-COSTANERA-4-768x432.jpeg 768w, https:\/\/elpueblonoticia.com.ar\/web\/wp-content\/uploads\/2026\/01\/CORTE-TRANSITO-COSTANERA-4-1536x864.jpeg 1536w, https:\/\/elpueblonoticia.com.ar\/web\/wp-content\/uploads\/2026\/01\/CORTE-TRANSITO-COSTANERA-4-747x420.jpeg 747w, https:\/\/elpueblonoticia.com.ar\/web\/wp-content\/uploads\/2026\/01\/CORTE-TRANSITO-COSTANERA-4-696x392.jpeg 696w, https:\/\/elpueblonoticia.com.ar\/web\/wp-content\/uploads\/2026\/01\/CORTE-TRANSITO-COSTANERA-4-1068x601.jpeg 1068w, https:\/\/elpueblonoticia.com.ar\/web\/wp-content\/uploads\/2026\/01\/CORTE-TRANSITO-COSTANERA-4.jpeg 1600w\" sizes=\"auto, (max-width: 300px) 100vw, 300px\" \/> <img loading=\"lazy\" decoding=\"async\" class=\"alignnone size-medium wp-image-6187\" src=\"https:\/\/elpueblonoticia.com.ar\/web\/wp-content\/uploads\/2026\/01\/CORTE-TRANSITO-COSTANERA-5-225x300.jpeg\" alt=\"\" width=\"225\" height=\"300\" srcset=\"https:\/\/elpueblonoticia.com.ar\/web\/wp-content\/uploads\/2026\/01\/CORTE-TRANSITO-COSTANERA-5-225x300.jpeg 225w, https:\/\/elpueblonoticia.com.ar\/web\/wp-content\/uploads\/2026\/01\/CORTE-TRANSITO-COSTANERA-5-768x1024.jpeg 768w, https:\/\/elpueblonoticia.com.ar\/web\/wp-content\/uploads\/2026\/01\/CORTE-TRANSITO-COSTANERA-5-315x420.jpeg 315w, https:\/\/elpueblonoticia.com.ar\/web\/wp-content\/uploads\/2026\/01\/CORTE-TRANSITO-COSTANERA-5-696x928.jpeg 696w, https:\/\/elpueblonoticia.com.ar\/web\/wp-content\/uploads\/2026\/01\/CORTE-TRANSITO-COSTANERA-5.jpeg 774w\" sizes=\"auto, (max-width: 225px) 100vw, 225px\" \/><\/p>\n<p class=\"x_MsoNormal\"><span lang=\"ES\" data-olk-copy-source=\"MessageBody\">La Municipalidad de Goya comunica a trav\u00e9s de la Direcci\u00f3n de Tr\u00e1nsito que a partir de la fecha se encuentra interrumpido totalmente el tr\u00e1nsito vehicular en pasaje Wenceslao Fern\u00e1ndez (desde la intersecci\u00f3n 25 de Mayo). Asimismo, tambi\u00e9n hay una se\u00f1alizaci\u00f3n en Avenida Ca\u00e1 Guaz\u00fa a la altura de calle \u00c1ngel Soto en la mano de circulaci\u00f3n de Sur a Norte. Este cartel indica el desv\u00edo a la altura de la intersecci\u00f3n con la calle \u00c1ngel Soto.<\/span><\/p>\n<p class=\"x_MsoNormal\"><span lang=\"ES\">Estas medidas se deben a los trabajos que se realizan en la obra de la Nueva Costanera y revalorizaci\u00f3n del paseo costero donde el pasaje Wenceslao Fern\u00e1ndez forma parte \u00a0del nuevo paseo p\u00fablico.<\/span><\/p>\n<p class=\"x_MsoNormal\"><span lang=\"ES\">La interrupci\u00f3n del tr\u00e1nsito demandar\u00e1 alrededor de 15 d\u00edas. \u00a0<\/span><\/p>\n","protected":false},"excerpt":{"rendered":"<p>La Municipalidad de Goya comunica a trav\u00e9s de la Direcci\u00f3n de Tr\u00e1nsito que a partir de la fecha se encuentra interrumpido totalmente el tr\u00e1nsito vehicular en pasaje Wenceslao Fern\u00e1ndez (desde la intersecci\u00f3n 25 de Mayo). Asimismo, tambi\u00e9n hay una se\u00f1alizaci\u00f3n en Avenida Ca\u00e1 Guaz\u00fa a la altura de calle \u00c1ngel Soto en la mano de [&hellip;]<\/p>\n","protected":false},"author":2,"featured_media":6182,"comment_status":"open","ping_status":"open","sticky":false,"template":"","format":"standard","meta":{"footnotes":""},"categories":[56],"tags":[],"class_list":{"0":"post-6181","1":"post","2":"type-post","3":"status-publish","4":"format-standard","5":"has-post-thumbnail","7":"category-locales"},"_links":{"self":[{"href":"https:\/\/elpueblonoticia.com.ar\/web\/wp-json\/wp\/v2\/posts\/6181","targetHints":{"allow":["GET"]}}],"collection":[{"href":"https:\/\/elpueblonoticia.com.ar\/web\/wp-json\/wp\/v2\/posts"}],"about":[{"href":"https:\/\/elpueblonoticia.com.ar\/web\/wp-json\/wp\/v2\/types\/post"}],"author":[{"embeddable":true,"href":"https:\/\/elpueblonoticia.com.ar\/web\/wp-json\/wp\/v2\/users\/2"}],"replies":[{"embeddable":true,"href":"https:\/\/elpueblonoticia.com.ar\/web\/wp-json\/wp\/v2\/comments?post=6181"}],"version-history":[{"count":1,"href":"https:\/\/elpueblonoticia.com.ar\/web\/wp-json\/wp\/v2\/posts\/6181\/revisions"}],"predecessor-version":[{"id":6188,"href":"https:\/\/elpueblonoticia.com.ar\/web\/wp-json\/wp\/v2\/posts\/6181\/revisions\/6188"}],"wp:featuredmedia":[{"embeddable":true,"href":"https:\/\/elpueblonoticia.com.ar\/web\/wp-json\/wp\/v2\/media\/6182"}],"wp:attachment":[{"href":"https:\/\/elpueblonoticia.com.ar\/web\/wp-json\/wp\/v2\/media?parent=6181"}],"wp:term":[{"taxonomy":"category","embeddable":true,"href":"https:\/\/elpueblonoticia.com.ar\/web\/wp-json\/wp\/v2\/categories?post=6181"},{"taxonomy":"post_tag","embeddable":true,"href":"https:\/\/elpueblonoticia.com.ar\/web\/wp-json\/wp\/v2\/tags?post=6181"}],"curies":[{"name":"wp","href":"https:\/\/api.w.org\/{rel}","templated":true}]}}