{"id":6173,"date":"2026-01-28T07:58:48","date_gmt":"2026-01-28T10:58:48","guid":{"rendered":"https:\/\/elpueblonoticia.com.ar\/web\/?p=6173"},"modified":"2026-01-28T07:58:48","modified_gmt":"2026-01-28T10:58:48","slug":"continua-el-cronograma-de-entrega-de-modulos-alimentarios-en-distintos-barrios-de-goya","status":"publish","type":"post","link":"https:\/\/elpueblonoticia.com.ar\/web\/2026\/01\/28\/continua-el-cronograma-de-entrega-de-modulos-alimentarios-en-distintos-barrios-de-goya\/","title":{"rendered":"CONTIN\u00daA EL CRONOGRAMA DE ENTREGA DE M\u00d3DULOS ALIMENTARIOS EN DISTINTOS BARRIOS DE GOYA"},"content":{"rendered":"<p class=\"x_MsoNormal\"><span lang=\"ES\" data-olk-copy-source=\"MessageBody\">La Delegaci\u00f3n Goya del Ministerio de Desarrollo Social inform\u00f3 que, en el marco del cronograma de entrega de m\u00f3dulos alimentarios iniciado el pasado 19 de enero, se contin\u00faa desarrollando la distribuci\u00f3n en distintos puntos de la ciudad, en articulaci\u00f3n y coordinaci\u00f3n con los beneficiarios de los diferentes barrios.<\/span><\/p>\n<p class=\"x_MsoNormal\"><span lang=\"ES\">Desde el organismo se\u00f1alaron que la modalidad de entrega se organiz\u00f3 especialmente en barrios alejados de la sede de la delegaci\u00f3n, con el objetivo de garantizar el acceso al programa alimentario y facilitar que las familias beneficiarias puedan recibir los m\u00f3dulos sin inconvenientes de traslado.<\/span><\/p>\n<p class=\"x_MsoNormal\"><span lang=\"ES\">En el CIC Sur se realiza la entrega para los beneficiarios de los barrios: Devoto, Devoto Nuevo y Pje. Soledad.<\/span><\/p>\n<p class=\"x_MsoNormal\"><span lang=\"ES\">Adem\u00e1s, se realizaron dispositivos de entrega en Sta Clara, Rinc\u00f3n de G\u00f3mez, Remanso, Aeropuerto, Santa Catalina y Puerto.<\/span><\/p>\n<p class=\"x_MsoNormal\"><span lang=\"ES\">Finalmente, desde la Delegaci\u00f3n Goya informan que ma\u00f1ana culmina la entrega a los beneficiarios de los barrios Esperanza y La Boca (ex Chacal) en la Delegaci\u00f3n de Desarrollo Social (Av. Mazzanti 555), por lo que se solicita a los beneficiarios concurrir seg\u00fan el cronograma establecido para no perder el acceso a este acompa\u00f1amiento alimentario.<\/span><\/p>\n","protected":false},"excerpt":{"rendered":"<p>La Delegaci\u00f3n Goya del Ministerio de Desarrollo Social inform\u00f3 que, en el marco del cronograma de entrega de m\u00f3dulos alimentarios iniciado el pasado 19 de enero, se contin\u00faa desarrollando la distribuci\u00f3n en distintos puntos de la ciudad, en articulaci\u00f3n y coordinaci\u00f3n con los beneficiarios de los diferentes barrios. Desde el organismo se\u00f1alaron que la modalidad [&hellip;]<\/p>\n","protected":false},"author":2,"featured_media":6174,"comment_status":"open","ping_status":"open","sticky":false,"template":"","format":"standard","meta":{"footnotes":""},"categories":[56],"tags":[],"class_list":{"0":"post-6173","1":"post","2":"type-post","3":"status-publish","4":"format-standard","5":"has-post-thumbnail","7":"category-locales"},"_links":{"self":[{"href":"https:\/\/elpueblonoticia.com.ar\/web\/wp-json\/wp\/v2\/posts\/6173","targetHints":{"allow":["GET"]}}],"collection":[{"href":"https:\/\/elpueblonoticia.com.ar\/web\/wp-json\/wp\/v2\/posts"}],"about":[{"href":"https:\/\/elpueblonoticia.com.ar\/web\/wp-json\/wp\/v2\/types\/post"}],"author":[{"embeddable":true,"href":"https:\/\/elpueblonoticia.com.ar\/web\/wp-json\/wp\/v2\/users\/2"}],"replies":[{"embeddable":true,"href":"https:\/\/elpueblonoticia.com.ar\/web\/wp-json\/wp\/v2\/comments?post=6173"}],"version-history":[{"count":1,"href":"https:\/\/elpueblonoticia.com.ar\/web\/wp-json\/wp\/v2\/posts\/6173\/revisions"}],"predecessor-version":[{"id":6175,"href":"https:\/\/elpueblonoticia.com.ar\/web\/wp-json\/wp\/v2\/posts\/6173\/revisions\/6175"}],"wp:featuredmedia":[{"embeddable":true,"href":"https:\/\/elpueblonoticia.com.ar\/web\/wp-json\/wp\/v2\/media\/6174"}],"wp:attachment":[{"href":"https:\/\/elpueblonoticia.com.ar\/web\/wp-json\/wp\/v2\/media?parent=6173"}],"wp:term":[{"taxonomy":"category","embeddable":true,"href":"https:\/\/elpueblonoticia.com.ar\/web\/wp-json\/wp\/v2\/categories?post=6173"},{"taxonomy":"post_tag","embeddable":true,"href":"https:\/\/elpueblonoticia.com.ar\/web\/wp-json\/wp\/v2\/tags?post=6173"}],"curies":[{"name":"wp","href":"https:\/\/api.w.org\/{rel}","templated":true}]}}