{"id":6164,"date":"2026-01-28T07:33:28","date_gmt":"2026-01-28T10:33:28","guid":{"rendered":"https:\/\/elpueblonoticia.com.ar\/web\/?p=6164"},"modified":"2026-01-28T07:33:28","modified_gmt":"2026-01-28T10:33:28","slug":"la-comparsa-tropical-celebro-su-segunda-luna-carnavalera-con-la-participacion-especial-de-caru-cura-de-esquina","status":"publish","type":"post","link":"https:\/\/elpueblonoticia.com.ar\/web\/2026\/01\/28\/la-comparsa-tropical-celebro-su-segunda-luna-carnavalera-con-la-participacion-especial-de-caru-cura-de-esquina\/","title":{"rendered":"LA COMPARSA TROPICAL CELEBR\u00d3 SU SEGUNDA LUNA CARNAVALERA CON LA PARTICIPACI\u00d3N ESPECIAL DE CAR\u00da CUR\u00c1 DE ESQUINA"},"content":{"rendered":"<p class=\"x_MsoNormal\"><span lang=\"ES\" data-olk-copy-source=\"MessageBody\">La segunda noche de los Carnavales Goyanos tuvo un condimento especial con la presencia de la comparsa m\u00e1s antigua de la ciudad, TROPICAL, que en el marco de su 50\u00b0 aniversario cont\u00f3 con la participaci\u00f3n destacada de bailarines de la hist\u00f3rica comparsa CAR\u00da CUR\u00c1 de la ciudad de Esquina.<\/span><\/p>\n<p class=\"x_MsoNormal\"><span lang=\"ES\">\u00a0<\/span><\/p>\n<p class=\"x_MsoNormal\"><span lang=\"ES\">Antes de su paso por la Alfombra Blanca del Cors\u00f3dromo del Predio Costa Surub\u00ed, los bailarines conocidos como \u201cLos Diablos Rojos\u201d, Sebasti\u00e1n Bord\u00f3n y Uriel Obreg\u00f3n, fueron entrevistados en la transmisi\u00f3n oficial de los carnavales goyanos, donde compartieron sus sensaciones y experiencias en esta invitaci\u00f3n especial.<\/span><\/p>\n<p class=\"x_MsoNormal\"><span lang=\"ES\">Sebasti\u00e1n Bord\u00f3n expres\u00f3 su entusiasmo por la presencia en la ciudad: \u201cUn gusto de estar en esta ciudad, junto a mi compa\u00f1ero venimos a disfrutar y dar lo mejor de nosotros\u201d.<\/span><\/p>\n<p class=\"x_MsoNormal\"><span lang=\"ES\">Por su parte, Uriel Obreg\u00f3n manifest\u00f3: \u201cNosotros muy contentos que nos hayan invitado, hablamos mucho con \u201cGabbo\u201d, ya que nuestros carnavales son diferentes a los de ac\u00e1 y nos estamos adaptando, m\u00e1s que agradecido por estar presentes en Goya\u201d.<\/span><\/p>\n<p class=\"x_MsoNormal\"><span lang=\"ES\">La participaci\u00f3n de los pasistas de Esquina se dio en el marco del aniversario de la comparsa TROPICAL, que celebra 50 a\u00f1os de vigencia, lo que motiv\u00f3 la convocatoria para formar parte de los corsos goyanos 2026.<\/span><\/p>\n<p class=\"x_MsoNormal\"><span lang=\"ES\">En ese sentido, Uriel Obreg\u00f3n agradeci\u00f3: \u201cGracias a \u2018GABBO\u2019 Medina que es nuestro locutor de la Comparsa CAR\u00da CUR\u00c1 en Esquina pudimos saber mejor de estos carnavales\u201d.<\/span><\/p>\n<p class=\"x_MsoNormal\"><span lang=\"ES\">Asimismo, record\u00f3 el contexto especial de la invitaci\u00f3n: \u201cHoy (pasado s\u00e1bado 24 de enero) CAR\u00da CUR\u00c1 est\u00e1 cumpliendo 55 a\u00f1os y nos invitaron a venir a participar con TROPICAL a Goya pensando que era un chiste, pero se dio y dijimos vamos a conocer y ac\u00e1 estamos\u201d.<\/span><\/p>\n<p class=\"x_MsoNormal\"><span lang=\"ES\">Sobre lo que signific\u00f3 la experiencia, Uriel Obreg\u00f3n subray\u00f3: \u201cFue inesperada la invitaci\u00f3n, hace varios a\u00f1os que quer\u00edamos venir a ver los carnavales que somos vecinos a la ciudad de Goya, estamos viviendo algo muy lindo, me impresiona el esp\u00edritu goyano que tiene en los carnavales\u201d.<\/span><\/p>\n<p class=\"x_MsoNormal\"><span lang=\"ES\">En relaci\u00f3n a su trayectoria dentro de la comparsa esquinense CAR\u00da CUR\u00c1, ambos bailarines se\u00f1alaron: \u201cAmbos llevamos los mismos a\u00f1os, 5 a\u00f1os que estamos, arrancamos juntos cuando la comparsa cumpli\u00f3 50 a\u00f1os, es nuestro quinto a\u00f1o\u201d.<\/span><\/p>\n<p class=\"x_MsoNormal\"><span lang=\"ES\">A lo que agregaron: \u201cJuntos hablamos y decidimos bailar para la comparsa, fue incre\u00edble porque la verdad en todos estos a\u00f1os vivimos muchas experiencias no solo en Esquina sino en otros lugares y es muy emocionante\u201d.<\/span><\/p>\n<p class=\"x_MsoNormal\"><span lang=\"ES\">Consultados sobre la cantidad de bailarines que llegaron desde Esquina para esta presentaci\u00f3n especial, detallaron: \u201cHoy vinimos 4, pero somos entre 10 y 12 bailarines, generalmente se maneja ese n\u00famero de los comparseros que bailamos en grupos\u201d.<\/span><\/p>\n<p class=\"x_MsoNormal\"><span lang=\"ES\">En otro tramo de la entrevista, Sebasti\u00e1n y Uriel brindaron detalles sobre la conformaci\u00f3n actual de CAR\u00da CUR\u00c1: \u201cCAR\u00da CUR\u00c1 en estos 55 a\u00f1os que est\u00e1 cumpliendo tiene alrededor de 350 integrantes, m\u00e1s la scola do samba que est\u00e1n manejando entre 60 integrantes, somos much\u00edsimos a lo que fue el a\u00f1o pasado y anteriores\u201d, indic\u00f3 Andr\u00e9s.<\/span><\/p>\n<p class=\"x_MsoNormal\"><span lang=\"ES\">\u201cEs impresionante lo que estamos viviendo en la comparsa CAR\u00da CUR\u00c1\u201d, a\u00f1adi\u00f3.<\/span><\/p>\n<p class=\"x_MsoNormal\"><span lang=\"ES\">En cuanto a la participaci\u00f3n masculina en el carnaval, un aspecto que en Goya a\u00fan cuesta consolidar, los pasistas explicaron una particularidad del carnaval esquinense:<\/span><\/p>\n<p class=\"x_MsoNormal\"><span lang=\"ES\">\u201cLo que se destaca de los carnavales esquinenses tanto en CAR\u00da CUR\u00c1 como en YAS\u00cd VER\u00c1 que es nuestra competencia, es que los varones hacemos pasos y no coreos como se ve en otros carnavales\u201d, expres\u00f3 Uriel Obreg\u00f3n.<\/span><\/p>\n<p class=\"x_MsoNormal\"><span lang=\"ES\">Ampli\u00f3 adem\u00e1s: \u201cLos chicos de YAS\u00cd VER\u00c1 tienen sus pasos, nosotros tambi\u00e9n y estimativamente entre grupos somos entre 40 y 50 comparseros varones dentro de la comparsa CAR\u00da CUR\u00c1\u201d.<\/span><\/p>\n<p class=\"x_MsoNormal\"><span lang=\"ES\">\u201cDesconozco los n\u00fameros de YAS\u00cd VER\u00c1, pero tambi\u00e9n anda por ah\u00ed, cada vez se suman m\u00e1s chicos que le ponen todo el \u00edmpetu, garra y muchas ganas\u201d.<\/span><\/p>\n<p class=\"x_MsoNormal\"><span lang=\"ES\">Al referirse a la importancia de incentivar a los j\u00f3venes a sumarse al carnaval, los comparseros compartieron su vivencia: \u201cEs algo inexplicable lo que se siente, nosotros empezamos a escuchar el ruido de tambores y ya se nos eriza la piel, se nos mueven las piernas solas y nos ponemos a saltar y bailar\u201d.<\/span><\/p>\n<p class=\"x_MsoNormal\"><span lang=\"ES\">Sobre el proceso de aprendizaje, coincidieron: \u201cHoy con los chicos nuevos lo que nos pasa es que son muy ansiosos, le decimos que tienen que empezar desde lo m\u00e1s b\u00e1sico en el baile, pasos hasta llegar a los m\u00e1s complejos\u201d.<\/span><\/p>\n<p class=\"x_MsoNormal\"><span lang=\"ES\">\u201cTratamos de hacerles correcciones, cuesta un poco\u201d, se\u00f1alaron.<\/span><\/p>\n<p class=\"x_MsoNormal\"><span lang=\"ES\">Recordando sus comienzos, destacaron: \u201cLos primeros a\u00f1os ten\u00edamos mucho miedo, con mucho respeto a los m\u00e1s grandes y hoy nos pasa que queremos entrar ya a la pista y contagiar esas cosas a los chicos nuevos\u201d.<\/span><\/p>\n<p class=\"x_MsoNormal\"><span lang=\"ES\">Finalmente, tanto Bord\u00f3n como Obreg\u00f3n dejaron un mensaje especial para la comunidad goyana: \u201cAl ciudadano goyano decirles que se animen, que se sumen a los carnavales, que no se van a arrepentir, es algo muy lindo\u201d, afirm\u00f3 Bord\u00f3n.<\/span><\/p>\n<p class=\"x_MsoNormal\"><span lang=\"ES\">Tambi\u00e9n anunciaron las fechas de los carnavales esquinenses: \u201cLos carnavales de Esquina arrancan el 31 de enero, contin\u00faan el 7 de febrero y finalizan el 14 de febrero\u201d.<\/span><\/p>\n<p class=\"x_MsoNormal\"><span lang=\"ES\">Como cierre, dejaron un mensaje de hermandad carnavalera: \u201cDicen que Goya es ciudad amiga, as\u00ed que venimos a contagiar y a vivir una experiencia inolvidable. Vengan al carnaval goyano, es algo lindo lo que estamos viviendo, participen de las comparsas que son muy lindas\u201d.<\/span><\/p>\n","protected":false},"excerpt":{"rendered":"<p>La segunda noche de los Carnavales Goyanos tuvo un condimento especial con la presencia de la comparsa m\u00e1s antigua de la ciudad, TROPICAL, que en el marco de su 50\u00b0 aniversario cont\u00f3 con la participaci\u00f3n destacada de bailarines de la hist\u00f3rica comparsa CAR\u00da CUR\u00c1 de la ciudad de Esquina. \u00a0 Antes de su paso por [&hellip;]<\/p>\n","protected":false},"author":2,"featured_media":6165,"comment_status":"open","ping_status":"open","sticky":false,"template":"","format":"standard","meta":{"footnotes":""},"categories":[56],"tags":[],"class_list":{"0":"post-6164","1":"post","2":"type-post","3":"status-publish","4":"format-standard","5":"has-post-thumbnail","7":"category-locales"},"_links":{"self":[{"href":"https:\/\/elpueblonoticia.com.ar\/web\/wp-json\/wp\/v2\/posts\/6164","targetHints":{"allow":["GET"]}}],"collection":[{"href":"https:\/\/elpueblonoticia.com.ar\/web\/wp-json\/wp\/v2\/posts"}],"about":[{"href":"https:\/\/elpueblonoticia.com.ar\/web\/wp-json\/wp\/v2\/types\/post"}],"author":[{"embeddable":true,"href":"https:\/\/elpueblonoticia.com.ar\/web\/wp-json\/wp\/v2\/users\/2"}],"replies":[{"embeddable":true,"href":"https:\/\/elpueblonoticia.com.ar\/web\/wp-json\/wp\/v2\/comments?post=6164"}],"version-history":[{"count":1,"href":"https:\/\/elpueblonoticia.com.ar\/web\/wp-json\/wp\/v2\/posts\/6164\/revisions"}],"predecessor-version":[{"id":6166,"href":"https:\/\/elpueblonoticia.com.ar\/web\/wp-json\/wp\/v2\/posts\/6164\/revisions\/6166"}],"wp:featuredmedia":[{"embeddable":true,"href":"https:\/\/elpueblonoticia.com.ar\/web\/wp-json\/wp\/v2\/media\/6165"}],"wp:attachment":[{"href":"https:\/\/elpueblonoticia.com.ar\/web\/wp-json\/wp\/v2\/media?parent=6164"}],"wp:term":[{"taxonomy":"category","embeddable":true,"href":"https:\/\/elpueblonoticia.com.ar\/web\/wp-json\/wp\/v2\/categories?post=6164"},{"taxonomy":"post_tag","embeddable":true,"href":"https:\/\/elpueblonoticia.com.ar\/web\/wp-json\/wp\/v2\/tags?post=6164"}],"curies":[{"name":"wp","href":"https:\/\/api.w.org\/{rel}","templated":true}]}}