{"id":6150,"date":"2026-01-27T11:37:38","date_gmt":"2026-01-27T14:37:38","guid":{"rendered":"https:\/\/elpueblonoticia.com.ar\/web\/?p=6150"},"modified":"2026-01-27T11:37:38","modified_gmt":"2026-01-27T14:37:38","slug":"ipt-inta-realizan-ensayo-de-pastura-en-el-area-tabacalera","status":"publish","type":"post","link":"https:\/\/elpueblonoticia.com.ar\/web\/2026\/01\/27\/ipt-inta-realizan-ensayo-de-pastura-en-el-area-tabacalera\/","title":{"rendered":"IPT \u2013 INTA REALIZAN ENSAYO DE PASTURA EN EL \u00c1REA TABACALERA"},"content":{"rendered":"<p><img loading=\"lazy\" decoding=\"async\" class=\"alignnone  wp-image-6152\" src=\"https:\/\/elpueblonoticia.com.ar\/web\/wp-content\/uploads\/2026\/01\/INTA-1-169x300.jpeg\" alt=\"\" width=\"826\" height=\"1466\" srcset=\"https:\/\/elpueblonoticia.com.ar\/web\/wp-content\/uploads\/2026\/01\/INTA-1-169x300.jpeg 169w, https:\/\/elpueblonoticia.com.ar\/web\/wp-content\/uploads\/2026\/01\/INTA-1-236x420.jpeg 236w\" sizes=\"auto, (max-width: 826px) 100vw, 826px\" \/><\/p>\n<p class=\"x_MsoNormal\"><span lang=\"ES\" data-olk-copy-source=\"MessageBody\">En el marco del proyecto firmado entre el Gobierno de la Provincia de Corrientes, el Ministerio de Producci\u00f3n a trav\u00e9s del Instituto Provincial del Tabaco y la agencia de extensi\u00f3n INTA Goya, se viene realizando ensayos de primavera \u2013 verano en diferentes parajes de la zona tabacalera con una pastura que pertenece a la familia de las Leguminosas llamada Macroptilium lathyroides.<\/span><\/p>\n<p class=\"x_MsoNormal\"><span lang=\"ES\">El objetivo es mejorar los suelos y adem\u00e1s tener en cuenta las dem\u00e1s propiedades que posee esta pastura como ser el aprovechamiento como forraje verde o mediante la henificaci\u00f3n.<\/span><\/p>\n<p class=\"x_MsoNormal\"><span lang=\"ES\">El trabajo en conjunto, lo vienen llevando a cabo en representaci\u00f3n del IPT, el Ingeniero Jos\u00e9 N\u00fa\u00f1ez del \u00c1rea de Producci\u00f3n del IPT y la Ingeniera Julia Bernardi del INTA Goya quienes coinciden en la importancia de conservar el suelo con estas pr\u00e1cticas agr\u00edcolas dej\u00e1ndolo protegido todo el a\u00f1o para un mejor aprovechamiento de la superficie en cuanto a humedad y nutrientes y tambi\u00e9n explotar las dem\u00e1s bondades de esta pastura como ser el alimento para el ganado.<\/span><\/p>\n","protected":false},"excerpt":{"rendered":"<p>En el marco del proyecto firmado entre el Gobierno de la Provincia de Corrientes, el Ministerio de Producci\u00f3n a trav\u00e9s del Instituto Provincial del Tabaco y la agencia de extensi\u00f3n INTA Goya, se viene realizando ensayos de primavera \u2013 verano en diferentes parajes de la zona tabacalera con una pastura que pertenece a la familia [&hellip;]<\/p>\n","protected":false},"author":2,"featured_media":6151,"comment_status":"open","ping_status":"open","sticky":false,"template":"","format":"standard","meta":{"footnotes":""},"categories":[56],"tags":[],"class_list":{"0":"post-6150","1":"post","2":"type-post","3":"status-publish","4":"format-standard","5":"has-post-thumbnail","7":"category-locales"},"_links":{"self":[{"href":"https:\/\/elpueblonoticia.com.ar\/web\/wp-json\/wp\/v2\/posts\/6150","targetHints":{"allow":["GET"]}}],"collection":[{"href":"https:\/\/elpueblonoticia.com.ar\/web\/wp-json\/wp\/v2\/posts"}],"about":[{"href":"https:\/\/elpueblonoticia.com.ar\/web\/wp-json\/wp\/v2\/types\/post"}],"author":[{"embeddable":true,"href":"https:\/\/elpueblonoticia.com.ar\/web\/wp-json\/wp\/v2\/users\/2"}],"replies":[{"embeddable":true,"href":"https:\/\/elpueblonoticia.com.ar\/web\/wp-json\/wp\/v2\/comments?post=6150"}],"version-history":[{"count":1,"href":"https:\/\/elpueblonoticia.com.ar\/web\/wp-json\/wp\/v2\/posts\/6150\/revisions"}],"predecessor-version":[{"id":6153,"href":"https:\/\/elpueblonoticia.com.ar\/web\/wp-json\/wp\/v2\/posts\/6150\/revisions\/6153"}],"wp:featuredmedia":[{"embeddable":true,"href":"https:\/\/elpueblonoticia.com.ar\/web\/wp-json\/wp\/v2\/media\/6151"}],"wp:attachment":[{"href":"https:\/\/elpueblonoticia.com.ar\/web\/wp-json\/wp\/v2\/media?parent=6150"}],"wp:term":[{"taxonomy":"category","embeddable":true,"href":"https:\/\/elpueblonoticia.com.ar\/web\/wp-json\/wp\/v2\/categories?post=6150"},{"taxonomy":"post_tag","embeddable":true,"href":"https:\/\/elpueblonoticia.com.ar\/web\/wp-json\/wp\/v2\/tags?post=6150"}],"curies":[{"name":"wp","href":"https:\/\/api.w.org\/{rel}","templated":true}]}}