{"id":6146,"date":"2026-01-27T11:27:37","date_gmt":"2026-01-27T14:27:37","guid":{"rendered":"https:\/\/elpueblonoticia.com.ar\/web\/?p=6146"},"modified":"2026-01-27T11:27:37","modified_gmt":"2026-01-27T14:27:37","slug":"jp-valdes-sobre-el-cierre-de-alal-hay-cuestiones-de-costos-que-hacen-inviable-la-competencia","status":"publish","type":"post","link":"https:\/\/elpueblonoticia.com.ar\/web\/2026\/01\/27\/jp-valdes-sobre-el-cierre-de-alal-hay-cuestiones-de-costos-que-hacen-inviable-la-competencia\/","title":{"rendered":"JP Vald\u00e9s sobre el cierre de ALAL: &#8220;Hay cuestiones de costos que hacen inviable la competencia&#8221;"},"content":{"rendered":"<p>crisis por pol\u00edticas nacionales:<\/p>\n<p>El gobernador Juan Pablo Vald\u00e9z en di\u00e1logo con la prensa se refiri\u00f3 al cierre de la Hilander\u00eda Alal y sostuvo que hay preocupaci\u00f3n por el impacto de las pol\u00edticas nacionales en el sector productivo y un consumo interno que se encuentra frenado. Destac\u00f3 el trabajo en temas clave para la provincia, incluyendo infraestructuras y reuniones con jefes comunales.<\/p>\n<p>El gobernador de la provincia, Juan Pablo Vald\u00e9s en di\u00e1logo con la prensa, se refiri\u00f3 al cierre definitivo de las plantas de hilados y telas de la firma Emilio Alal SACIFI. &#8220;Es una situaci\u00f3n compleja,\u00a0<strong>nosotros conversamos y vimos todo lo que se puede hacer, y lo hicimos.<\/strong>\u00a0El empresario tambi\u00e9n ha invertido, ha tomado cr\u00e9ditos apoyados por el Gobierno de la provincia para tecnificar, para modernizar, pero hoy hay cuestiones de costos que hacen inviable la competencia y, sobre todo, como muy bien marcaba la empresa, es dif\u00edcil sostener una empresa cuando no hay ventas. La falta de consumo que est\u00e1 atravesando en este momento la Argentina, hace que sea muy dif\u00edcil seguir sosteniendo la empresa&#8221;.<\/p>\n<p>&#8220;Por otro lado, p<strong>edimos una audiencia con el ministro de econom\u00eda, Caputo y que se estar\u00eda dando entre el 9 y el 13 de febrero,<\/strong>\u00a0donde estar\u00edamos planteando estas cuestiones, justamente&#8221;, anticip\u00f3 el Gobernador.<\/p>\n<p>Asimismo Vald\u00e9s indic\u00f3 que est\u00e1 complicado poder auxiliar a la empresa, &#8220;la p\u00e9rdida alcanza los novecientos millones mensuales, entonces, no hay auxilio posible, en principio, porque<strong>\u00a0la p\u00e9rdida supera ampliamente cualquier tipo de ayuda financiera<\/strong>&#8220;.<\/p>\n<p>En este contexto, se\u00f1al\u00f3 que se est\u00e1 trabajando en c\u00f3mo colaborar para que los productores sean m\u00e1s competitivos. &#8220;Lo que m\u00e1s piden es la salida de la producci\u00f3n, porque<strong>\u00a0nos est\u00e1 resultando muy dif\u00edcil competir con lo que ingresa desde el exterior<\/strong>&#8220;, expres\u00f3.<\/p>\n<h2>Sectores de la industria y pol\u00edticas nacionales<\/h2>\n<p>Consultado sobre c\u00f3mo se encuentra el sector de la industria, Juan Pablo Vald\u00e9s expres\u00f3 &#8220;el fin de semana estuvimos recorriendo la industria yerbatera, la industria forestal, la industria ganadera, y obviamente que hay preocupaci\u00f3n porque empieza a colapsar el sector. La industria forestal produce a gran escala pero el consumo el consumo interno se encuentra detenido, parece que la suerte est\u00e1 echada en la apertura de nuevos mercados, y esas aperturas hoy con las competencias, la verdad que se vuelve dif\u00edcil&#8221;.<\/p>\n<p>&#8220;Muchas veces termina siendo m\u00e1s costoso comprar un producto hecho en Argentina que un producto importado, muchas veces producto de esa importaci\u00f3n. Entonces, nos est\u00e1 resultando dif\u00edcil competir, y es algo en lo que nosotros tenemos que trabajar&#8221;.<\/p>\n<h2>Finanzas del Gobierno provincial<\/h2>\n<p>Juan Pablo Vald\u00e9s sostuvo que los n\u00fameros del arca provincial &#8220;est\u00e1n equilibrados, venimos trabajando en cumplir con nuestros compromisos, en atender la agenda social, atender la infraestructura, que, obviamente, las obras tienen un ralent\u00ed, pero se viene desarrollando todo con total normalidad&#8221;.<\/p>\n<p>Consultado sobre las mejoras salariales, el gobernador Vald\u00e9s indic\u00f3 que el tema se est\u00e1 trabajando, aunque reconoci\u00f3 que la situaci\u00f3n es compleja debido a la ca\u00edda de la coparticipaci\u00f3n. Sobre este punto, detall\u00f3 que la deuda estimada con la caja previsional ronda los 200 mil millones de pesos que se adeudan, m\u00e1s otros 50 mil millones de los cuales solo se pag\u00f3 una parte. Adem\u00e1s, inform\u00f3 que se realizaron reclamos judiciales por regal\u00edas.<\/p>\n<p>Adelant\u00f3 que en febrero se llevar\u00e1 adelante una auditor\u00eda para avanzar en la compensaci\u00f3n de las cajas previsionales de aqu\u00ed en adelante, aunque remarc\u00f3 que a\u00fan falta resolver el flujo de caja correspondiente a la deuda pendiente que mantiene la Naci\u00f3n.<\/p>\n<h2>Obras p\u00fablicas<\/h2>\n<p>En materia de obras, Vald\u00e9s se\u00f1al\u00f3 que se est\u00e1 trabajando para aliviar la cuenca de San Luis del Palmar, con tareas de desag\u00fces en Corrientes mediante nuevos canales y rutas con trazas renovadas para mejorar el drenaje de la ciudad. Tambi\u00e9n anunci\u00f3 que se realizar\u00e1 la licitaci\u00f3n del nuevo desag\u00fce de Camba Cu\u00e1, con el objetivo de mitigar los efectos de las lluvias en esa zona de la capital, adem\u00e1s de intervenciones en caminos productivos junto a Vialidad Provincial.<\/p>\n<p>Respecto a San Luis, el mandatario afirm\u00f3 que la situaci\u00f3n sigue siendo compleja, ya que el riachuelo a\u00fan no alcanza su nivel normal pese a que hace varios d\u00edas no llueve. En ese marco, indic\u00f3 que se est\u00e1 acompa\u00f1ando a las localidades de San Roque y Santa Luc\u00eda, con el trabajo conjunto de las intendencias y los ministerios de Desarrollo y Obras P\u00fablicas.<\/p>\n<h2>Reuni\u00f3n con jefes comunales<\/h2>\n<p>&#8220;Seguimos atendiendo tambi\u00e9n los temas del interior, recibiendo a los diferentes jefes comunales, viendo c\u00f3mo vamos a organizar el a\u00f1o, teniendo primeros encuentros, organiz\u00e1ndonos&#8221;, indic\u00f3 el Gobernador. &#8220;Muchas veces aportando soluciones a algunos temas que son cruciales para los distintos intendentes y municipios&#8221;.<\/p>\n","protected":false},"excerpt":{"rendered":"<p>crisis por pol\u00edticas nacionales: El gobernador Juan Pablo Vald\u00e9z en di\u00e1logo con la prensa se refiri\u00f3 al cierre de la Hilander\u00eda Alal y sostuvo que hay preocupaci\u00f3n por el impacto de las pol\u00edticas nacionales en el sector productivo y un consumo interno que se encuentra frenado. Destac\u00f3 el trabajo en temas clave para la provincia, [&hellip;]<\/p>\n","protected":false},"author":2,"featured_media":6147,"comment_status":"open","ping_status":"open","sticky":false,"template":"","format":"standard","meta":{"footnotes":""},"categories":[66],"tags":[],"class_list":{"0":"post-6146","1":"post","2":"type-post","3":"status-publish","4":"format-standard","5":"has-post-thumbnail","7":"category-politica-nacionales"},"_links":{"self":[{"href":"https:\/\/elpueblonoticia.com.ar\/web\/wp-json\/wp\/v2\/posts\/6146","targetHints":{"allow":["GET"]}}],"collection":[{"href":"https:\/\/elpueblonoticia.com.ar\/web\/wp-json\/wp\/v2\/posts"}],"about":[{"href":"https:\/\/elpueblonoticia.com.ar\/web\/wp-json\/wp\/v2\/types\/post"}],"author":[{"embeddable":true,"href":"https:\/\/elpueblonoticia.com.ar\/web\/wp-json\/wp\/v2\/users\/2"}],"replies":[{"embeddable":true,"href":"https:\/\/elpueblonoticia.com.ar\/web\/wp-json\/wp\/v2\/comments?post=6146"}],"version-history":[{"count":1,"href":"https:\/\/elpueblonoticia.com.ar\/web\/wp-json\/wp\/v2\/posts\/6146\/revisions"}],"predecessor-version":[{"id":6148,"href":"https:\/\/elpueblonoticia.com.ar\/web\/wp-json\/wp\/v2\/posts\/6146\/revisions\/6148"}],"wp:featuredmedia":[{"embeddable":true,"href":"https:\/\/elpueblonoticia.com.ar\/web\/wp-json\/wp\/v2\/media\/6147"}],"wp:attachment":[{"href":"https:\/\/elpueblonoticia.com.ar\/web\/wp-json\/wp\/v2\/media?parent=6146"}],"wp:term":[{"taxonomy":"category","embeddable":true,"href":"https:\/\/elpueblonoticia.com.ar\/web\/wp-json\/wp\/v2\/categories?post=6146"},{"taxonomy":"post_tag","embeddable":true,"href":"https:\/\/elpueblonoticia.com.ar\/web\/wp-json\/wp\/v2\/tags?post=6146"}],"curies":[{"name":"wp","href":"https:\/\/api.w.org\/{rel}","templated":true}]}}