{"id":6138,"date":"2026-01-27T10:34:09","date_gmt":"2026-01-27T13:34:09","guid":{"rendered":"https:\/\/elpueblonoticia.com.ar\/web\/?p=6138"},"modified":"2026-01-27T10:34:09","modified_gmt":"2026-01-27T13:34:09","slug":"river-anuncio-una-ampliacion-para-el-monumental-tendra-capacidad-para-101-000-personas","status":"publish","type":"post","link":"https:\/\/elpueblonoticia.com.ar\/web\/2026\/01\/27\/river-anuncio-una-ampliacion-para-el-monumental-tendra-capacidad-para-101-000-personas\/","title":{"rendered":"River anunci\u00f3 una ampliaci\u00f3n para el Monumental: tendr\u00e1 capacidad para 101.000 personas"},"content":{"rendered":"<p>El presidente de River, Stefano Di Carlo, detall\u00f3 la remodelaci\u00f3n que forma parte de sus principales objetivos de gesti\u00f3n.<\/p>\n<article class=\"articulo\" data-id=\"6978a718d5c7b00014d46650\">\n<div class=\"articulo__container\">\n<div class=\"articulo__body\">\n<div class=\"articulo__cuerpo\">\n<p><strong>River Plate <\/strong>remodelar\u00e1 el\u00a0<strong>Monumental\u00a0<\/strong>para elevar su capacidad a\u00a0<strong>101.000 espectadores<\/strong>\u00a0y poder contar con tribunas completamente techadas.\u00a0El proyecto, anunciado por el presidente del club, Stefano Di Carlo, ubicar\u00e1 al estadio entre los tres m\u00e1s importantes del mundo.<\/p>\n<div class=\"container-spot\" data-tipo=\"tipo_todo\" data-pos=\"NEW_P1_cuerpo\">\n<div class=\"gpt-load\" data-gpt=\"\/22675780113\/nota\/new_p1_cuerpo\" data-size=\"[[728, 90]]\" data-gpt-mobile=\"\/22675780113\/nota\/new_p1_cuerpo\" data-size-mobile=\"[[320, 100],[300, 250],[300, 100],[300, 50]]\"><\/div>\n<\/div>\n<p>En declaraciones a\u00a0<em>El Pa\u00eds<\/em>, Di Carlo se\u00f1al\u00f3 que la remodelaci\u00f3n es uno de los principales\u00a0<strong>objetivos de su gesti\u00f3n<\/strong>. \u201cRiver demuestra que con inteligencia, foco, esfuerzo, trabajo y previsibilidad podemos crecer al nivel de los equipos m\u00e1s grandes del mundo\u201d, indic\u00f3.<\/p>\n<h2 class=\"h2\">Detalles de la obra<\/h2>\n<p>La ampliaci\u00f3n comenzar\u00e1 en\u00a0<strong>mayo<\/strong>, durante el parate por el Mundial que se realizar\u00e1 en Estados Unidos, M\u00e9xico y Canad\u00e1. Durante ese per\u00edodo se concentrar\u00e1n los trabajos m\u00e1s complejos para que el estadio pueda seguir funcionando como local durante la temporada.<\/p>\n<div class=\"container-spot\" data-tipo=\"tipo_todo\" data-pos=\"NEW_P2_cuerpo\">\n<div class=\"gpt-load\" data-gpt=\"\/22675780113\/nota\/new_p2_cuerpo\" data-size=\"[[728, 90]]\" data-gpt-mobile=\"\/22675780113\/nota\/new_p2_cuerpo\" data-size-mobile=\"[[320, 100],[320, 50],[300, 600],[300, 250],[300, 100],[300, 50]]\"><\/div>\n<\/div>\n<p>El proyecto incluye:<\/p>\n<ul>\n<li>Construcci\u00f3n de un\u00a0<strong>nuevo anillo superior<\/strong>, que incrementar\u00e1 la capacidad a 101.000 espectadores, consolidando al Monumental como el estadio m\u00e1s grande de Sudam\u00e9rica.<\/li>\n<li>Colocaci\u00f3n de un\u00a0<strong>techo que cubrir\u00e1 todas las tribunas<\/strong>, sin afectar el campo de juego, por consideraciones de mantenimiento del c\u00e9sped.<\/li>\n<li>Instalaci\u00f3n de aproximadamente\u00a0<strong>100 columnas<\/strong>\u00a0que sostendr\u00e1n la nueva estructura y permitir\u00e1n la construcci\u00f3n del anillo y el techo.<\/li>\n<\/ul>\n<p>La obra, cuya inversi\u00f3n rondar\u00eda los\u00a0<strong>100 millones de d\u00f3lares<\/strong>, busca combinar modernizaci\u00f3n y seguridad para los espectadores.<\/p>\n<h2 class=\"h2\">Cronograma previsto<\/h2>\n<p>La dirigencia tiene previsto anunciar formalmente la obra en los pr\u00f3ximos d\u00edas. Los trabajos se iniciar\u00e1n una vez finalizada la participaci\u00f3n del equipo en la\u00a0<strong>fase de grupos de la Copa Sudamericana<\/strong>\u00a0y en el\u00a0<strong>Torneo Apertura<\/strong>, buscando minimizar las interrupciones para los hinchas.<\/p>\n<div class=\"container-spot\" data-tipo=\"tipo_todo\" data-pos=\"NEW_P3_cuerpo\">\n<div class=\"gpt-load\" data-gpt=\"\/22675780113\/nota\/new_p3_cuerpo\" data-size=\"[[728, 90]]\" data-gpt-mobile=\"\/22675780113\/nota\/new_p3_cuerpo\" data-size-mobile=\"[[320, 100],[320, 50],[300, 250],[300, 100],[300, 50]]\"><\/div>\n<\/div>\n<p>Con esta remodelaci\u00f3n, el Monumental no solo aumentar\u00e1 su capacidad, sino que se consolidar\u00e1 como un referente a nivel mundial por infraestructura.<\/p>\n<p><em>Con informaci\u00f3n de TyC Sports.<\/em><\/p>\n<\/div>\n<\/div>\n<\/div>\n<\/article>\n","protected":false},"excerpt":{"rendered":"<p>El presidente de River, Stefano Di Carlo, detall\u00f3 la remodelaci\u00f3n que forma parte de sus principales objetivos de gesti\u00f3n. River Plate remodelar\u00e1 el\u00a0Monumental\u00a0para elevar su capacidad a\u00a0101.000 espectadores\u00a0y poder contar con tribunas completamente techadas.\u00a0El proyecto, anunciado por el presidente del club, Stefano Di Carlo, ubicar\u00e1 al estadio entre los tres m\u00e1s importantes del mundo. En [&hellip;]<\/p>\n","protected":false},"author":2,"featured_media":6139,"comment_status":"open","ping_status":"open","sticky":false,"template":"","format":"standard","meta":{"footnotes":""},"categories":[76],"tags":[],"class_list":{"0":"post-6138","1":"post","2":"type-post","3":"status-publish","4":"format-standard","5":"has-post-thumbnail","7":"category-deportes"},"_links":{"self":[{"href":"https:\/\/elpueblonoticia.com.ar\/web\/wp-json\/wp\/v2\/posts\/6138","targetHints":{"allow":["GET"]}}],"collection":[{"href":"https:\/\/elpueblonoticia.com.ar\/web\/wp-json\/wp\/v2\/posts"}],"about":[{"href":"https:\/\/elpueblonoticia.com.ar\/web\/wp-json\/wp\/v2\/types\/post"}],"author":[{"embeddable":true,"href":"https:\/\/elpueblonoticia.com.ar\/web\/wp-json\/wp\/v2\/users\/2"}],"replies":[{"embeddable":true,"href":"https:\/\/elpueblonoticia.com.ar\/web\/wp-json\/wp\/v2\/comments?post=6138"}],"version-history":[{"count":1,"href":"https:\/\/elpueblonoticia.com.ar\/web\/wp-json\/wp\/v2\/posts\/6138\/revisions"}],"predecessor-version":[{"id":6140,"href":"https:\/\/elpueblonoticia.com.ar\/web\/wp-json\/wp\/v2\/posts\/6138\/revisions\/6140"}],"wp:featuredmedia":[{"embeddable":true,"href":"https:\/\/elpueblonoticia.com.ar\/web\/wp-json\/wp\/v2\/media\/6139"}],"wp:attachment":[{"href":"https:\/\/elpueblonoticia.com.ar\/web\/wp-json\/wp\/v2\/media?parent=6138"}],"wp:term":[{"taxonomy":"category","embeddable":true,"href":"https:\/\/elpueblonoticia.com.ar\/web\/wp-json\/wp\/v2\/categories?post=6138"},{"taxonomy":"post_tag","embeddable":true,"href":"https:\/\/elpueblonoticia.com.ar\/web\/wp-json\/wp\/v2\/tags?post=6138"}],"curies":[{"name":"wp","href":"https:\/\/api.w.org\/{rel}","templated":true}]}}