{"id":6134,"date":"2026-01-27T10:30:17","date_gmt":"2026-01-27T13:30:17","guid":{"rendered":"https:\/\/elpueblonoticia.com.ar\/web\/?p=6134"},"modified":"2026-01-27T10:30:17","modified_gmt":"2026-01-27T13:30:17","slug":"los-gobiernos-municipal-y-provincial-realizan-gestiones-para-encontrar-una-solucion-a-la-empresa-alal-sacific","status":"publish","type":"post","link":"https:\/\/elpueblonoticia.com.ar\/web\/2026\/01\/27\/los-gobiernos-municipal-y-provincial-realizan-gestiones-para-encontrar-una-solucion-a-la-empresa-alal-sacific\/","title":{"rendered":"LOS GOBIERNOS MUNICIPAL Y PROVINCIAL REALIZAN GESTIONES PARA ENCONTRAR UNA SOLUCI\u00d3N A LA EMPRESA ALAL SACIFIC"},"content":{"rendered":"<p class=\"x_MsoNormal\"><span lang=\"ES\" data-olk-copy-source=\"MessageBody\">Los Gobiernos de la Provincia y Municipal, a trav\u00e9s del Gobernador Juan Pablo Vald\u00e9s y el Intendente Mariano Hormaechea, realizan gestiones ante funcionarios nacionales solicitando audiencias para intentar encontrar una soluci\u00f3n a la situaci\u00f3n en\u00a0 la Hilander\u00eda Alal.<\/span><\/p>\n<p class=\"x_MsoNormal\"><span lang=\"ES\">En el d\u00eda del lunes la mencionada empresa, por medio de los telegramas correspondientes, notific\u00f3 a unos 260 operarios, el respectivo despido, afectando a igual n\u00famero de familias de la ciudad de Goya, causando un fuerte impacto en la ciudad.<\/span><\/p>\n<p class=\"x_MsoNormal\"><span lang=\"ES\">Esta decisi\u00f3n por parte de los empresarios de Goya, obedece a las medidas llevadas adelante por el Gobierno Nacional, una pol\u00edtica en detrimento de las industrias en el pa\u00eds, esta es una empresa m\u00e1s que se ve obligada a cerrar, como producto de la ca\u00edda en las ventas del rubro textil, la decisi\u00f3n de permitir la importaci\u00f3n, situaciones que llevan a afrontar con dificultad la operatividad de la firma mencionada, haciendo insostenible incluso el pago de los servicios de la energ\u00eda el\u00e9ctrica<\/span><\/p>\n<p class=\"x_MsoNormal\"><span lang=\"ES\">Tomando conocimiento el Intendente Mariano Hormaechea, en horas de la ma\u00f1ana, a partir del comunicado emitido por la Empresa Alal, y los respectivos telegramas de despido recibido por los empleados de la firma, se comunic\u00f3 con el Gobernador Juan Pablo Vald\u00e9s, quien al igual que el Jefe Comunal goyano se encuentra preocupado ante esta realidad, de all\u00ed gestionan audiencia de forma inmediata con los funcionarios del Gobierno Nacional de esa \u00e1rea para encontrar una soluci\u00f3n a este acontecimiento.<\/span><\/p>\n<p class=\"x_MsoNormal\"><span lang=\"ES\">Vale recordar que durante la gesti\u00f3n al frente del Gobierno Provincial de Gustavo Vald\u00e9s, se otorg\u00f3 un cr\u00e9dito a tasa cero, para el funcionamiento de la industria, pero ante la crisis por las pol\u00edticas implementadas desde el Gobierno Nacional, hizo que se agudizara la crisis, llevando a los due\u00f1os de la firma a tomar esta decisi\u00f3n de cierre de la Hilander\u00eda.<\/span><\/p>\n<p class=\"x_MsoNormal\"><span lang=\"ES\">Ante estos hechos de dominio p\u00fablico y tomando el conocimiento de la situaci\u00f3n surge de manera inmediata primero la comunicaci\u00f3n del Intendente Mariano Hormaechea con el Gobernador de la Provincia Juan Pablo Vald\u00e9s, para gestionar de manera urgente una audiencia con\u00a0 funcionarios nacionales del \u00e1rea correspondiente, con el prop\u00f3sito de buscar una soluci\u00f3n a la situaci\u00f3n, teniendo en cuenta al fuerte impacto a la econom\u00eda local, no solo de las 260 familias directamente afectadas, sino en toda el \u00e1mbito de la ciudad.<\/span><\/p>\n<p class=\"x_MsoNormal\"><span lang=\"ES\">El Intendente Mariano Hormaechea tom\u00f3 contacto con los due\u00f1os de la empresa para interiorizarse de la situaci\u00f3n, para conocer las causales que llevaron a esta decisi\u00f3n, poniendo en conocimientos las gestiones a realizar desde la Municipalidad junto al Gobierno de la Provincia, quedando a disposici\u00f3n de los directivos de la referida hilander\u00eda, remarcado por el fuerte impacto que causar\u00e1 esta determinaci\u00f3n en la econom\u00eda local.<\/span><\/p>\n","protected":false},"excerpt":{"rendered":"<p>Los Gobiernos de la Provincia y Municipal, a trav\u00e9s del Gobernador Juan Pablo Vald\u00e9s y el Intendente Mariano Hormaechea, realizan gestiones ante funcionarios nacionales solicitando audiencias para intentar encontrar una soluci\u00f3n a la situaci\u00f3n en\u00a0 la Hilander\u00eda Alal. En el d\u00eda del lunes la mencionada empresa, por medio de los telegramas correspondientes, notific\u00f3 a unos [&hellip;]<\/p>\n","protected":false},"author":2,"featured_media":6135,"comment_status":"open","ping_status":"open","sticky":false,"template":"","format":"standard","meta":{"footnotes":""},"categories":[56],"tags":[],"class_list":{"0":"post-6134","1":"post","2":"type-post","3":"status-publish","4":"format-standard","5":"has-post-thumbnail","7":"category-locales"},"_links":{"self":[{"href":"https:\/\/elpueblonoticia.com.ar\/web\/wp-json\/wp\/v2\/posts\/6134","targetHints":{"allow":["GET"]}}],"collection":[{"href":"https:\/\/elpueblonoticia.com.ar\/web\/wp-json\/wp\/v2\/posts"}],"about":[{"href":"https:\/\/elpueblonoticia.com.ar\/web\/wp-json\/wp\/v2\/types\/post"}],"author":[{"embeddable":true,"href":"https:\/\/elpueblonoticia.com.ar\/web\/wp-json\/wp\/v2\/users\/2"}],"replies":[{"embeddable":true,"href":"https:\/\/elpueblonoticia.com.ar\/web\/wp-json\/wp\/v2\/comments?post=6134"}],"version-history":[{"count":1,"href":"https:\/\/elpueblonoticia.com.ar\/web\/wp-json\/wp\/v2\/posts\/6134\/revisions"}],"predecessor-version":[{"id":6136,"href":"https:\/\/elpueblonoticia.com.ar\/web\/wp-json\/wp\/v2\/posts\/6134\/revisions\/6136"}],"wp:featuredmedia":[{"embeddable":true,"href":"https:\/\/elpueblonoticia.com.ar\/web\/wp-json\/wp\/v2\/media\/6135"}],"wp:attachment":[{"href":"https:\/\/elpueblonoticia.com.ar\/web\/wp-json\/wp\/v2\/media?parent=6134"}],"wp:term":[{"taxonomy":"category","embeddable":true,"href":"https:\/\/elpueblonoticia.com.ar\/web\/wp-json\/wp\/v2\/categories?post=6134"},{"taxonomy":"post_tag","embeddable":true,"href":"https:\/\/elpueblonoticia.com.ar\/web\/wp-json\/wp\/v2\/tags?post=6134"}],"curies":[{"name":"wp","href":"https:\/\/api.w.org\/{rel}","templated":true}]}}