{"id":6130,"date":"2026-01-27T10:23:26","date_gmt":"2026-01-27T13:23:26","guid":{"rendered":"https:\/\/elpueblonoticia.com.ar\/web\/?p=6130"},"modified":"2026-01-27T10:23:26","modified_gmt":"2026-01-27T13:23:26","slug":"carnaval-de-corrientes-2026-calendario-completo-y-como-conseguir-entradas","status":"publish","type":"post","link":"https:\/\/elpueblonoticia.com.ar\/web\/2026\/01\/27\/carnaval-de-corrientes-2026-calendario-completo-y-como-conseguir-entradas\/","title":{"rendered":"Carnaval de Corrientes 2026: calendario completo y c\u00f3mo conseguir entradas"},"content":{"rendered":"<p>Tendr\u00e1 diez noches de desfiles en el Cors\u00f3dromo Nolo Al\u00edas y una programaci\u00f3n que incluye shows de comparsas, duelo de bater\u00edas y la elecci\u00f3n de embajadores.<\/p>\n<p>EL <strong>Carnaval de Corrientes 2026<\/strong>\u00a0ya tiene fechas, sedes y modalidad de venta de entradas confirmadas. La celebraci\u00f3n se extender\u00e1 del 31 de enero al 28 de febrero, con un total de diez noches de desfiles en el<strong>\u00a0Cors\u00f3dromo Nolo Al\u00edas<\/strong>, adem\u00e1s de actividades complementarias en distintos puntos de la ciudad.<\/p>\n<div class=\"container-spot\" data-tipo=\"tipo_todo\" data-pos=\"NEW_P1_cuerpo\">\n<div class=\"gpt-load\" data-gpt=\"\/22675780113\/nota\/new_p1_cuerpo\" data-size=\"[[728, 90]]\" data-gpt-mobile=\"\/22675780113\/nota\/new_p1_cuerpo\" data-size-mobile=\"[[320, 100],[300, 250],[300, 100],[300, 50]]\"><\/div>\n<\/div>\n<p>La capital correntina, reconocida como Capital Nacional del Carnaval, volver\u00e1 a ser escenario de una agenda que combina espect\u00e1culos de comparsas, competencias de bater\u00edas y eventos especiales, con convocatoria de p\u00fablico local y visitantes de otras provincias.<\/p>\n<h2 class=\"h2\">Calendario del Carnaval de Corrientes 2026<\/h2>\n<p>La organizaci\u00f3n confirm\u00f3 el siguiente cronograma oficial:<\/p>\n<div class=\"container-spot\" data-tipo=\"tipo_todo\" data-pos=\"NEW_P2_cuerpo\">\n<div class=\"gpt-load\" data-gpt=\"\/22675780113\/nota\/new_p2_cuerpo\" data-size=\"[[728, 90]]\" data-gpt-mobile=\"\/22675780113\/nota\/new_p2_cuerpo\" data-size-mobile=\"[[320, 100],[320, 50],[300, 600],[300, 250],[300, 100],[300, 50]]\"><\/div>\n<\/div>\n<ul>\n<li><strong>Desfiles en el Cors\u00f3dromo Nolo Al\u00edas:<\/strong>\u00a0del 31 de enero al 28 de febrero (10 noches).<\/li>\n<li><strong>Shows de comparsas:<\/strong>\u00a04, 8 y 11 de febrero, en el Anfiteatro Mario del Tr\u00e1nsito Cocomarola.<\/li>\n<li><strong>Duelo de Bater\u00edas:<\/strong>\u00a022 de febrero, en el Parque Camb\u00e1 Cu\u00e1.<\/li>\n<li><strong>Elecci\u00f3n de Embajadores del Carnaval:<\/strong>\u00a026 de febrero, con lugar a confirmar.<\/li>\n<\/ul>\n<p>&nbsp;<\/p>\n<div class=\"fixed-container direction-center\"><img decoding=\"async\" class=\"i-amphtml-fill-content i-amphtml-replaced-content\" title=\"Carnaval de Corrientes 2026: calendario completo y c\u00f3mo conseguir entradas -\" src=\"https:\/\/pxcdn.ellitoral.com.ar\/litoral\/012026\/1769513917811.jpeg?cw=446\" alt=\"Carnaval de Corrientes 2026: calendario completo y c\u00f3mo conseguir entradas \" \/><\/div>\n<p>&nbsp;<\/p>\n<h2 class=\"h2\">Horarios y acceso al cors\u00f3dromo<\/h2>\n<p>Los desfiles principales del Carnaval de Corrientes 2026 se desarrollar\u00e1n en<strong>\u00a0horario nocturno.<\/strong>\u00a0Las actividades previas comienzan alrededor de las\u00a0<strong>20,\u00a0<\/strong>mientras que el inicio de los desfiles est\u00e1 previsto para las\u00a0<strong>22<\/strong>.<\/p>\n<div class=\"container-spot\" data-tipo=\"tipo_todo\" data-pos=\"NEW_P3_cuerpo\">\n<div class=\"gpt-load\" data-gpt=\"\/22675780113\/nota\/new_p3_cuerpo\" data-size=\"[[728, 90]]\" data-gpt-mobile=\"\/22675780113\/nota\/new_p3_cuerpo\" data-size-mobile=\"[[320, 100],[320, 50],[300, 250],[300, 100],[300, 50]]\"><\/div>\n<\/div>\n<p>Desde la organizaci\u00f3n recomiendan asistir con anticipaci\u00f3n para evitar demoras, especialmente durante el fin de semana largo de Carnaval. No est\u00e1 permitido el ingreso con nieves, bebidas ni comidas.<\/p>\n<h2 class=\"h2\">Entradas: precios y sectores<\/h2>\n<p>La venta de entradas est\u00e1 a cargo de la ticketera\u00a0<a class=\"link\" href=\"https:\/\/norteticket.com\/CARNAVAL-PROVINCIAL-DE-CORRIENTES-2026\/\" target=\"_blank\" rel=\"noopener\"><strong>Norte Ticket<\/strong>.\u00a0<\/a>Los valores var\u00edan seg\u00fan la ubicaci\u00f3n y la fecha del desfile, y se incrementan hacia el cierre del calendario. A los precios base se les suma el recargo por servicio.<\/p>\n<div class=\"container-spot\" data-tipo=\"tipo_todo\" data-pos=\"NEW_P4_cuerpo\">\n<div class=\"gpt-load\" data-gpt=\"\/22675780113\/nota\/new_p4_cuerpo\" data-size=\"[[728, 90]]\" data-gpt-mobile=\"\/22675780113\/nota\/new_p4_cuerpo\" data-size-mobile=\"[[300, 600],[300, 250],[300, 100],[300, 50],[320, 100],[320, 50]]\"><\/div>\n<\/div>\n<ul>\n<li><strong>Sectores vip:<\/strong>\u00a0hasta 40.000 pesos.<\/li>\n<li><strong>Tribunas m\u00e1s accesibles:<\/strong>\u00a0desde 7.500 pesos en la primera noche (el mismo sector alcanza los\u00a0<strong>15.000 pesos<\/strong>\u00a0en la \u00faltima jornada).<\/li>\n<\/ul>\n<p>Las tribunas pares tienen ingreso por\u00a0<strong>Perich\u00f3n<\/strong>\u00a0y las impares por\u00a0<strong>Avenida Aeropuerto<\/strong>. Toda persona que ocupe una butaca numerada debe abonar entrada, con excepci\u00f3n de los menores de 6 a\u00f1os.<\/p>\n<h2 class=\"h2\">D\u00f3nde comprar<\/h2>\n<p>Las entradas para el Carnaval de Corrientes 2026 se pueden adquirir por dos v\u00edas:<\/p>\n<div class=\"container-spot\" data-tipo=\"tipo_todo\" data-pos=\"NEW_P5_cuerpo\">\n<div class=\"gpt-load\" data-gpt=\"\/22675780113\/nota\/new_p5_cuerpo\" data-size=\"[[728, 90]]\" data-gpt-mobile=\"\/22675780113\/nota\/new_p5_cuerpo\" data-size-mobile=\"[[300, 250],[300, 100],[300, 50]]\"><\/div>\n<\/div>\n<ul>\n<li><strong>Venta presencial:<\/strong>\u00a0de 13 a 21, en el\u00a0<strong>Centenario Shopping<\/strong>\u00a0(el pago es \u00fanicamente en\u00a0<strong>efectivo<\/strong>).<\/li>\n<li><strong>Venta online:<\/strong>\u00a0a trav\u00e9s de la p\u00e1gina de\u00a0<a class=\"link\" href=\"https:\/\/norteticket.com\/CARNAVAL-PROVINCIAL-DE-CORRIENTES-2026\/\" target=\"_blank\" rel=\"noopener\">Norte Ticket<\/a>, en el apartado \u201cCarnaval Provincial de Corrientes 2026\u201d.<\/li>\n<\/ul>\n<p>Est\u00e1n habilitados los pagos con tarjetas Visa, Mastercard, NaranjaX, Amex, Cabal y MercadoPago.<\/p>\n<p>Una vez finalizada la compra, el sistema env\u00eda las entradas digitales por\u00a0<strong>correo electr\u00f3nico<\/strong>, que tambi\u00e9n pueden visualizarse desde la aplicaci\u00f3n\u00a0NorteTicket Wallet.<\/p>\n<div class=\"container-spot\" data-tipo=\"tipo_todo\" data-pos=\"NEW_P6_cuerpo\">\n<div class=\"gpt-load\" data-gpt=\"\/22675780113\/nota\/new_p6_cuerpo\" data-size=\"[[728, 90]]\" data-gpt-mobile=\"\/22675780113\/nota\/new_p6_cuerpo\" data-size-mobile=\"[[300, 600],[300, 250],[300, 100],[300, 50]]\"><\/div>\n<\/div>\n<p>&nbsp;<\/p>\n<div class=\"fixed-container direction-center\"><img decoding=\"async\" class=\"i-amphtml-fill-content i-amphtml-replaced-content\" title=\"Carnaval de Corrientes 2026: calendario completo y c\u00f3mo conseguir entradas -\" src=\"https:\/\/pxcdn.ellitoral.com.ar\/litoral\/012026\/1769513597965.jpg?cw=807\" alt=\"Carnaval de Corrientes 2026: calendario completo y c\u00f3mo conseguir entradas \" \/><\/div>\n<p>&nbsp;<\/p>\n<h2 class=\"h2\">C\u00f3mo comprar comida y bebidas en el predio<\/h2>\n<p>Dentro del\u00a0<strong>predio del Carnaval<\/strong>, el \u00fanico medio de pago para la compra de alimentos, bebidas y merchandising ser\u00e1 la\u00a0<strong>tarjeta GoPal Cashless<\/strong>, un sistema recargable que se podr\u00e1 utilizar durante todas las fechas del evento.<\/p>\n<div class=\"container-spot\" data-tipo=\"tipo_todo\" data-pos=\"NEW_P7_cuerpo\">\n<div class=\"gpt-load\" data-gpt=\"\/22675780113\/nota\/new_p7_cuerpo\" data-size=\"[[728, 90]]\" data-gpt-mobile=\"\/22675780113\/nota\/new_p7_cuerpo\" data-size-mobile=\"[[300, 250],[300, 100],[300, 50]]\"><\/div>\n<\/div>\n<p>Las tarjetas del a\u00f1o pasado<strong>\u00a0podr\u00e1n volver a usarse, pero no conservar\u00e1n el saldo<\/strong>\u00a0anterior. Habr\u00e1 puntos dentro del cors\u00f3dromo para habilitar las recargas.<\/p>\n<p>En caso de que quede saldo sin utilizar, los usuarios podr\u00e1n solicitar su\u00a0<strong>devoluci\u00f3n<\/strong>\u00a0al finalizar la noche.<\/p>\n","protected":false},"excerpt":{"rendered":"<p>Tendr\u00e1 diez noches de desfiles en el Cors\u00f3dromo Nolo Al\u00edas y una programaci\u00f3n que incluye shows de comparsas, duelo de bater\u00edas y la elecci\u00f3n de embajadores. EL Carnaval de Corrientes 2026\u00a0ya tiene fechas, sedes y modalidad de venta de entradas confirmadas. La celebraci\u00f3n se extender\u00e1 del 31 de enero al 28 de febrero, con un [&hellip;]<\/p>\n","protected":false},"author":2,"featured_media":6131,"comment_status":"open","ping_status":"open","sticky":false,"template":"","format":"standard","meta":{"footnotes":""},"categories":[79],"tags":[],"class_list":{"0":"post-6130","1":"post","2":"type-post","3":"status-publish","4":"format-standard","5":"has-post-thumbnail","7":"category-corrientes"},"_links":{"self":[{"href":"https:\/\/elpueblonoticia.com.ar\/web\/wp-json\/wp\/v2\/posts\/6130","targetHints":{"allow":["GET"]}}],"collection":[{"href":"https:\/\/elpueblonoticia.com.ar\/web\/wp-json\/wp\/v2\/posts"}],"about":[{"href":"https:\/\/elpueblonoticia.com.ar\/web\/wp-json\/wp\/v2\/types\/post"}],"author":[{"embeddable":true,"href":"https:\/\/elpueblonoticia.com.ar\/web\/wp-json\/wp\/v2\/users\/2"}],"replies":[{"embeddable":true,"href":"https:\/\/elpueblonoticia.com.ar\/web\/wp-json\/wp\/v2\/comments?post=6130"}],"version-history":[{"count":1,"href":"https:\/\/elpueblonoticia.com.ar\/web\/wp-json\/wp\/v2\/posts\/6130\/revisions"}],"predecessor-version":[{"id":6132,"href":"https:\/\/elpueblonoticia.com.ar\/web\/wp-json\/wp\/v2\/posts\/6130\/revisions\/6132"}],"wp:featuredmedia":[{"embeddable":true,"href":"https:\/\/elpueblonoticia.com.ar\/web\/wp-json\/wp\/v2\/media\/6131"}],"wp:attachment":[{"href":"https:\/\/elpueblonoticia.com.ar\/web\/wp-json\/wp\/v2\/media?parent=6130"}],"wp:term":[{"taxonomy":"category","embeddable":true,"href":"https:\/\/elpueblonoticia.com.ar\/web\/wp-json\/wp\/v2\/categories?post=6130"},{"taxonomy":"post_tag","embeddable":true,"href":"https:\/\/elpueblonoticia.com.ar\/web\/wp-json\/wp\/v2\/tags?post=6130"}],"curies":[{"name":"wp","href":"https:\/\/api.w.org\/{rel}","templated":true}]}}