{"id":6124,"date":"2026-01-27T10:04:18","date_gmt":"2026-01-27T13:04:18","guid":{"rendered":"https:\/\/elpueblonoticia.com.ar\/web\/?p=6124"},"modified":"2026-01-27T10:04:18","modified_gmt":"2026-01-27T13:04:18","slug":"otra-empresa-textil-en-crisis-por-las-importaciones-140-despidos-y-pagos-de-salarios-en-cuotas","status":"publish","type":"post","link":"https:\/\/elpueblonoticia.com.ar\/web\/2026\/01\/27\/otra-empresa-textil-en-crisis-por-las-importaciones-140-despidos-y-pagos-de-salarios-en-cuotas\/","title":{"rendered":"Otra empresa textil en crisis por las importaciones: 140 despidos y pagos de salarios en cuotas"},"content":{"rendered":"<p>La planta de Parque Chas que produce para las marcas Cocot y Dufour suma dificultades en un contexto negativo para el sector.<\/p>\n<p>&nbsp;<\/p>\n<div>En un marco de crisis en el sector textil, en medio de la apertura de importaciones desde China y la baja del consumo, otra empresa sum\u00f3 dificultades. La firma Eseka S.A., que fabrica para las marcas de lencer\u00eda Cocot y Dufour, enfrenta un conflicto por el despido de 140 empleados en los \u00faltimos dos meses y pagos fraccionados de los salarios.<\/div>\n<div><\/div>\n<div>En la puerta de la planta ubicada en el barrio porte\u00f1o de Parque Chas se vivieron momentos de tensi\u00f3n, con intervenci\u00f3n policial, en virtud de las protestas generadas por la decisi\u00f3n de la empresa de abonar sueldos, aguinaldos y vacaciones en cuotas. Aseguran que esto se da pese a que las l\u00edneas de producci\u00f3n se mantienen operativas las 24 horas.<\/div>\n<div><\/div>\n<div>Infobae se contact\u00f3 con la firma, que prefiri\u00f3 no hacer comentarios sobre la situaci\u00f3n.<\/div>\n<div><\/div>\n<div>Los trabajadores informaron que los sueldos se ubican cerca de los $700.000 por turnos de nueve horas. La demanda principal es la regularizaci\u00f3n urgente de los pagos y el resguardo de la industria nacional.<\/div>\n<p><img decoding=\"async\" id=\"media-0\" class=\"\" src=\"https:\/\/www.infobae.com\/resizer\/v2\/I57Y3I5WANEM3CQ3FHNE6DURYQ.jpg?auth=c899d46b37396bf946c9d02861557d80c437083c2ef795a783d44e48332e1b40&amp;smart=true&amp;width=350&amp;height=403&amp;quality=85\" alt=\"Los trabajadores informaron que los\" width=\"auto\" height=\"1920\" \/><\/p>\n<div><i><b>Los trabajadores informaron que los sueldos se ubican cerca de los $700.000 por turnos de nueve horas<\/b><\/i><\/div>\n<div><\/div>\n<div>Eseka S.A cual produce, vende y distribuye medias de nylon, medias de algod\u00f3n, ropa interior, trajes de ba\u00f1o, pijamer\u00eda, ropa sport y lencer\u00eda para hombre, mujer y ni\u00f1os. De acuerdo a la informaci\u00f3n publicada por la compa\u00f1\u00eda, abastece de manera directa a hipermercados, mayoristas, grandes tiendas, empresas de venta por cat\u00e1logo, a m\u00e1s de 70 locales Cocot Dufour y \u00c1rea Cocot, y a locales multimarca.<\/div>\n<div><\/div>\n<div>Fuentes gremiales afirmaron que la empresa intenta sustituir la producci\u00f3n local por insumos importados desde China, lo que, seg\u00fan advirtieron, agrava la p\u00e9rdida de puestos laborales.<\/div>\n<div>\u201cLa desregulaci\u00f3n del r\u00e9gimen courier, la flexibilizaci\u00f3n aduanera y la falta de controles sobre plataformas digitales abrieron una puerta que China aprovech\u00f3 como ning\u00fan otro pa\u00eds. Hoy, el gigante asi\u00e1tico no solo domina m\u00e1s del 70% del mercado textil importado, sino que tambi\u00e9n est\u00e1 desplazando la producci\u00f3n nacional y el trabajo argentino\u201d, hab\u00edan asegurado desde la Fundaci\u00f3n Pro Tejer en relaci\u00f3n a la competencia china.<\/div>\n<div>Cocot y Dufour promueven retiros voluntarios como mecanismo para seguir disminuyendo una plantilla que hoy cuenta con cerca de 500 trabajadores.<\/div>\n<p><img decoding=\"async\" id=\"media-1\" class=\"\" src=\"https:\/\/www.infobae.com\/resizer\/v2\/WGIUYDSLIRG4HDELQMYPJ3OGYA.jpg?auth=2ce12e3bb593479daf71a78042e829bb5d2c947deed3e6ac111aecf5bac68271&amp;smart=true&amp;width=350&amp;height=524&amp;quality=85\" alt=\"Los empleados afirmaron que la\" width=\"auto\" height=\"1920\" \/><\/p>\n<div><i><b>Los empleados afirmaron que la empresa intenta sustituir la producci\u00f3n local por insumos importados desde China<\/b><\/i><\/div>\n<div>No se trata de un caso aislado considerando la situaci\u00f3n de la industria textil. Seg\u00fan datos de la Federaci\u00f3n de Industrias Textiles Argentinas (FITA), en septiembre pasado los sectores textil, de la confecci\u00f3n, cuero y calzado registraron 105.000 empleos formales.<\/div>\n<div>De este modo, desde diciembre de 2023, la p\u00e9rdida acumulada super\u00f3 los 16.000 puestos de trabajo.<\/div>\n<div>\u201cEl deterioro del empleo formal en la industria es alarmante. En los \u00faltimos dos a\u00f1os se perdieron m\u00e1s de 60.000 puestos de trabajo. Solo se salva la rama alimentos y bebidas, el resto tiene rojos que llegan hasta el 15% contra noviembre de 2023 (industria textil)\u201d, precis\u00f3 Luis Campos, investigador del Instituto de Estudios y Formaci\u00f3n de la CTA Aut\u00f3noma.<\/div>\n<div>\n<div><\/div>\n<div>A su vez, seg\u00fan el Instituto Nacional de Estad\u00edsticas y Censos (Indec), en noviembre el sector perfor\u00f3 el piso del 30% en la utilizaci\u00f3n de la capacidad instalada, ubic\u00e1ndose en 29,2%, el nivel m\u00e1s bajo de toda la serie y con una profundizaci\u00f3n clara de la ca\u00edda en los \u00faltimos tres meses.<\/div>\n<\/div>\n<div>\n<div><\/div>\n<div>Los cierres de f\u00e1bricas textiles emblem\u00e1ticas reflejan el panorama. Por caso, recientemente se conoci\u00f3 que TN &amp; Platex cerr\u00f3 por tiempo indefinido su planta de Los Guti\u00e9rrez, en la provincia de Tucum\u00e1n. La medida deriv\u00f3 en la suspensi\u00f3n de 190 empleados. Tambi\u00e9n, la empresa determin\u00f3 el cierre de una l\u00ednea de confecci\u00f3n de ropa deportiva en La Rioja.<\/div>\n<p><img decoding=\"async\" id=\"media-2\" class=\"\" src=\"https:\/\/www.infobae.com\/resizer\/v2\/PYPWA7OGKVGBBKIK6756VFCZXM.jpg?auth=fe779321657af895f8099c3a8a4a08b0b267a695c744845ddddbf2782f756523&amp;smart=true&amp;width=350&amp;height=197&amp;quality=85\" alt=\"Recientemente se conoci\u00f3 que TN\" width=\"auto\" height=\"1080\" \/><\/p>\n<div><i><b>Recientemente se conoci\u00f3 que TN &amp; Platex cerr\u00f3 por tiempo indefinido su planta de Los Guti\u00e9rrez, en la provincia de Tucum\u00e1n<\/b><\/i><\/div>\n<\/div>\n<div>\n<div><\/div>\n<div>En tanto, un informe de la C\u00e1mara de la Indumentaria (CIAI) se\u00f1al\u00f3 que las ventas cayeron 9,4% en el \u00faltimo bimestre de 2025 y acumula casi dos a\u00f1os en terreno negativo. Actualmente,7 de cada 10 firmas registran retrocesos.<\/div>\n<\/div>\n<div>\n<div><\/div>\n<div>La disminuci\u00f3n de la demanda sigue siendo el principal obst\u00e1culo de los encuestados por CIAI, aunque su frecuencia en las respuestas de los empresarios relevados por la entidad cay\u00f3 10 puntos porcentuales frente al bimestre previo.<\/div>\n<\/div>\n<div>\n<div><\/div>\n<div>El aumento de los costos se consolid\u00f3 como la segunda preocupaci\u00f3n, en un escenario donde ajustar precios no resulta viable: el 60% de las compa\u00f1\u00edas absorbe la totalidad de los incrementos y solo un 2% consigue trasladarlos por completo, lo que expone la debilidad del consumo. Entre los problemas mencionados en este per\u00edodo tambi\u00e9n figuran los elevados costos financieros.<\/div>\n<div><\/div>\n<\/div>\n","protected":false},"excerpt":{"rendered":"<p>La planta de Parque Chas que produce para las marcas Cocot y Dufour suma dificultades en un contexto negativo para el sector. &nbsp; En un marco de crisis en el sector textil, en medio de la apertura de importaciones desde China y la baja del consumo, otra empresa sum\u00f3 dificultades. La firma Eseka S.A., que [&hellip;]<\/p>\n","protected":false},"author":2,"featured_media":6125,"comment_status":"open","ping_status":"open","sticky":false,"template":"","format":"standard","meta":{"footnotes":""},"categories":[65],"tags":[],"class_list":{"0":"post-6124","1":"post","2":"type-post","3":"status-publish","4":"format-standard","5":"has-post-thumbnail","7":"category-economia"},"_links":{"self":[{"href":"https:\/\/elpueblonoticia.com.ar\/web\/wp-json\/wp\/v2\/posts\/6124","targetHints":{"allow":["GET"]}}],"collection":[{"href":"https:\/\/elpueblonoticia.com.ar\/web\/wp-json\/wp\/v2\/posts"}],"about":[{"href":"https:\/\/elpueblonoticia.com.ar\/web\/wp-json\/wp\/v2\/types\/post"}],"author":[{"embeddable":true,"href":"https:\/\/elpueblonoticia.com.ar\/web\/wp-json\/wp\/v2\/users\/2"}],"replies":[{"embeddable":true,"href":"https:\/\/elpueblonoticia.com.ar\/web\/wp-json\/wp\/v2\/comments?post=6124"}],"version-history":[{"count":1,"href":"https:\/\/elpueblonoticia.com.ar\/web\/wp-json\/wp\/v2\/posts\/6124\/revisions"}],"predecessor-version":[{"id":6126,"href":"https:\/\/elpueblonoticia.com.ar\/web\/wp-json\/wp\/v2\/posts\/6124\/revisions\/6126"}],"wp:featuredmedia":[{"embeddable":true,"href":"https:\/\/elpueblonoticia.com.ar\/web\/wp-json\/wp\/v2\/media\/6125"}],"wp:attachment":[{"href":"https:\/\/elpueblonoticia.com.ar\/web\/wp-json\/wp\/v2\/media?parent=6124"}],"wp:term":[{"taxonomy":"category","embeddable":true,"href":"https:\/\/elpueblonoticia.com.ar\/web\/wp-json\/wp\/v2\/categories?post=6124"},{"taxonomy":"post_tag","embeddable":true,"href":"https:\/\/elpueblonoticia.com.ar\/web\/wp-json\/wp\/v2\/tags?post=6124"}],"curies":[{"name":"wp","href":"https:\/\/api.w.org\/{rel}","templated":true}]}}