{"id":6120,"date":"2026-01-27T09:54:06","date_gmt":"2026-01-27T12:54:06","guid":{"rendered":"https:\/\/elpueblonoticia.com.ar\/web\/?p=6120"},"modified":"2026-01-27T09:54:06","modified_gmt":"2026-01-27T12:54:06","slug":"alal-tenemos-la-esperanza-de-abrir-en-algun-momento-la-industria-las-maquinas-estan-listas","status":"publish","type":"post","link":"https:\/\/elpueblonoticia.com.ar\/web\/2026\/01\/27\/alal-tenemos-la-esperanza-de-abrir-en-algun-momento-la-industria-las-maquinas-estan-listas\/","title":{"rendered":"Alal: \u201ctenemos la esperanza de abrir en algun momento la industria, las m\u00e1quinas est\u00e1n listas\u201d"},"content":{"rendered":"<div class=\"x14z9mp xat24cr x1lziwak x1vvkbs xtlvy1s x126k92a\">\n<div dir=\"auto\">El empresario textil Luis \u201cPinky\u201d Alal le dijo hoy a Agroperfiles que conf\u00eda en que la situaci\u00f3n econ\u00f3mica de se\u00f1ales mas certeras de su rumbo y en el tiempo, tenemos la esperanza de la posibilidad de reabrir la industria cerrada recientemente en Villa Angela(Chaco) como en Goya(Corrientes).<\/div>\n<div dir=\"auto\"><\/div>\n<\/div>\n<div class=\"x14z9mp xat24cr x1lziwak x1vvkbs xtlvy1s x126k92a\">\n<div dir=\"auto\">\u201cLas m\u00e1quinas est\u00e1n listas, son maquinas nuevas y con una alta capacidad de producci\u00f3n\u201d, le dijo a este portal mientras describi\u00f3 los detalles de todo el proceso que los llev\u00f3 a tomar la decisi\u00f3n no deseada de cerrar sus plantas productivas de hilados y telas de las ciudades de Goya (Corrientes) e hilados en Villa Angela (Chaco)<\/div>\n<div dir=\"auto\"><\/div>\n<\/div>\n<div class=\"x14z9mp xat24cr x1lziwak x1vvkbs xtlvy1s x126k92a\">\n<div dir=\"auto\">\u201cY lamentablemente llegamos a esta instancia, donde el contrabando de productos textiles como la apertura indiscriminada de las importaciones, hacen muy dif\u00edcil competir en un esquema de alt\u00edsimos costos que la industria argentina no puede competir\u201d, se\u00f1al\u00f3.<\/div>\n<div dir=\"auto\"><\/div>\n<\/div>\n<div class=\"x14z9mp xat24cr x1lziwak x1vvkbs xtlvy1s x126k92a\">\n<div dir=\"auto\">Agreg\u00f3 que el actual contexto econ\u00f3mico y comercial adverso, sumado a problemas estructurales que afectan la competitividad de la industria nacional, y ha tornado inviable la continuidad de sus operaciones, no avizorando cambios de relevancia para el corto y mediano plazo\u201d.<\/div>\n<div dir=\"auto\"><\/div>\n<\/div>\n<div class=\"x14z9mp xat24cr x1lziwak x1vvkbs xtlvy1s x126k92a\">\n<div dir=\"auto\">\u201cSOMOS ALGODONEROS, SOMOS OPTIMISTAS\u201d<\/div>\n<div dir=\"auto\"><\/div>\n<\/div>\n<div class=\"x14z9mp xat24cr x1lziwak x1vvkbs xtlvy1s x126k92a\">\n<div dir=\"auto\">\u201cSomos como el algod\u00f3n, fuerte, capaz de resistir muchas y en este caso el contexto se\u00f1alado nos empuj\u00f3 a cerrar, pero estamos listos para cuando las condiciones mejoren porque las maquinarias est\u00e1n, los empleados est\u00e1n listos, y esperando estamos el momento oportuno para volver a abrir la industria de hilados y de telas\u201d, le dijo Agroperfiles Alal.<\/div>\n<\/div>\n","protected":false},"excerpt":{"rendered":"<p>El empresario textil Luis \u201cPinky\u201d Alal le dijo hoy a Agroperfiles que conf\u00eda en que la situaci\u00f3n econ\u00f3mica de se\u00f1ales mas certeras de su rumbo y en el tiempo, tenemos la esperanza de la posibilidad de reabrir la industria cerrada recientemente en Villa Angela(Chaco) como en Goya(Corrientes). \u201cLas m\u00e1quinas est\u00e1n listas, son maquinas nuevas y [&hellip;]<\/p>\n","protected":false},"author":2,"featured_media":6121,"comment_status":"open","ping_status":"open","sticky":false,"template":"","format":"standard","meta":{"footnotes":""},"categories":[78],"tags":[],"class_list":{"0":"post-6120","1":"post","2":"type-post","3":"status-publish","4":"format-standard","5":"has-post-thumbnail","7":"category-generales"},"_links":{"self":[{"href":"https:\/\/elpueblonoticia.com.ar\/web\/wp-json\/wp\/v2\/posts\/6120","targetHints":{"allow":["GET"]}}],"collection":[{"href":"https:\/\/elpueblonoticia.com.ar\/web\/wp-json\/wp\/v2\/posts"}],"about":[{"href":"https:\/\/elpueblonoticia.com.ar\/web\/wp-json\/wp\/v2\/types\/post"}],"author":[{"embeddable":true,"href":"https:\/\/elpueblonoticia.com.ar\/web\/wp-json\/wp\/v2\/users\/2"}],"replies":[{"embeddable":true,"href":"https:\/\/elpueblonoticia.com.ar\/web\/wp-json\/wp\/v2\/comments?post=6120"}],"version-history":[{"count":1,"href":"https:\/\/elpueblonoticia.com.ar\/web\/wp-json\/wp\/v2\/posts\/6120\/revisions"}],"predecessor-version":[{"id":6122,"href":"https:\/\/elpueblonoticia.com.ar\/web\/wp-json\/wp\/v2\/posts\/6120\/revisions\/6122"}],"wp:featuredmedia":[{"embeddable":true,"href":"https:\/\/elpueblonoticia.com.ar\/web\/wp-json\/wp\/v2\/media\/6121"}],"wp:attachment":[{"href":"https:\/\/elpueblonoticia.com.ar\/web\/wp-json\/wp\/v2\/media?parent=6120"}],"wp:term":[{"taxonomy":"category","embeddable":true,"href":"https:\/\/elpueblonoticia.com.ar\/web\/wp-json\/wp\/v2\/categories?post=6120"},{"taxonomy":"post_tag","embeddable":true,"href":"https:\/\/elpueblonoticia.com.ar\/web\/wp-json\/wp\/v2\/tags?post=6120"}],"curies":[{"name":"wp","href":"https:\/\/api.w.org\/{rel}","templated":true}]}}