{"id":6110,"date":"2026-01-27T09:07:03","date_gmt":"2026-01-27T12:07:03","guid":{"rendered":"https:\/\/elpueblonoticia.com.ar\/web\/?p=6110"},"modified":"2026-01-27T09:07:03","modified_gmt":"2026-01-27T12:07:03","slug":"baja-de-la-edad-de-imputabilidad-el-oficialismo-anticipa-un-extenso-debate-en-el-congreso","status":"publish","type":"post","link":"https:\/\/elpueblonoticia.com.ar\/web\/2026\/01\/27\/baja-de-la-edad-de-imputabilidad-el-oficialismo-anticipa-un-extenso-debate-en-el-congreso\/","title":{"rendered":"Baja de la edad de imputabilidad: el oficialismo anticipa un extenso debate en el Congreso"},"content":{"rendered":"<div id=\"modalIntrotext\">\n<div>La C\u00e1mara baja se prepara para volver a discutir el proyecto de R\u00e9gimen Penal Juvenil y convocar a un plenario de comisiones. Sin embargo, la expectativa es que en el Senado \u201cno haya una discusi\u00f3n expr\u00e9s\u201d.<\/div>\n<div><\/div>\n<div>\n<div class=\"contenido\">\n<div id=\"modalFulltext\">El Gobierno comunicar\u00e1 en los pr\u00f3ximos d\u00edas al Congreso la ampliaci\u00f3n del temario de sesiones extraordinarias, previstas del 2 al 27 de febrero, e incluir\u00e1 el debate por un nuevo R\u00e9gimen Penal Juvenil. La decisi\u00f3n reactivar\u00e1 en la C\u00e1mara de Diputados la discusi\u00f3n sobre la baja de la edad de imputabilidad de los menores.<\/p>\n<p>De acuerdo a lo que explicaron fuentes del oficialismo consultadas por TN, la expectativa es que el proyecto no se convierta en ley durante las extraordinarias y que el senado no haga un \u201cdebate expr\u00e9s\u201d, por lo que ser\u00e1 una discusi\u00f3n extensa.<\/p>\n<p>La C\u00e1mara baja podr\u00eda retomar el tratamiento de un proyecto enviado por el presidente Javier Milei en 2024, que ya fue debatido en un plenario de cuatro comisiones encabezado por la diputada cordobesa Laura Rodr\u00edguez Machado \u2014Legislaci\u00f3n Penal, Presupuesto y Hacienda, Justicia y Familia y Minoridad\u2014 y que logr\u00f3 un dictamen de mayor\u00eda proponiendo reducir la edad de imputabilidad de 16 a 14 a\u00f1os.<\/p>\n<p>No obstante, el Presidente podr\u00eda decidir retirar esa iniciativa e ingresar un nuevo proyecto. El R\u00e9gimen Penal Juvenil impulsado originalmente por el Poder Ejecutivo planteaba una reducci\u00f3n a\u00fan mayor, al establecer la imputabilidad desde los 13 a\u00f1os.<\/p>\n<p>Rodr\u00edguez Machado, hoy integrante de La Libertad Avanza, explic\u00f3 en di\u00e1logo con TN que \u201chay que conformar dos comisiones, las de Justicia y Familia y Minoridad \u2014las otras dos ya se integraron en diciembre y ser\u00e1n encabezadas por Bertie Benegas Lynch, en Presupuesto, y por m\u00ed en Legislaci\u00f3n Penal\u2014 para luego convocar nuevamente al plenario de comisiones\u201d.<\/p>\n<p>La finalizaci\u00f3n del per\u00edodo parlamentario y la nueva integraci\u00f3n de las c\u00e1maras hicieron que el dictamen de mayor\u00eda perdiera estado parlamentario. Ese dictamen hab\u00eda sido alcanzado tras ocho meses de trabajo, con reuniones con especialistas propuestos por distintos sectores, y hab\u00eda logrado consensuar 12 proyectos presentados por diputados nacionales. Sin embargo, la iniciativa sigue vigente y puede volver a ser tratada.<br \/>\n<b><br \/>\nEl proyecto del Poder Ejecutivo<\/b><\/p>\n<p>En junio de 2024, el gobierno nacional envi\u00f3 al Congreso un proyecto de ley para bajar la edad de imputabilidad a los 13 a\u00f1os. La iniciativa busc\u00f3 priorizar el derecho de las v\u00edctimas y establecer un r\u00e9gimen diferenciado en materia de resocializaci\u00f3n y sanciones penales para los menores en conflicto con la ley.<\/p>\n<p>La Comisi\u00f3n de Legislaci\u00f3n Penal llev\u00f3 adelante el debate en plenario con las dem\u00e1s comisiones, a lo largo de diez reuniones por las que pasaron 30 especialistas. Adem\u00e1s de la pena de prisi\u00f3n, el proyecto prev\u00e9 sanciones alternativas como amonestaci\u00f3n, prohibici\u00f3n de contacto o acercamiento, prohibici\u00f3n de salir del pa\u00eds o del lugar de residencia, prohibici\u00f3n de conducir veh\u00edculos, monitoreo electr\u00f3nico y prestaci\u00f3n de servicios a la comunidad.<\/p>\n<p>Estas medidas podr\u00edan aplicarse siempre que las penas no superen los seis a\u00f1os, no haya resultado de muerte de la v\u00edctima ni antecedentes de procesamientos firmes, y previo dictamen de una junta interdisciplinaria.<\/p>\n<p>Entre las iniciativas consensuadas se encuentra el proyecto presentado por la exdiputada Marcela Campagnoli. En di\u00e1logo con este medio, se\u00f1al\u00f3 que \u201cnosotros trabajamos un proyecto integral desde la Coalici\u00f3n C\u00edvica, que no solo atiende la baja de la edad de imputabilidad, sino tambi\u00e9n un sistema de resocializaci\u00f3n del menor, con institutos adecuados y distintas formas de integraci\u00f3n seg\u00fan los delitos cometidos. La baja de imputabilidad por s\u00ed sola no soluciona nada: habr\u00e1 delincuentes de menor edad. En cambio, una propuesta integral que permita la resocializaci\u00f3n del menor, lo obligue a terminar sus estudios secundarios y controle su salud puede ayudar\u201d.<\/p>\n<p>Campagnoli agreg\u00f3 que \u201choy rige un sistema tutelar para menores de 16 a 18 a\u00f1os, creado en 1980, donde todo queda a criterio discrecional del juez, sin garant\u00edas procesales para el menor, que un adulto s\u00ed tiene. Es lamentable que la primera respuesta de un Estado, muchas veces ausente, hacia un menor sea la penal. Por eso es necesaria una propuesta integral, que ponga el foco en la sanci\u00f3n, pero tambi\u00e9n en la reinserci\u00f3n social\u201d.<\/p>\n<p>La exdiputada, que integr\u00f3 la Comisi\u00f3n de Legislaci\u00f3n Penal, tambi\u00e9n advirti\u00f3 que en pa\u00edses de la regi\u00f3n como Brasil y Chile la edad de imputabilidad es m\u00e1s baja, lo que llev\u00f3 a algunos a sostener que una reforma similar en Argentina podr\u00eda disuadir la delincuencia juvenil. Sin embargo, remarc\u00f3 que una simple modificaci\u00f3n legal, sin un abordaje integral del tratamiento de los menores, podr\u00eda tener consecuencias negativas e irreversibles tanto para ellos como para la sociedad.<\/p>\n<p><b>El nuevo impulso del debate<br \/>\n<\/b><br \/>\nEn los \u00faltimos d\u00edas, el presidente de la C\u00e1mara de Diputados, Mart\u00edn Menem, volvi\u00f3 a instalar el tema en la agenda p\u00fablica. \u201cLos argentinos nos dieron un mandato claro: enfrentar los temas de fondo con decisi\u00f3n. En 2026 vamos a avanzar con la baja de la edad de imputabilidad en la reforma del C\u00f3digo Penal. No hay medias tintas: el que las hace las paga. Tenemos clara nuestra posici\u00f3n\u201d, public\u00f3 en redes sociales.<\/p>\n<p>Menem hizo referencia al asesinato de Jerem\u00edas Monz\u00f3n, un adolescente de 15 a\u00f1os, ocurrido en Santa Fe en diciembre pasado, cuyo crimen fue cometido y filmado por j\u00f3venes de 14, 15 y 16 a\u00f1os. En la misma l\u00ednea, la senadora libertaria Patricia Bullrich anunci\u00f3 que, a ra\u00edz de ese caso, se abrir\u00eda durante 2026 la discusi\u00f3n sobre la baja de la edad de imputabilidad.<\/p>\n<p>Un antecedente similar se dio en 2025, tras el crimen de Kim G\u00f3mez, una ni\u00f1a de 7 a\u00f1os que muri\u00f3 durante un violento robo en La Plata en el que participaron dos menores de 14 y 17 a\u00f1os.<\/p><\/div>\n<div>\n<div id=\"117986-4\"><\/div>\n<div id=\"117986-6\"><\/div>\n<div id=\"117986-3\"><\/div>\n<\/div>\n<\/div>\n<div class=\"modalRedes\"><\/div>\n<\/div>\n<\/div>\n","protected":false},"excerpt":{"rendered":"<p>La C\u00e1mara baja se prepara para volver a discutir el proyecto de R\u00e9gimen Penal Juvenil y convocar a un plenario de comisiones. Sin embargo, la expectativa es que en el Senado \u201cno haya una discusi\u00f3n expr\u00e9s\u201d. El Gobierno comunicar\u00e1 en los pr\u00f3ximos d\u00edas al Congreso la ampliaci\u00f3n del temario de sesiones extraordinarias, previstas del 2 [&hellip;]<\/p>\n","protected":false},"author":2,"featured_media":6113,"comment_status":"open","ping_status":"open","sticky":false,"template":"","format":"standard","meta":{"footnotes":""},"categories":[64],"tags":[],"class_list":{"0":"post-6110","1":"post","2":"type-post","3":"status-publish","4":"format-standard","5":"has-post-thumbnail","7":"category-nacionales"},"_links":{"self":[{"href":"https:\/\/elpueblonoticia.com.ar\/web\/wp-json\/wp\/v2\/posts\/6110","targetHints":{"allow":["GET"]}}],"collection":[{"href":"https:\/\/elpueblonoticia.com.ar\/web\/wp-json\/wp\/v2\/posts"}],"about":[{"href":"https:\/\/elpueblonoticia.com.ar\/web\/wp-json\/wp\/v2\/types\/post"}],"author":[{"embeddable":true,"href":"https:\/\/elpueblonoticia.com.ar\/web\/wp-json\/wp\/v2\/users\/2"}],"replies":[{"embeddable":true,"href":"https:\/\/elpueblonoticia.com.ar\/web\/wp-json\/wp\/v2\/comments?post=6110"}],"version-history":[{"count":1,"href":"https:\/\/elpueblonoticia.com.ar\/web\/wp-json\/wp\/v2\/posts\/6110\/revisions"}],"predecessor-version":[{"id":6114,"href":"https:\/\/elpueblonoticia.com.ar\/web\/wp-json\/wp\/v2\/posts\/6110\/revisions\/6114"}],"wp:featuredmedia":[{"embeddable":true,"href":"https:\/\/elpueblonoticia.com.ar\/web\/wp-json\/wp\/v2\/media\/6113"}],"wp:attachment":[{"href":"https:\/\/elpueblonoticia.com.ar\/web\/wp-json\/wp\/v2\/media?parent=6110"}],"wp:term":[{"taxonomy":"category","embeddable":true,"href":"https:\/\/elpueblonoticia.com.ar\/web\/wp-json\/wp\/v2\/categories?post=6110"},{"taxonomy":"post_tag","embeddable":true,"href":"https:\/\/elpueblonoticia.com.ar\/web\/wp-json\/wp\/v2\/tags?post=6110"}],"curies":[{"name":"wp","href":"https:\/\/api.w.org\/{rel}","templated":true}]}}