{"id":6106,"date":"2026-01-27T08:45:41","date_gmt":"2026-01-27T11:45:41","guid":{"rendered":"https:\/\/elpueblonoticia.com.ar\/web\/?p=6106"},"modified":"2026-01-27T08:48:29","modified_gmt":"2026-01-27T11:48:29","slug":"muro-atmosferico-que-es-el-fenomeno-meteorologico-que-impulsa-las-altas-temperaturas-en-todo-el-pais","status":"publish","type":"post","link":"https:\/\/elpueblonoticia.com.ar\/web\/2026\/01\/27\/muro-atmosferico-que-es-el-fenomeno-meteorologico-que-impulsa-las-altas-temperaturas-en-todo-el-pais\/","title":{"rendered":"Muro atmosf\u00e9rico: qu\u00e9 es el fen\u00f3meno meteorol\u00f3gico que impulsa las altas temperaturas en todo el pa\u00eds"},"content":{"rendered":"<div id=\"modalIntrotext\">\n<div><img decoding=\"async\" src=\"https:\/\/www.powernoticias.com\/images\/202601262130267379\" \/><\/div>\n<div>Un bloqueo en la atm\u00f3sfera impide la llegada de aire fresco en gran parte de Argentina. Cu\u00e1ndo llegar\u00e1 el alivio, seg\u00fan el Servicio Meteorol\u00f3gico Nacional.<\/div>\n<div><\/div>\n<div>\n<div class=\"contenido\">\n<div id=\"modalFulltext\">\n<p>Un bloqueo atmosf\u00e9rico es la explicaci\u00f3n de las jornadas de calor extremo que afecta a gran parte del pa\u00eds, con temperaturas r\u00e9cord y millones de personas expuestas a valores inusuales del term\u00f3metro.<\/p>\n<p>Este sistema, detallado por especialistas, funciona como un verdadero \u201cmuro atmosf\u00e9rico\u201d, que impide la llegada de aire fresco y retiene el calor sobre el centro, noroeste y parte del sur del territorio.<\/p>\n<p>El Servicio Meteorol\u00f3gico Nacional (SMN) mantiene alertas vigentes ante la persistencia del episodio, que continuar\u00e1 al menos hasta mediados de la semana.<\/p>\n<p>El bloqueo atmosf\u00e9rico, tambi\u00e9n llamado \u201cmuro atmosf\u00e9rico\u201d, se produce cuando un sistema de alta presi\u00f3n \u2014denominado anticicl\u00f3n\u2014 permanece casi inm\u00f3vil varios d\u00edas y detiene la circulaci\u00f3n normal del aire.<\/p>\n<p>Seg\u00fan los especialistas, el fen\u00f3meno genera viento norte constante durante varios d\u00edas, que trae aire c\u00e1lido y no permite el ingreso de frentes<\/p>\n<p>La circulaci\u00f3n bloqueada impide el avance de masas de aire fr\u00edo desde la Patagonia hacia el norte, manteniendo las temperaturas elevadas y prolongando el calor durante extensos periodos. Este mecanismo se potencia con la subsidencia: un descenso de aire desde las capas superiores de la atm\u00f3sfera.<\/p>\n<p><b>C\u00f3mo el aire descendente aumenta el calor<\/b><\/p>\n<p>La meteor\u00f3loga Cindy Fern\u00e1ndez explic\u00f3 que \u201ccuando el aire desciende, se comprime por el aumento de la presi\u00f3n y se calienta. Es un proceso f\u00edsico conocido como calentamiento adiab\u00e1tico, que eleva a\u00fan m\u00e1s la temperatura de una masa de aire que ya es c\u00e1lida\u201d.<\/p>\n<p>Esta din\u00e1mica dificulta la formaci\u00f3n de nubes, exponiendo la superficie a la radiaci\u00f3n solar directa durante largas horas y potenciando el aumento t\u00e9rmico.<\/p>\n<p>El anticicl\u00f3n tambi\u00e9n favorece la llegada persistente de viento del norte, que transporta aire c\u00e1lido desde zonas tropicales y refuerza el efecto bloqueador. Este flujo constante impide la llegada de frentes fr\u00edos desde el sur, por lo que el calor no recibe alivios significativos. \u201cLa circulaci\u00f3n queda bloqueada: no entra aire m\u00e1s fresco y el calor se va acumulando d\u00eda tras d\u00eda\u201d.<\/p>\n<p>Fern\u00e1ndez adelant\u00f3 a Infobae que a partir de ma\u00f1ana martes, el bloqueo atmosf\u00e9rico ser\u00e1 apenas perceptible en el este del pa\u00eds, favoreciendo mayor nubosidad e inestabilidad.<\/p>\n<p>El cambio principal se dar\u00e1 cuando el viento deje de soplar desde el norte y pase a hacerlo desde el este, lo que permitir\u00e1 una baja paulatina de las temperaturas y abrir\u00e1 el camino hacia una etapa m\u00e1s templada para vastas zonas del pa\u00eds.<\/p>\n<p><b>Calor seco, luego calor h\u00famedo<\/b><\/p>\n<p>Actualmente, se observan m\u00e1ximas superiores a 35\u2103 en regiones de Cuyo, Catamarca, La Rioja, La Pampa, el norte de C\u00f3rdoba, el Litoral y \u00e1reas del Chaco. Un rasgo destacado es el cambio progresivo de la sensaci\u00f3n t\u00e9rmica: primero calor seco, luego calor h\u00famedo.<\/p>\n<p>Durante la primera etapa del evento, el calor es seco, con bajos niveles de humedad, lo que puede enga\u00f1ar respecto al riesgo. Ese tipo de calor puede resultar menos agobiante al principio, pero es enga\u00f1oso: el cuerpo pierde l\u00edquidos y sales m\u00e1s r\u00e1pido y muchas veces la se\u00f1al de sed aparece tarde, cuando ya hay un compromiso f\u00edsico, advirtieren los especialistas.<\/p>\n<p>La r\u00e1pida evaporaci\u00f3n de la transpiraci\u00f3n dificulta detectar la deshidrataci\u00f3n en las personas, lo que puede agravar el agotamiento t\u00e9rmico. A medida que el anticicl\u00f3n se desplaza hacia el este, la humedad del aire aumenta y crece la sensaci\u00f3n t\u00e9rmica, dando lugar a las llamadas noches tropicales: temperaturas m\u00ednimas superiores a 24\u2103 o 25\u2103, que dificultan el enfriamiento de viviendas y edificios.<\/p>\n<p><b>Hay alerta por calor extremo: cu\u00e1ndo llegar\u00e1 el alivio<br \/>\n<\/b><br \/>\nEl Servicio Meteorol\u00f3gico Nacional mantiene un extenso sistema de alerta meteorol\u00f3gica, con niveles amarillo y naranja en provincias como Buenos Aires, C\u00f3rdoba, Santa Fe, Entre R\u00edos, Corrientes, Misiones, sudeste de Santiago del Estero, este de Chaco y este de San Luis.<\/p>\n<p>Estas advertencias alcanzan a grupos de riesgo \u2014beb\u00e9s y adultos mayores\u2014 y a la poblaci\u00f3n general, ya que la exposici\u00f3n sostenida puede provocar agotamiento t\u00e9rmico y otros problemas de salud, incluso en personas sanas.<\/p>\n<p>Los pron\u00f3sticos indican que el bloqueo atmosf\u00e9rico comenzar\u00e1 a debilitarse lentamente entre el martes y el mi\u00e9rcoles. Seg\u00fan el SMN, el alivio llegar\u00eda con la llegada de un frente fr\u00edo d\u00e9bil que traer\u00eda tormentas aisladas y una reducci\u00f3n moderada de las temperaturas, aunque no se prev\u00e9 un cambio radical en la masa de aire.<\/p>\n<\/div>\n<div>\n<div id=\"117986-4\"><\/div>\n<div id=\"117986-6\"><\/div>\n<div id=\"117986-3\"><\/div>\n<\/div>\n<\/div>\n<div class=\"modalRedes\"><\/div>\n<\/div>\n<\/div>\n","protected":false},"excerpt":{"rendered":"<p>Un bloqueo en la atm\u00f3sfera impide la llegada de aire fresco en gran parte de Argentina. Cu\u00e1ndo llegar\u00e1 el alivio, seg\u00fan el Servicio Meteorol\u00f3gico Nacional. Un bloqueo atmosf\u00e9rico es la explicaci\u00f3n de las jornadas de calor extremo que afecta a gran parte del pa\u00eds, con temperaturas r\u00e9cord y millones de personas expuestas a valores inusuales [&hellip;]<\/p>\n","protected":false},"author":2,"featured_media":6111,"comment_status":"open","ping_status":"open","sticky":false,"template":"","format":"standard","meta":{"footnotes":""},"categories":[78],"tags":[],"class_list":{"0":"post-6106","1":"post","2":"type-post","3":"status-publish","4":"format-standard","5":"has-post-thumbnail","7":"category-generales"},"_links":{"self":[{"href":"https:\/\/elpueblonoticia.com.ar\/web\/wp-json\/wp\/v2\/posts\/6106","targetHints":{"allow":["GET"]}}],"collection":[{"href":"https:\/\/elpueblonoticia.com.ar\/web\/wp-json\/wp\/v2\/posts"}],"about":[{"href":"https:\/\/elpueblonoticia.com.ar\/web\/wp-json\/wp\/v2\/types\/post"}],"author":[{"embeddable":true,"href":"https:\/\/elpueblonoticia.com.ar\/web\/wp-json\/wp\/v2\/users\/2"}],"replies":[{"embeddable":true,"href":"https:\/\/elpueblonoticia.com.ar\/web\/wp-json\/wp\/v2\/comments?post=6106"}],"version-history":[{"count":2,"href":"https:\/\/elpueblonoticia.com.ar\/web\/wp-json\/wp\/v2\/posts\/6106\/revisions"}],"predecessor-version":[{"id":6112,"href":"https:\/\/elpueblonoticia.com.ar\/web\/wp-json\/wp\/v2\/posts\/6106\/revisions\/6112"}],"wp:featuredmedia":[{"embeddable":true,"href":"https:\/\/elpueblonoticia.com.ar\/web\/wp-json\/wp\/v2\/media\/6111"}],"wp:attachment":[{"href":"https:\/\/elpueblonoticia.com.ar\/web\/wp-json\/wp\/v2\/media?parent=6106"}],"wp:term":[{"taxonomy":"category","embeddable":true,"href":"https:\/\/elpueblonoticia.com.ar\/web\/wp-json\/wp\/v2\/categories?post=6106"},{"taxonomy":"post_tag","embeddable":true,"href":"https:\/\/elpueblonoticia.com.ar\/web\/wp-json\/wp\/v2\/tags?post=6106"}],"curies":[{"name":"wp","href":"https:\/\/api.w.org\/{rel}","templated":true}]}}